{"id":43292,"date":"2021-02-17T18:39:36","date_gmt":"2021-02-17T18:39:36","guid":{"rendered":"https:\/\/jorgezanoni.com.br\/2019\/?p=43292"},"modified":"2021-02-17T18:39:36","modified_gmt":"2021-02-17T18:39:36","slug":"igreja-matriz-nossa-senhora-aparecida-de-dracena-suspende-atividades-presenciais","status":"publish","type":"post","link":"https:\/\/jorgezanoni.com.br\/2019\/igreja-matriz-nossa-senhora-aparecida-de-dracena-suspende-atividades-presenciais\/","title":{"rendered":"Igreja Matriz Nossa Senhora Aparecida de Dracena suspende atividades presenciais"},"content":{"rendered":"<div class=\"o9v6fnle cxmmr5t8 oygrvhab hcukyx3x c1et5uql ii04i59q\">\n<div dir=\"auto\" style=\"text-align: justify;\"><strong>COMUNICADO<\/strong><\/div>\n<div dir=\"auto\"><\/div>\n<\/div>\n<div class=\"o9v6fnle cxmmr5t8 oygrvhab hcukyx3x c1et5uql ii04i59q\" style=\"text-align: justify;\">\n<div dir=\"auto\"><strong>\u201cCristo \u00e9 a nossa paz: do que era dividido, fez uma unidade.\u201d (Ef 2,14)<\/strong> <span class=\"pq6dq46d tbxw36s4 knj5qynh kvgmc6g5 ditlmg2l oygrvhab nvdbi5me sf5mxxl7 gl3lb2sf hhz5lgdu\"><img loading=\"lazy\" decoding=\"async\" src=\"https:\/\/static.xx.fbcdn.net\/images\/emoji.php\/v9\/t7c\/1\/16\/1f64f_1f3fc.png\" alt=\"\ud83d\ude4f\ud83c\udffc\" width=\"16\" height=\"16\" \/><\/span><\/div>\n<\/div>\n<div class=\"o9v6fnle cxmmr5t8 oygrvhab hcukyx3x c1et5uql ii04i59q\" style=\"text-align: justify;\">\n<div dir=\"auto\">Queridos irm\u00e3os e irm\u00e3s, paz e bem!<\/div>\n<\/div>\n<div class=\"o9v6fnle cxmmr5t8 oygrvhab hcukyx3x c1et5uql ii04i59q\" style=\"text-align: justify;\">\n<div dir=\"auto\">Em reuni\u00e3o do Senhor Prefeito com as lideran\u00e7as religiosas de nosso munic\u00edpio foi mostrado a grave situa\u00e7\u00e3o de nossa cidade diante do COVID-19, como o dr\u00e1stico aumento de casos, mortes e a falta de leitos na enfermaria e UTI, devido a superlota\u00e7\u00e3o.<\/div>\n<\/div>\n<div class=\"o9v6fnle cxmmr5t8 oygrvhab hcukyx3x c1et5uql ii04i59q\" style=\"text-align: justify;\">\n<div dir=\"auto\">Como forma de conter a dissemina\u00e7\u00e3o do v\u00edrus e maior conscientiza\u00e7\u00e3o de toda a popula\u00e7\u00e3o, foi feito um pedido por parte do Sr. Prefeito Andr\u00e9 Lemos que as igrejas suspendessem suas atividades por um per\u00edodo de 10 dias, evitando dessa forma aglomera\u00e7\u00f5es.<\/div>\n<\/div>\n<div class=\"o9v6fnle cxmmr5t8 oygrvhab hcukyx3x c1et5uql ii04i59q\" style=\"text-align: justify;\">\n<div dir=\"auto\">N\u00f3s, da Par\u00f3quia Nossa Senhora Aparecida de Dracena, em colabora\u00e7\u00e3o ao pedido do Sr. Prefeito Andr\u00e9 Lemos e em unidade com as demais igrejas presentes em nossa cidade, estamos SUSPENDENDO AS ATIVIDADES RELIGIOSAS A PARTIR DO DIA 18 DE FEVEREIRO AT\u00c9 O DIA 02 DE MAR\u00c7O.<\/div>\n<\/div>\n<div class=\"o9v6fnle cxmmr5t8 oygrvhab hcukyx3x c1et5uql ii04i59q\" style=\"text-align: justify;\">\n<div dir=\"auto\">Pedimos que permane\u00e7amos todos em ora\u00e7\u00e3o por nossa cidade e por todo o mundo e, aproveitando o tempo lit\u00fargico oportuno, a quaresma, intensifiquemos os jejuns e as ora\u00e7\u00f5es por toda a situa\u00e7\u00e3o que estamos passando, pela Santa Igreja e pela convers\u00e3o dos pecadores.<\/div>\n<\/div>\n<div class=\"o9v6fnle cxmmr5t8 oygrvhab hcukyx3x c1et5uql ii04i59q\">\n<div dir=\"auto\" style=\"text-align: justify;\">Frei Airton Carlos Grigoleto<\/div>\n<div dir=\"auto\" style=\"text-align: justify;\">P\u00e1roco da Par\u00f3quia Nossa Senhora Aparecida de Dracena-SP<\/div>\n<\/div>\n","protected":false},"excerpt":{"rendered":"<p>COMUNICADO \u201cCristo \u00e9 a nossa paz: do que era dividido, fez uma unidade.\u201d (Ef 2,14) Queridos irm\u00e3os e irm\u00e3s, paz e bem! Em reuni\u00e3o do Senhor Prefeito com as lideran\u00e7as religiosas de nosso munic\u00edpio foi mostrado a grave situa\u00e7\u00e3o de nossa cidade diante do COVID-19, como o dr\u00e1stico aumento de casos, mortes e a falta [&hellip;]<\/p>\n","protected":false},"author":1,"featured_media":43293,"comment_status":"closed","ping_status":"open","sticky":false,"template":"","format":"standard","meta":{"footnotes":""},"categories":[110,118],"tags":[],"class_list":["post-43292","post","type-post","status-publish","format-standard","has-post-thumbnail","hentry","category-noticiasdestaque","category-religiaoesolidariedade"],"_links":{"self":[{"href":"https:\/\/jorgezanoni.com.br\/2019\/wp-json\/wp\/v2\/posts\/43292","targetHints":{"allow":["GET"]}}],"collection":[{"href":"https:\/\/jorgezanoni.com.br\/2019\/wp-json\/wp\/v2\/posts"}],"about":[{"href":"https:\/\/jorgezanoni.com.br\/2019\/wp-json\/wp\/v2\/types\/post"}],"author":[{"embeddable":true,"href":"https:\/\/jorgezanoni.com.br\/2019\/wp-json\/wp\/v2\/users\/1"}],"replies":[{"embeddable":true,"href":"https:\/\/jorgezanoni.com.br\/2019\/wp-json\/wp\/v2\/comments?post=43292"}],"version-history":[{"count":0,"href":"https:\/\/jorgezanoni.com.br\/2019\/wp-json\/wp\/v2\/posts\/43292\/revisions"}],"wp:featuredmedia":[{"embeddable":true,"href":"https:\/\/jorgezanoni.com.br\/2019\/wp-json\/wp\/v2\/media\/43293"}],"wp:attachment":[{"href":"https:\/\/jorgezanoni.com.br\/2019\/wp-json\/wp\/v2\/media?parent=43292"}],"wp:term":[{"taxonomy":"category","embeddable":true,"href":"https:\/\/jorgezanoni.com.br\/2019\/wp-json\/wp\/v2\/categories?post=43292"},{"taxonomy":"post_tag","embeddable":true,"href":"https:\/\/jorgezanoni.com.br\/2019\/wp-json\/wp\/v2\/tags?post=43292"}],"curies":[{"name":"wp","href":"https:\/\/api.w.org\/{rel}","templated":true}]}}