{"id":43271,"date":"2021-02-17T15:35:37","date_gmt":"2021-02-17T15:35:37","guid":{"rendered":"https:\/\/jorgezanoni.com.br\/2019\/?p=43271"},"modified":"2021-02-17T15:35:37","modified_gmt":"2021-02-17T15:35:37","slug":"ex-moradora-de-dracena-maria-suely-pereira-de-souza-ex-primeira-dama-de-bataypora-morre-aos-65-anos","status":"publish","type":"post","link":"https:\/\/jorgezanoni.com.br\/2019\/ex-moradora-de-dracena-maria-suely-pereira-de-souza-ex-primeira-dama-de-bataypora-morre-aos-65-anos\/","title":{"rendered":"Ex-moradora de Dracena, Maria Suely Pereira de Souza, ex-primeira-dama de Bataypor\u00e3, morre aos 65 anos"},"content":{"rendered":"<p style=\"text-align: justify;\"><strong>Dona Suely, como era conhecida, teve a complica\u00e7\u00f5es atribu\u00eddas \u00e0 Covid-19.<\/strong><\/p>\n<p style=\"text-align: justify;\">A ex-primeira-dama de Bataypor\u00e3, professora Maria Suely Pereira de Souza, de 65 anos, faleceu na tarde desta ter\u00e7a-feira (16), em Campo Grande, devido a complica\u00e7\u00f5es causadas pela Covid-19. Ela \u00e9 esposa do ex-prefeito e ex-deputado estadual, o m\u00e9dico Jerc\u00e9 Euz\u00e9bio de Souza.<\/p>\n<p style=\"text-align: justify;\">Tanto Suely quando Jerc\u00e9 foram diagnosticados com Covid-19 no come\u00e7o de janeiro e iniciaram tratamento em casa, em Bataypor\u00e3. Posteriormente, eles foram hospitalizados em Nova Andradina e, na sequ\u00eancia, transferidos para Campo Grande.<\/p>\n<p style=\"text-align: justify;\"><span class=\"cb-justified-justify\">Jerc\u00e9 teve melhora e recebeu alta m\u00e9dica nos \u00faltimos dias, prosseguindo com sua recupera\u00e7\u00e3o em um apartamento em Campo Grande, por\u00e9m, Suely, teve complica\u00e7\u00f5es pulmonares.\u00a0Ela foi para a Unidade de Terapia Intensiva (UTI), por\u00e9m, seu quadro se agravou e ela acabou falecendo na tarde desta ter\u00e7a-feira (16).<\/span><\/p>\n<p style=\"text-align: justify;\"><span class=\"cb-justified-justify\">Dona Suely, como era carinhosamente conhecida, chegou a Bataypor\u00e3 vinda de Dracena (SP) para trabalhar como professora nos anos 70 e, posteriormente, se casou com Dr. Jerc\u00e9. Na condi\u00e7\u00e3o de primeira-dama, entre 1988 e 1992 e 2001 e 2008, atuou na Secretaria de Assist\u00eancia Social.<\/span><\/p>\n<p style=\"text-align: justify;\"><span class=\"cb-justified-justify\">Perfeccionista e sempre com olhar voltado aos menos favorecidos, ela foi respons\u00e1vel por desenvolver projetos que ajudaram na forma\u00e7\u00e3o de crian\u00e7as, jovens e adultos.<\/span><\/p>\n<p style=\"text-align: justify;\"><span class=\"cb-justified-justify\">Os idosos eram outro grupo para o qual Dona Suely tinha um olhar especial. Foi sob seu comando que foram criados em Bataypor\u00e3 o Lar Santo Ant\u00f4nio (asilo) e o Centro de Conviv\u00eancia do Idoso (CCI).<\/span><\/p>\n<p style=\"text-align: justify;\"><span class=\"cb-justified-justify\">A Escola de Educa\u00e7\u00e3o Especial Luz do Amanh\u00e3, mantida pela Associa\u00e7\u00e3o de Pais e Amigos dos Excepcionais (APAE), \u00e9 outra institui\u00e7\u00e3o que contou com a colabora\u00e7\u00e3o primordial da ex-primeira-dama.<\/span><\/p>\n<p style=\"text-align: justify;\" data-fetch=\"true\"><span class=\"cb-justified-justify\">Maria Suely Pereira de Souza deixa o esposo; Dr. Jerc\u00e9; tr\u00eas filhos, sendo eles os m\u00e9dicos Andr\u00e9 e Isabella e a advogada Priscila; e tr\u00eas netos.<\/span><\/p>\n<p style=\"text-align: justify;\" data-fetch=\"true\">O vel\u00f3rio acontece na C\u00e2mara Municipal de Bataypor\u00e3 e o sepultamento est\u00e1 programado para \u00e0s 11h30 desta quarta-feira (17).<\/p>\n<h1 class=\"cb-title\" style=\"text-align: justify;\"><strong>Prefeitura de Bataypor\u00e3 decreta luto oficial de tr\u00eas dias ap\u00f3s falecimento de ex-primeira dama.<\/strong><\/h1>\n<p style=\"text-align: justify;\">A Prefeitura Municipal de Bataypor\u00e3 decretou luto oficial de tr\u00eas dias e manifestou condol\u00eancias \u00e0 fam\u00edlia e aos amigos de Maria Suely Pereira de Souza, esposa do ex-prefeito Jerc\u00e9 Eus\u00e9bio de Souza, que faleceu nesta ter\u00e7a-feira (16).<\/p>\n<p style=\"text-align: justify;\">Fonte: https:\/\/www.novanews.com.br\/<\/p>\n","protected":false},"excerpt":{"rendered":"<p>Dona Suely, como era conhecida, teve a complica\u00e7\u00f5es atribu\u00eddas \u00e0 Covid-19. A ex-primeira-dama de Bataypor\u00e3, professora Maria Suely Pereira de Souza, de 65 anos, faleceu na tarde desta ter\u00e7a-feira (16), em Campo Grande, devido a complica\u00e7\u00f5es causadas pela Covid-19. Ela \u00e9 esposa do ex-prefeito e ex-deputado estadual, o m\u00e9dico Jerc\u00e9 Euz\u00e9bio de Souza. Tanto Suely [&hellip;]<\/p>\n","protected":false},"author":1,"featured_media":43272,"comment_status":"closed","ping_status":"open","sticky":false,"template":"","format":"standard","meta":{"footnotes":""},"categories":[178,110],"tags":[],"class_list":["post-43271","post","type-post","status-publish","format-standard","has-post-thumbnail","hentry","category-notadefalecimento","category-noticiasdestaque"],"_links":{"self":[{"href":"https:\/\/jorgezanoni.com.br\/2019\/wp-json\/wp\/v2\/posts\/43271","targetHints":{"allow":["GET"]}}],"collection":[{"href":"https:\/\/jorgezanoni.com.br\/2019\/wp-json\/wp\/v2\/posts"}],"about":[{"href":"https:\/\/jorgezanoni.com.br\/2019\/wp-json\/wp\/v2\/types\/post"}],"author":[{"embeddable":true,"href":"https:\/\/jorgezanoni.com.br\/2019\/wp-json\/wp\/v2\/users\/1"}],"replies":[{"embeddable":true,"href":"https:\/\/jorgezanoni.com.br\/2019\/wp-json\/wp\/v2\/comments?post=43271"}],"version-history":[{"count":0,"href":"https:\/\/jorgezanoni.com.br\/2019\/wp-json\/wp\/v2\/posts\/43271\/revisions"}],"wp:featuredmedia":[{"embeddable":true,"href":"https:\/\/jorgezanoni.com.br\/2019\/wp-json\/wp\/v2\/media\/43272"}],"wp:attachment":[{"href":"https:\/\/jorgezanoni.com.br\/2019\/wp-json\/wp\/v2\/media?parent=43271"}],"wp:term":[{"taxonomy":"category","embeddable":true,"href":"https:\/\/jorgezanoni.com.br\/2019\/wp-json\/wp\/v2\/categories?post=43271"},{"taxonomy":"post_tag","embeddable":true,"href":"https:\/\/jorgezanoni.com.br\/2019\/wp-json\/wp\/v2\/tags?post=43271"}],"curies":[{"name":"wp","href":"https:\/\/api.w.org\/{rel}","templated":true}]}}