{"id":43268,"date":"2021-02-17T15:07:47","date_gmt":"2021-02-17T15:07:47","guid":{"rendered":"https:\/\/jorgezanoni.com.br\/2019\/?p=43268"},"modified":"2021-02-17T15:07:47","modified_gmt":"2021-02-17T15:07:47","slug":"policia-militar-prende-homem-e-apreende-menor-por-trafico-de-drogas-em-dracena-2","status":"publish","type":"post","link":"https:\/\/jorgezanoni.com.br\/2019\/policia-militar-prende-homem-e-apreende-menor-por-trafico-de-drogas-em-dracena-2\/","title":{"rendered":"Pol\u00edcia Militar prende homem e apreende menor por Tr\u00e1fico de Drogas em Dracena"},"content":{"rendered":"<p style=\"text-align: justify;\">Na data de ontem (16) por volta das 23h25min a equipe da Pol\u00edcia Militar em patrulhamento pelo munic\u00edpio de Dracena recebeu informa\u00e7\u00e3o de que dois indiv\u00edduos que estariam em um ve\u00edculo de aplicativo e que haviam comprado entorpecente pelo munic\u00edpio e estariam se deslocando para Adamantina. O ve\u00edculo foi localizado pela rodovia Cmt Jo\u00e3o Ribeiro de Barros Km 637, realizado a abordagem e durante busca pessoal foi localizado com o indiciado (19 anos) uma por\u00e7\u00e3o maior e outras menores de maconha, totalizando 439 gramas, sendo que o mesmo informou ter comprado o entorpecente para comercializa\u00e7\u00e3o em Adamantina, fato confirmado pelo sindicado (17 anos) que tamb\u00e9m era ocupante do ve\u00edculo, que inclusive participou do momento da compra. Foi dado voz de pris\u00e3o e apreens\u00e3o, permanecendo ambos presos \u00e0 disposi\u00e7\u00e3o da Justi\u00e7a.<\/p>\n<p style=\"text-align: justify;\">#25BPMI<br \/>\n#POLICIAMILITARSP<br \/>\n#AFOR\u00c7APUBLICADES\u00c3OPAULO<br \/>\nCOMUNICA\u00c7\u00c3O SOCIAL DO 25\u00ba BPM\/I e regi\u00e3o<\/p>\n","protected":false},"excerpt":{"rendered":"<p>Na data de ontem (16) por volta das 23h25min a equipe da Pol\u00edcia Militar em patrulhamento pelo munic\u00edpio de Dracena recebeu informa\u00e7\u00e3o de que dois indiv\u00edduos que estariam em um ve\u00edculo de aplicativo e que haviam comprado entorpecente pelo munic\u00edpio e estariam se deslocando para Adamantina. O ve\u00edculo foi localizado pela rodovia Cmt Jo\u00e3o Ribeiro [&hellip;]<\/p>\n","protected":false},"author":1,"featured_media":43269,"comment_status":"closed","ping_status":"open","sticky":false,"template":"","format":"standard","meta":{"footnotes":""},"categories":[110,2],"tags":[],"class_list":["post-43268","post","type-post","status-publish","format-standard","has-post-thumbnail","hentry","category-noticiasdestaque","category-policial"],"_links":{"self":[{"href":"https:\/\/jorgezanoni.com.br\/2019\/wp-json\/wp\/v2\/posts\/43268","targetHints":{"allow":["GET"]}}],"collection":[{"href":"https:\/\/jorgezanoni.com.br\/2019\/wp-json\/wp\/v2\/posts"}],"about":[{"href":"https:\/\/jorgezanoni.com.br\/2019\/wp-json\/wp\/v2\/types\/post"}],"author":[{"embeddable":true,"href":"https:\/\/jorgezanoni.com.br\/2019\/wp-json\/wp\/v2\/users\/1"}],"replies":[{"embeddable":true,"href":"https:\/\/jorgezanoni.com.br\/2019\/wp-json\/wp\/v2\/comments?post=43268"}],"version-history":[{"count":0,"href":"https:\/\/jorgezanoni.com.br\/2019\/wp-json\/wp\/v2\/posts\/43268\/revisions"}],"wp:featuredmedia":[{"embeddable":true,"href":"https:\/\/jorgezanoni.com.br\/2019\/wp-json\/wp\/v2\/media\/43269"}],"wp:attachment":[{"href":"https:\/\/jorgezanoni.com.br\/2019\/wp-json\/wp\/v2\/media?parent=43268"}],"wp:term":[{"taxonomy":"category","embeddable":true,"href":"https:\/\/jorgezanoni.com.br\/2019\/wp-json\/wp\/v2\/categories?post=43268"},{"taxonomy":"post_tag","embeddable":true,"href":"https:\/\/jorgezanoni.com.br\/2019\/wp-json\/wp\/v2\/tags?post=43268"}],"curies":[{"name":"wp","href":"https:\/\/api.w.org\/{rel}","templated":true}]}}