{"id":43260,"date":"2021-02-17T14:13:09","date_gmt":"2021-02-17T14:13:09","guid":{"rendered":"https:\/\/jorgezanoni.com.br\/2019\/?p=43260"},"modified":"2021-02-17T14:13:42","modified_gmt":"2021-02-17T14:13:42","slug":"tres-obitos-sao-registrados-nas-ultimas-horas-na-santa-casa-de-dracena-todos-moradores-de-dracena","status":"publish","type":"post","link":"https:\/\/jorgezanoni.com.br\/2019\/tres-obitos-sao-registrados-nas-ultimas-horas-na-santa-casa-de-dracena-todos-moradores-de-dracena\/","title":{"rendered":"Tr\u00eas \u00f3bitos s\u00e3o registrados nas \u00faltimas horas na Santa Casa, todos moradores de Dracena"},"content":{"rendered":"<p style=\"text-align: justify;\"><b>Agora s\u00e3o 50 \u00f3bitos pela Covid-19 de moradores de Dracena.<\/b><strong>\u00a0<\/strong><\/p>\n<p style=\"text-align: justify;\"><strong>48\u00b0 \u00d3BITO COVID-19 <\/strong><\/p>\n<p style=\"text-align: justify;\">Mulher 39 anos, residente no munic\u00edpio de Dracena, que permaneceu internada na Santa Casa de Dracena no per\u00edodo de 06\/02\/2021 a 17\/02\/2021 faleceu \u00e0s 2h.<strong>\u00a0<\/strong><\/p>\n<p style=\"text-align: justify;\"><strong>49\u00b0 \u00d3BITO COVID-19 <\/strong><\/p>\n<p style=\"text-align: justify;\">Mulher 27 anos, residente no munic\u00edpio de Dracena, obesa, que estava internada na Santa Casa de Dracena, no per\u00edodo de 11\/02\/2021 a 17\/02\/2021 faleceu \u00e0s 6h55.<\/p>\n<p style=\"text-align: justify;\"><strong>50\u00b0 \u00d3BITO COVID-19<\/strong><br \/>\nMulher 83 anos, residente no munic\u00edpio de Dracena, hipertensa, diab\u00e9tica e cardiopata, a paciente deu entrada no CEMAC (Centro de Atendimento Municipal \u00e0 Covid), onde recebeu atendimento, por\u00e9m evoluiu a \u00f3bito \u00e0s 5 horas de hoje, dia 17\/02.<\/p>\n<p>Fonte: Diretoria de Comunica\u00e7\u00e3o Prefeitura<\/p>\n","protected":false},"excerpt":{"rendered":"<p>Agora s\u00e3o 50 \u00f3bitos pela Covid-19 de moradores de Dracena.\u00a0 48\u00b0 \u00d3BITO COVID-19 Mulher 39 anos, residente no munic\u00edpio de Dracena, que permaneceu internada na Santa Casa de Dracena no per\u00edodo de 06\/02\/2021 a 17\/02\/2021 faleceu \u00e0s 2h.\u00a0 49\u00b0 \u00d3BITO COVID-19 Mulher 27 anos, residente no munic\u00edpio de Dracena, obesa, que estava internada na Santa [&hellip;]<\/p>\n","protected":false},"author":1,"featured_media":43261,"comment_status":"closed","ping_status":"open","sticky":false,"template":"","format":"standard","meta":{"footnotes":""},"categories":[178,110],"tags":[],"class_list":["post-43260","post","type-post","status-publish","format-standard","has-post-thumbnail","hentry","category-notadefalecimento","category-noticiasdestaque"],"_links":{"self":[{"href":"https:\/\/jorgezanoni.com.br\/2019\/wp-json\/wp\/v2\/posts\/43260","targetHints":{"allow":["GET"]}}],"collection":[{"href":"https:\/\/jorgezanoni.com.br\/2019\/wp-json\/wp\/v2\/posts"}],"about":[{"href":"https:\/\/jorgezanoni.com.br\/2019\/wp-json\/wp\/v2\/types\/post"}],"author":[{"embeddable":true,"href":"https:\/\/jorgezanoni.com.br\/2019\/wp-json\/wp\/v2\/users\/1"}],"replies":[{"embeddable":true,"href":"https:\/\/jorgezanoni.com.br\/2019\/wp-json\/wp\/v2\/comments?post=43260"}],"version-history":[{"count":0,"href":"https:\/\/jorgezanoni.com.br\/2019\/wp-json\/wp\/v2\/posts\/43260\/revisions"}],"wp:featuredmedia":[{"embeddable":true,"href":"https:\/\/jorgezanoni.com.br\/2019\/wp-json\/wp\/v2\/media\/43261"}],"wp:attachment":[{"href":"https:\/\/jorgezanoni.com.br\/2019\/wp-json\/wp\/v2\/media?parent=43260"}],"wp:term":[{"taxonomy":"category","embeddable":true,"href":"https:\/\/jorgezanoni.com.br\/2019\/wp-json\/wp\/v2\/categories?post=43260"},{"taxonomy":"post_tag","embeddable":true,"href":"https:\/\/jorgezanoni.com.br\/2019\/wp-json\/wp\/v2\/tags?post=43260"}],"curies":[{"name":"wp","href":"https:\/\/api.w.org\/{rel}","templated":true}]}}