{"id":43249,"date":"2021-02-17T13:04:58","date_gmt":"2021-02-17T13:04:58","guid":{"rendered":"https:\/\/jorgezanoni.com.br\/2019\/?p=43249"},"modified":"2021-02-17T13:04:58","modified_gmt":"2021-02-17T13:04:58","slug":"morre-a-jovem-ana-carolina-gussoni-pereira","status":"publish","type":"post","link":"https:\/\/jorgezanoni.com.br\/2019\/morre-a-jovem-ana-carolina-gussoni-pereira\/","title":{"rendered":"Morre a jovem Ana Carolina Gussoni Pereira"},"content":{"rendered":"<p style=\"text-align: justify;\">Comunicamos com pesar o falecimento da jovem Ana Carolina Gussoni Pereira de 27 anos.<\/p>\n<p style=\"text-align: justify;\">Deixa os pais Jo\u00e3o Carlos (Novolar) e Izabel. Era colaboradora da Secretaria Municipal de Sa\u00fade de Dracena.<\/p>\n<p style=\"text-align: justify;\">Ana Carolina Atuava no Posto de Sa\u00fade e estava internada na UTI da Santa Casa local em tratamento da Covid-19.<\/p>\n<p style=\"text-align: justify;\">Aos amigos Jo\u00e3o Carlos e Izabel as condol\u00eancias do Site JZ neste dif\u00edcil momento. For\u00e7a e F\u00e9.<\/p>\n<p>&nbsp;<\/p>\n","protected":false},"excerpt":{"rendered":"<p>Comunicamos com pesar o falecimento da jovem Ana Carolina Gussoni Pereira de 27 anos. Deixa os pais Jo\u00e3o Carlos (Novolar) e Izabel. Era colaboradora da Secretaria Municipal de Sa\u00fade de Dracena. Ana Carolina Atuava no Posto de Sa\u00fade e estava internada na UTI da Santa Casa local em tratamento da Covid-19. Aos amigos Jo\u00e3o Carlos [&hellip;]<\/p>\n","protected":false},"author":1,"featured_media":43250,"comment_status":"closed","ping_status":"open","sticky":false,"template":"","format":"standard","meta":{"footnotes":""},"categories":[178,110],"tags":[],"class_list":["post-43249","post","type-post","status-publish","format-standard","has-post-thumbnail","hentry","category-notadefalecimento","category-noticiasdestaque"],"_links":{"self":[{"href":"https:\/\/jorgezanoni.com.br\/2019\/wp-json\/wp\/v2\/posts\/43249","targetHints":{"allow":["GET"]}}],"collection":[{"href":"https:\/\/jorgezanoni.com.br\/2019\/wp-json\/wp\/v2\/posts"}],"about":[{"href":"https:\/\/jorgezanoni.com.br\/2019\/wp-json\/wp\/v2\/types\/post"}],"author":[{"embeddable":true,"href":"https:\/\/jorgezanoni.com.br\/2019\/wp-json\/wp\/v2\/users\/1"}],"replies":[{"embeddable":true,"href":"https:\/\/jorgezanoni.com.br\/2019\/wp-json\/wp\/v2\/comments?post=43249"}],"version-history":[{"count":0,"href":"https:\/\/jorgezanoni.com.br\/2019\/wp-json\/wp\/v2\/posts\/43249\/revisions"}],"wp:featuredmedia":[{"embeddable":true,"href":"https:\/\/jorgezanoni.com.br\/2019\/wp-json\/wp\/v2\/media\/43250"}],"wp:attachment":[{"href":"https:\/\/jorgezanoni.com.br\/2019\/wp-json\/wp\/v2\/media?parent=43249"}],"wp:term":[{"taxonomy":"category","embeddable":true,"href":"https:\/\/jorgezanoni.com.br\/2019\/wp-json\/wp\/v2\/categories?post=43249"},{"taxonomy":"post_tag","embeddable":true,"href":"https:\/\/jorgezanoni.com.br\/2019\/wp-json\/wp\/v2\/tags?post=43249"}],"curies":[{"name":"wp","href":"https:\/\/api.w.org\/{rel}","templated":true}]}}