{"id":43244,"date":"2021-02-17T01:05:58","date_gmt":"2021-02-17T01:05:58","guid":{"rendered":"https:\/\/jorgezanoni.com.br\/2019\/?p=43244"},"modified":"2021-02-17T01:20:35","modified_gmt":"2021-02-17T01:20:35","slug":"ministerio-publico-sugere-mais-15-dias-para-dracena-na-fase-vermelha","status":"publish","type":"post","link":"https:\/\/jorgezanoni.com.br\/2019\/ministerio-publico-sugere-mais-15-dias-para-dracena-na-fase-vermelha\/","title":{"rendered":"Minist\u00e9rio P\u00fablico sugere mais 15 dias para Dracena na fase vermelha"},"content":{"rendered":"<p style=\"text-align: justify;\">Em of\u00edcio encaminhado na tarde de hoje (16), o Minist\u00e9rio P\u00fablico sugeriu \u00e0 Prefeitura Municipal de Dracena, que mude de fase de acordo com o plano S\u00e3o Paulo. O documento est\u00e1 assinado pelos Promotores de Justi\u00e7a Ant\u00f4nio Simini J\u00fanior, Rufino Eduardo Galindo Campos e Ruy Fernando Anelli Bodini.<\/p>\n<p style=\"text-align: justify;\">A cidade se encontra atualmente na fase laranja, por\u00e9m a sugest\u00e3o para regredir de fase \u00e9 por conta de maiores restri\u00e7\u00f5es, pois a cidade est\u00e1 caminhando para o caos.<\/p>\n<p style=\"text-align: justify;\">O munic\u00edpio tem registrado consider\u00e1veis aumentos de pessoas contagiadas pelo v\u00edrus, sendo registrado no m\u00eas de janeiro, 510 casos e s\u00f3 nos primeiros 15 dias de fevereiro, 441, somados os 45 dias, s\u00f3 neste ano j\u00e1 temos 961 casos de COVID-19 em Dracena.<\/p>\n<p style=\"text-align: justify;\">A medida solicitada atrav\u00e9s do MP gera diverg\u00eancias de opini\u00f5es e pol\u00eamica por parte principalmente dos comerciantes que tem sentido negativamente o reflexo com quedas expressivas nas vendas.<\/p>\n<p style=\"text-align: justify;\">Na fase vermelha h\u00e1 funcionamento normal de farm\u00e1cias, mercados, padarias, lojas de conveni\u00eancia, bancas de jornal, postos de combust\u00edveis, lavanderias e hotelaria. J\u00e1 os com\u00e9rcios e servi\u00e7os n\u00e3o essenciais s\u00f3 podem atender em esquema de retirada na porta, drive-thru e entregas por telefone ou aplicativos.<\/p>\n<div class=\"mc-column content-text active-extra-styles\" style=\"text-align: justify;\" data-block-type=\"raw\" data-block-weight=\"1\" data-block-id=\"14\">\n<div class=\"content-intertitle\">\n<h2>Prefeitura<\/h2>\n<\/div>\n<\/div>\n<div class=\"mc-column content-text active-extra-styles \" style=\"text-align: justify;\" data-block-type=\"unstyled\" data-block-weight=\"24\" data-block-id=\"15\">\n<p class=\"content-text__container \" data-track-category=\"Link no Texto\" data-track-links=\"\">Por meio de nota, a Prefeitura de Dracena informou que recebeu a recomenda\u00e7\u00e3o do Minist\u00e9rio P\u00fablico a respeito da regress\u00e3o para a fase vermelha.<\/p>\n<\/div>\n<div class=\"mc-column content-text active-extra-styles \" data-block-type=\"unstyled\" data-block-weight=\"35\" data-block-id=\"16\">\n<p class=\"content-text__container \" style=\"text-align: justify;\" data-track-category=\"Link no Texto\" data-track-links=\"\">Segundo o prefeito Andr\u00e9 Lemos, o assunto ser\u00e1 tratado em reuni\u00e3o do Cons\u00f3rcio Intermunicipal de Sa\u00fade da Nova Alta Paulista (Cisnap), na tarde desta quarta-feira (17), na sede da Ordem dos Advogados do Brasil (OAB).<\/p>\n<p style=\"text-align: justify;\" data-track-category=\"Link no Texto\" data-track-links=\"\">Jorge Zanoni<\/p>\n<\/div>\n","protected":false},"excerpt":{"rendered":"<p>Em of\u00edcio encaminhado na tarde de hoje (16), o Minist\u00e9rio P\u00fablico sugeriu \u00e0 Prefeitura Municipal de Dracena, que mude de fase de acordo com o plano S\u00e3o Paulo. O documento est\u00e1 assinado pelos Promotores de Justi\u00e7a Ant\u00f4nio Simini J\u00fanior, Rufino Eduardo Galindo Campos e Ruy Fernando Anelli Bodini. A cidade se encontra atualmente na fase [&hellip;]<\/p>\n","protected":false},"author":1,"featured_media":43245,"comment_status":"closed","ping_status":"open","sticky":false,"template":"","format":"standard","meta":{"footnotes":""},"categories":[179,184,110],"tags":[],"class_list":["post-43244","post","type-post","status-publish","format-standard","has-post-thumbnail","hentry","category-cidadeseregiao","category-dracena","category-noticiasdestaque"],"_links":{"self":[{"href":"https:\/\/jorgezanoni.com.br\/2019\/wp-json\/wp\/v2\/posts\/43244","targetHints":{"allow":["GET"]}}],"collection":[{"href":"https:\/\/jorgezanoni.com.br\/2019\/wp-json\/wp\/v2\/posts"}],"about":[{"href":"https:\/\/jorgezanoni.com.br\/2019\/wp-json\/wp\/v2\/types\/post"}],"author":[{"embeddable":true,"href":"https:\/\/jorgezanoni.com.br\/2019\/wp-json\/wp\/v2\/users\/1"}],"replies":[{"embeddable":true,"href":"https:\/\/jorgezanoni.com.br\/2019\/wp-json\/wp\/v2\/comments?post=43244"}],"version-history":[{"count":0,"href":"https:\/\/jorgezanoni.com.br\/2019\/wp-json\/wp\/v2\/posts\/43244\/revisions"}],"wp:featuredmedia":[{"embeddable":true,"href":"https:\/\/jorgezanoni.com.br\/2019\/wp-json\/wp\/v2\/media\/43245"}],"wp:attachment":[{"href":"https:\/\/jorgezanoni.com.br\/2019\/wp-json\/wp\/v2\/media?parent=43244"}],"wp:term":[{"taxonomy":"category","embeddable":true,"href":"https:\/\/jorgezanoni.com.br\/2019\/wp-json\/wp\/v2\/categories?post=43244"},{"taxonomy":"post_tag","embeddable":true,"href":"https:\/\/jorgezanoni.com.br\/2019\/wp-json\/wp\/v2\/tags?post=43244"}],"curies":[{"name":"wp","href":"https:\/\/api.w.org\/{rel}","templated":true}]}}