{"id":43239,"date":"2021-02-16T20:35:18","date_gmt":"2021-02-16T20:35:18","guid":{"rendered":"https:\/\/jorgezanoni.com.br\/2019\/?p=43239"},"modified":"2021-02-16T20:37:10","modified_gmt":"2021-02-16T20:37:10","slug":"policia-civil-passa-a-receber-lista-com-nomes-de-pessoa-em-quarentena-e-fiscaliza-em-dracena","status":"publish","type":"post","link":"https:\/\/jorgezanoni.com.br\/2019\/policia-civil-passa-a-receber-lista-com-nomes-de-pessoa-em-quarentena-e-fiscaliza-em-dracena\/","title":{"rendered":"Pol\u00edcia Civil passa a receber lista com nomes de pessoas em quarentena e fiscaliza, em Dracena"},"content":{"rendered":"<div id=\"titulo\">\n<div class=\"tituloTextoVereador text-center\" style=\"text-align: justify;\"><strong>A medida visa coibir pessoas que est\u00e3o furando a quarentena do tratamento da covid 19 na cidade.<\/strong><\/div>\n<div style=\"text-align: justify;\"><\/div>\n<\/div>\n<div>\n<div id=\"cont-noticia\">\n<p style=\"text-align: justify;\">A Pol\u00edcia Civil de Dracena receber\u00e1 diariamente uma lista com os nomes das pessoas que est\u00e3o em quarentena, que foram confirmadas positivas para o novo coronav\u00edrus. A determina\u00e7\u00e3o \u00e9 do prefeito Andr\u00e9 Lemos. Ele anunciou a medida na noite de segunda-feira, 15, durante live.<\/p>\n<p style=\"text-align: justify;\">O prefeito explicou que caso a Pol\u00edcia compare\u00e7a em alguma casa dessas pessoas indicadas na lista, ela s\u00f3 poder\u00e1 ser\u00a0 localizada no CEMAC, se for encontrada em outro local, ela ser\u00e1 responsabilizada criminalmente pelo artigo 268,\u00a0do C\u00f3digo Penal que diz:\u00a0<em>Infringir determina\u00e7\u00e3o do poder p\u00fablico, destinada a impedir introdu\u00e7\u00e3o ou propaga\u00e7\u00e3o de doen\u00e7a contagiosa: Pena &#8211; deten\u00e7\u00e3o, de um m\u00eas a um ano, e multa. Par\u00e1grafo \u00fanico\u00a0&#8211; A pena \u00e9 aumentada de um ter\u00e7o, se o agente \u00e9 funcion\u00e1rio da sa\u00fade p\u00fablica ou exerce a profiss\u00e3o de m\u00e9dico, farmac\u00eautico, dentista ou enfermeiro.<\/em><\/p>\n<p style=\"text-align: justify;\">Outra a\u00e7\u00e3o que est\u00e1 sendo iniciada na cidade, diz respeito ao DISK DEN\u00daNCIA &#8211; cidad\u00e3os poder\u00e3o denunciar se souberem de pessoas contaminadas e que n\u00e3o estejam cumprindo a quarentena, aglomera\u00e7\u00f5es e ainda estabelecimentos que n\u00e3o estejam cumprindo o decreto. Basta ligar no (18) 99643-3435 e informar tal situa\u00e7\u00e3o.<\/p>\n<p style=\"text-align: justify;\">Fonte: Diretoria de Comunica\u00e7\u00e3o<\/p>\n<\/div>\n<\/div>\n","protected":false},"excerpt":{"rendered":"<p>A medida visa coibir pessoas que est\u00e3o furando a quarentena do tratamento da covid 19 na cidade. A Pol\u00edcia Civil de Dracena receber\u00e1 diariamente uma lista com os nomes das pessoas que est\u00e3o em quarentena, que foram confirmadas positivas para o novo coronav\u00edrus. A determina\u00e7\u00e3o \u00e9 do prefeito Andr\u00e9 Lemos. Ele anunciou a medida na [&hellip;]<\/p>\n","protected":false},"author":1,"featured_media":43240,"comment_status":"closed","ping_status":"open","sticky":false,"template":"","format":"standard","meta":{"footnotes":""},"categories":[179,184,110,2],"tags":[],"class_list":["post-43239","post","type-post","status-publish","format-standard","has-post-thumbnail","hentry","category-cidadeseregiao","category-dracena","category-noticiasdestaque","category-policial"],"_links":{"self":[{"href":"https:\/\/jorgezanoni.com.br\/2019\/wp-json\/wp\/v2\/posts\/43239","targetHints":{"allow":["GET"]}}],"collection":[{"href":"https:\/\/jorgezanoni.com.br\/2019\/wp-json\/wp\/v2\/posts"}],"about":[{"href":"https:\/\/jorgezanoni.com.br\/2019\/wp-json\/wp\/v2\/types\/post"}],"author":[{"embeddable":true,"href":"https:\/\/jorgezanoni.com.br\/2019\/wp-json\/wp\/v2\/users\/1"}],"replies":[{"embeddable":true,"href":"https:\/\/jorgezanoni.com.br\/2019\/wp-json\/wp\/v2\/comments?post=43239"}],"version-history":[{"count":0,"href":"https:\/\/jorgezanoni.com.br\/2019\/wp-json\/wp\/v2\/posts\/43239\/revisions"}],"wp:featuredmedia":[{"embeddable":true,"href":"https:\/\/jorgezanoni.com.br\/2019\/wp-json\/wp\/v2\/media\/43240"}],"wp:attachment":[{"href":"https:\/\/jorgezanoni.com.br\/2019\/wp-json\/wp\/v2\/media?parent=43239"}],"wp:term":[{"taxonomy":"category","embeddable":true,"href":"https:\/\/jorgezanoni.com.br\/2019\/wp-json\/wp\/v2\/categories?post=43239"},{"taxonomy":"post_tag","embeddable":true,"href":"https:\/\/jorgezanoni.com.br\/2019\/wp-json\/wp\/v2\/tags?post=43239"}],"curies":[{"name":"wp","href":"https:\/\/api.w.org\/{rel}","templated":true}]}}