{"id":43231,"date":"2021-02-16T14:38:37","date_gmt":"2021-02-16T14:38:37","guid":{"rendered":"https:\/\/jorgezanoni.com.br\/2019\/?p=43231"},"modified":"2021-02-16T14:38:37","modified_gmt":"2021-02-16T14:38:37","slug":"dracena-doente-a-culpa-e-de-quem","status":"publish","type":"post","link":"https:\/\/jorgezanoni.com.br\/2019\/dracena-doente-a-culpa-e-de-quem\/","title":{"rendered":"DRACENA DOENTE: A culpa \u00e9 de quem?"},"content":{"rendered":"<p style=\"text-align: justify;\"><strong>DRACENA DOENTE: A CULPA \u00c9 DE QUEM?<\/strong><\/p>\n<p style=\"text-align: justify;\">Com a explos\u00e3o dos casos de Covid-19 em Dracena, aliada ao esgotamento dos leitos hospitalares para tratar os contaminados na Santa Casa local, muitos t\u00eam procurado encontrar os culpados pelo agravamento da pandemia na cidade.<\/p>\n<p style=\"text-align: justify;\">Algumas pessoas, inclusive, dizem que a culpa seria das tais \u201cfestas clandestinas\u201d e das \u201creuni\u00f5es familiares\u201d (sic).<\/p>\n<p style=\"text-align: justify;\">Ora, qual a base cient\u00edfica para tais afirma\u00e7\u00f5es? Que autoridade m\u00e9dica embasa esse tipo de narrativa?!?<\/p>\n<p style=\"text-align: justify;\">Ent\u00e3o a \u201conda\u201d agora \u00e9 culpar nossos jovens, adolescentes e at\u00e9 mesmo as fam\u00edlias dracenenses pelo agravamento da pandemia?! \u00c9 isso mesmo?!?<\/p>\n<p style=\"text-align: justify;\">Ademais, dizer isso seria o mesmo que insinuar que o policiamento de Dracena estaria prevaricando em suas fun\u00e7\u00f5es, o que n\u00e3o \u00e9 verdade. Ao contr\u00e1rio, durante o per\u00edodo noturno as vias p\u00fablicas de Dracena encontram-se praticamente vazias e a Pol\u00edcia Militar t\u00eam estado presente na cidade toda, fazendo brilhantemente o policiamento preventivo e ostensivo local. A Pol\u00edcia Civil, idem.<\/p>\n<p style=\"text-align: justify;\">E \u00a0quanto \u00e0s casas lot\u00e9ricas, ag\u00eancias banc\u00e1rias e supermercados LOTADOS? Nenhum pio, n\u00e9?! Ser\u00e1 que o v\u00edrus n\u00e3o frequenta esses lugares?!?<\/p>\n<p style=\"text-align: justify;\">Ora, ora, respeitar a intelig\u00eancia alheia n\u00e3o faz mal a ningu\u00e9m (ou ao menos n\u00e3o deveria fazer).<\/p>\n<p style=\"text-align: justify;\">Por outro lado, em algumas cidades do Brasil, t\u00eam-se not\u00edcias de que comerciantes e empres\u00e1rios se uniram para realizar doa\u00e7\u00f5es \u00e0s prefeituras locais com o objetivo de auxiliar no combate \u00e0 pandemia.<\/p>\n<p style=\"text-align: justify;\">Em Rio Brilhante\/MS, por exemplo, cidade sul-mato-grossense n\u00e3o t\u00e3o distante de Dracena e com popula\u00e7\u00e3o aproximada (40 mil habitantes), empres\u00e1rios e comerciantes locais doaram, no in\u00edcio da pandemia, mais de R$ 1 milh\u00e3o \u00e0 prefeitura para a disponibiliza\u00e7\u00e3o de leitos para tratamento da Covid-19. Mais recentemente, tamb\u00e9m doaram poltronas e jogos de pneus para ve\u00edculos da Secretaria de Sa\u00fade da cidade. (Fonte: <a href=\"https:\/\/www.campograndenews.com.br\/cidades\/interior\/hospital-de-rio-brilhante-recebe-doacao-de-34-poltronas-reclinaveis\">https:\/\/www.campograndenews.com.br\/cidades\/interior\/hospital-de-rio-brilhante-recebe-doacao-de-34-poltronas-reclinaveis<\/a> e <a href=\"https:\/\/www.riobrilhante.ms.gov.br\/Empresarios-de-Rio\/\">https:\/\/www.riobrilhante.ms.gov.br\/Empresarios-de-Rio\/<\/a>)<\/p>\n<p style=\"text-align: justify;\">E aqui em Dracena, o que os empres\u00e1rios e os comerciantes locais doaram \u00e0 Santa Casa local para auxiliar no combate \u00e0 Covid-19? Segundo consta, NADA!<\/p>\n<p style=\"text-align: justify;\">Ora, vamos colocar os pingos nos \u201cis\u201d e depositar cada parcela da \u201cculpa\u201d pelo agravamento da pandemia nas costas de quem de direito&#8230;<\/p>\n<p style=\"text-align: justify;\">Se h\u00e1 \u201cfestas clandestinas\u201d (n\u00e3o se duvida disso), que se diga onde, quando e em que hor\u00e1rios est\u00e3o sendo realizadas para o devido acionamento das autoridades policiais e sanit\u00e1rias competentes para coibi-las. Se n\u00e3o h\u00e1 a possiblidade de se apontar isso, melhor calar-se para n\u00e3o ser acoimado de propagador de fake news.<\/p>\n<p style=\"text-align: justify;\">Quanto \u00e0s \u201creuni\u00f5es familiares\u201d, nem vale a pena comentar, por raz\u00f5es \u00f3bvias.<\/p>\n<p style=\"text-align: justify;\">Enfim, \u00e9 preciso ter responsabilidade social e, principalmente, \u00c9TICA para se falar sobre t\u00e3o delicado assunto, pois n\u00e3o \u00e9 apontando o dedo para os jovens e as fam\u00edlias de Dracena que resolveremos o grave problema da pandemia. Ali\u00e1s, quando apontamos o dedo indicador para outrem, normalmente restam tr\u00eas outros dedos apontados para n\u00f3s mesmos.<\/p>\n<p style=\"text-align: justify;\">Chega de diz-que-diz, de mimimi e de fake news! Basta!<\/p>\n<p style=\"text-align: justify;\"><a href=\"mailto:vladimirdemattos@hotmail.com\">vladimirdemattos@hotmail.com<\/a><\/p>\n<p style=\"text-align: justify;\">\n","protected":false},"excerpt":{"rendered":"<p>DRACENA DOENTE: A CULPA \u00c9 DE QUEM? Com a explos\u00e3o dos casos de Covid-19 em Dracena, aliada ao esgotamento dos leitos hospitalares para tratar os contaminados na Santa Casa local, muitos t\u00eam procurado encontrar os culpados pelo agravamento da pandemia na cidade. Algumas pessoas, inclusive, dizem que a culpa seria das tais \u201cfestas clandestinas\u201d e [&hellip;]<\/p>\n","protected":false},"author":1,"featured_media":43232,"comment_status":"closed","ping_status":"open","sticky":false,"template":"","format":"standard","meta":{"footnotes":""},"categories":[175],"tags":[],"class_list":["post-43231","post","type-post","status-publish","format-standard","has-post-thumbnail","hentry","category-artigos"],"_links":{"self":[{"href":"https:\/\/jorgezanoni.com.br\/2019\/wp-json\/wp\/v2\/posts\/43231","targetHints":{"allow":["GET"]}}],"collection":[{"href":"https:\/\/jorgezanoni.com.br\/2019\/wp-json\/wp\/v2\/posts"}],"about":[{"href":"https:\/\/jorgezanoni.com.br\/2019\/wp-json\/wp\/v2\/types\/post"}],"author":[{"embeddable":true,"href":"https:\/\/jorgezanoni.com.br\/2019\/wp-json\/wp\/v2\/users\/1"}],"replies":[{"embeddable":true,"href":"https:\/\/jorgezanoni.com.br\/2019\/wp-json\/wp\/v2\/comments?post=43231"}],"version-history":[{"count":0,"href":"https:\/\/jorgezanoni.com.br\/2019\/wp-json\/wp\/v2\/posts\/43231\/revisions"}],"wp:featuredmedia":[{"embeddable":true,"href":"https:\/\/jorgezanoni.com.br\/2019\/wp-json\/wp\/v2\/media\/43232"}],"wp:attachment":[{"href":"https:\/\/jorgezanoni.com.br\/2019\/wp-json\/wp\/v2\/media?parent=43231"}],"wp:term":[{"taxonomy":"category","embeddable":true,"href":"https:\/\/jorgezanoni.com.br\/2019\/wp-json\/wp\/v2\/categories?post=43231"},{"taxonomy":"post_tag","embeddable":true,"href":"https:\/\/jorgezanoni.com.br\/2019\/wp-json\/wp\/v2\/tags?post=43231"}],"curies":[{"name":"wp","href":"https:\/\/api.w.org\/{rel}","templated":true}]}}