{"id":43204,"date":"2021-02-16T01:34:29","date_gmt":"2021-02-16T01:34:29","guid":{"rendered":"https:\/\/jorgezanoni.com.br\/2019\/?p=43204"},"modified":"2021-02-16T01:34:29","modified_gmt":"2021-02-16T01:34:29","slug":"policia-militar-em-menos-de-24-horas-recupera-moto-furtada-e-apreende-autor-em-dracena","status":"publish","type":"post","link":"https:\/\/jorgezanoni.com.br\/2019\/policia-militar-em-menos-de-24-horas-recupera-moto-furtada-e-apreende-autor-em-dracena\/","title":{"rendered":"Pol\u00edcia Militar em menos de 24 Horas recupera moto furtada e apreende autor em Dracena"},"content":{"rendered":"<p style=\"text-align: justify;\">POL\u00cdCIA MILITAR EM MENOS DE 24 HORAS RECUPERA MOTO FURTADA E APREENDE AUTOR.<\/p>\n<p style=\"text-align: justify;\">LOCAL: RUA DR. CUNHA BUENO X OLAVO BILAC<br \/>\nCENTRO<br \/>\nDRACENA\/SP<\/p>\n<p style=\"text-align: justify;\">NA DATA DE HOJE (15) POR VOLTA DAS POR 17H POR DENUNCIA DE POLICIAL MILITAR DE FOLGA E EM TRAJES CIVIS, INFORMANDO QUE O VEICULO HONDA\/CG 125 FAN PRODUTO DE FURTO NA MESMA DATA POR VOLTA DA 00H30MIN ESTAVA TRANSITANDO PELA RUA OLAVO BILAC,E ERA CONDUZIDO POR DOIS ADOLESCENTES. RAPIDAMENTE AS EQUIPES DA POL\u00cdCIA MILITAR DE SERVI\u00c7O REALIZARAM O CERCO AO MOTOCICLO QUE FOI ABANDONADO PELOS OCUPANTES, QUE EMPREENDERAM FUGA A P\u00c9 PELA LINHA F\u00c9RREA,E DEPOIS TENTARAM HOMIZIAR-SE NAS RESIDENCIAS PR\u00d3XIMAS, ONDE UM DOS ADOLESCENTE FOI CAPTURADO PELAS EQUIPES. O OUTRO CONSEGUIU FUGIR MAS FOI IDENTIFICADO.<br \/>\nO VEICULO FOI DEVOLVIDO AO PROPRIET\u00c1RIO QUE AGRADECEU IMENSAMENTE AS EQUIPES POLICIAIS.<\/p>\n<p><img loading=\"lazy\" decoding=\"async\" class=\"alignnone size-full wp-image-43205\" src=\"https:\/\/jorgezanoni.com.br\/2019\/wp-content\/uploads\/2021\/02\/moto-3.jpg\" alt=\"\" width=\"1280\" height=\"960\" srcset=\"https:\/\/jorgezanoni.com.br\/2019\/wp-content\/uploads\/2021\/02\/moto-3.jpg 1280w, https:\/\/jorgezanoni.com.br\/2019\/wp-content\/uploads\/2021\/02\/moto-3-300x225.jpg 300w, https:\/\/jorgezanoni.com.br\/2019\/wp-content\/uploads\/2021\/02\/moto-3-1024x768.jpg 1024w, https:\/\/jorgezanoni.com.br\/2019\/wp-content\/uploads\/2021\/02\/moto-3-768x576.jpg 768w, https:\/\/jorgezanoni.com.br\/2019\/wp-content\/uploads\/2021\/02\/moto-3-80x60.jpg 80w, https:\/\/jorgezanoni.com.br\/2019\/wp-content\/uploads\/2021\/02\/moto-3-265x198.jpg 265w, https:\/\/jorgezanoni.com.br\/2019\/wp-content\/uploads\/2021\/02\/moto-3-696x522.jpg 696w, https:\/\/jorgezanoni.com.br\/2019\/wp-content\/uploads\/2021\/02\/moto-3-1068x801.jpg 1068w, https:\/\/jorgezanoni.com.br\/2019\/wp-content\/uploads\/2021\/02\/moto-3-560x420.jpg 560w\" sizes=\"auto, (max-width: 1280px) 100vw, 1280px\" \/> <img loading=\"lazy\" decoding=\"async\" class=\"alignnone size-full wp-image-43207\" src=\"https:\/\/jorgezanoni.com.br\/2019\/wp-content\/uploads\/2021\/02\/moto2.jpg\" alt=\"\" width=\"971\" height=\"532\" srcset=\"https:\/\/jorgezanoni.com.br\/2019\/wp-content\/uploads\/2021\/02\/moto2.jpg 971w, https:\/\/jorgezanoni.com.br\/2019\/wp-content\/uploads\/2021\/02\/moto2-300x164.jpg 300w, https:\/\/jorgezanoni.com.br\/2019\/wp-content\/uploads\/2021\/02\/moto2-768x421.jpg 768w, https:\/\/jorgezanoni.com.br\/2019\/wp-content\/uploads\/2021\/02\/moto2-696x381.jpg 696w, https:\/\/jorgezanoni.com.br\/2019\/wp-content\/uploads\/2021\/02\/moto2-767x420.jpg 767w\" sizes=\"auto, (max-width: 971px) 100vw, 971px\" \/><\/p>\n<p style=\"text-align: justify;\">Fonte: Com. Social Pol\u00edcia Militar<\/p>\n","protected":false},"excerpt":{"rendered":"<p>POL\u00cdCIA MILITAR EM MENOS DE 24 HORAS RECUPERA MOTO FURTADA E APREENDE AUTOR. LOCAL: RUA DR. CUNHA BUENO X OLAVO BILAC CENTRO DRACENA\/SP NA DATA DE HOJE (15) POR VOLTA DAS POR 17H POR DENUNCIA DE POLICIAL MILITAR DE FOLGA E EM TRAJES CIVIS, INFORMANDO QUE O VEICULO HONDA\/CG 125 FAN PRODUTO DE FURTO NA [&hellip;]<\/p>\n","protected":false},"author":1,"featured_media":43206,"comment_status":"closed","ping_status":"open","sticky":false,"template":"","format":"standard","meta":{"footnotes":""},"categories":[110,2],"tags":[],"class_list":["post-43204","post","type-post","status-publish","format-standard","has-post-thumbnail","hentry","category-noticiasdestaque","category-policial"],"_links":{"self":[{"href":"https:\/\/jorgezanoni.com.br\/2019\/wp-json\/wp\/v2\/posts\/43204","targetHints":{"allow":["GET"]}}],"collection":[{"href":"https:\/\/jorgezanoni.com.br\/2019\/wp-json\/wp\/v2\/posts"}],"about":[{"href":"https:\/\/jorgezanoni.com.br\/2019\/wp-json\/wp\/v2\/types\/post"}],"author":[{"embeddable":true,"href":"https:\/\/jorgezanoni.com.br\/2019\/wp-json\/wp\/v2\/users\/1"}],"replies":[{"embeddable":true,"href":"https:\/\/jorgezanoni.com.br\/2019\/wp-json\/wp\/v2\/comments?post=43204"}],"version-history":[{"count":0,"href":"https:\/\/jorgezanoni.com.br\/2019\/wp-json\/wp\/v2\/posts\/43204\/revisions"}],"wp:featuredmedia":[{"embeddable":true,"href":"https:\/\/jorgezanoni.com.br\/2019\/wp-json\/wp\/v2\/media\/43206"}],"wp:attachment":[{"href":"https:\/\/jorgezanoni.com.br\/2019\/wp-json\/wp\/v2\/media?parent=43204"}],"wp:term":[{"taxonomy":"category","embeddable":true,"href":"https:\/\/jorgezanoni.com.br\/2019\/wp-json\/wp\/v2\/categories?post=43204"},{"taxonomy":"post_tag","embeddable":true,"href":"https:\/\/jorgezanoni.com.br\/2019\/wp-json\/wp\/v2\/tags?post=43204"}],"curies":[{"name":"wp","href":"https:\/\/api.w.org\/{rel}","templated":true}]}}