{"id":43201,"date":"2021-02-16T01:04:59","date_gmt":"2021-02-16T01:04:59","guid":{"rendered":"https:\/\/jorgezanoni.com.br\/2019\/?p=43201"},"modified":"2021-02-16T01:04:59","modified_gmt":"2021-02-16T01:04:59","slug":"menino-de-5-anos-morre-por-covid-19-em-aracatuba","status":"publish","type":"post","link":"https:\/\/jorgezanoni.com.br\/2019\/menino-de-5-anos-morre-por-covid-19-em-aracatuba\/","title":{"rendered":"Menino de 5 anos morre por covid-19 em Ara\u00e7atuba"},"content":{"rendered":"<p style=\"text-align: justify;\">*Carolina Marques*<\/p>\n<p style=\"text-align: justify;\">O boletim epidemiol\u00f3gico desta sexta (11), apresenta um \u00f3bito a mais por Covid-19 em Ara\u00e7atuba. A v\u00edtima \u00e9 um menino de 5 anos. Agora s\u00e3o 267 \u00f3bitos confirmados e nenhum \u00f3bito suspeito. O boletim apresenta aumento do n\u00famero de casos confirmados de 12.882 para 13.036, e queda do n\u00famero de pessoas em tratamento domiciliar, de 1576 para 1378 e de casos suspeitos, de 538 para 320. Com uma interna\u00e7\u00e3o e tr\u00eas altas hospitalares nas \u00faltimas 24 horas, o n\u00famero de internados diminuiu de 46 para 44, sendo 17 deles em UTI.<\/p>\n<p style=\"text-align: justify;\">Pelo segundo dia consecutivo, Birigui n\u00e3o registrou novas mortes por Covid-19, no total, j\u00e1 s\u00e3o 171. Nas \u00faltimas 24 horas, a Secretaria de Sa\u00fade confirmou mais 40 novos casos de pessoas que contra\u00edram o v\u00edrus, totalizando agora 6.935, sendo que desse total 386 atuam na \u00e1rea da sa\u00fade. Atualmente, h\u00e1 193 pessoas aguardando resultados de exames e 6.396 j\u00e1 se curaram da Covid-19. J\u00e1 em Guararapes, o boletim epidemiol\u00f3gico mostrou mais sete 07 casos confirmados de coronav\u00edrus. Sa\u00edram 44 resultados de casos suspeitos que estavam aguardando, sendo que tr\u00eas e 41 resultados foram descartados. Tiveram mais tr\u00eas resultados positivos particulares e um teste r\u00e1pido. Entraram 11 casos suspeitos e quatro pessoas est\u00e3o internadas: tr\u00eas em Guararapes e um em Ara\u00e7atuba.<\/p>\n<p style=\"text-align: justify;\">VACINA\u00c7\u00c3O<\/p>\n<p style=\"text-align: justify;\">Algumas cidades j\u00e1 come\u00e7aram a aplica a segunda dose da vacina contra Covid-19. Na regi\u00e3o, n\u00e3o \u00e9 diferente. A Prefeitura de Ara\u00e7atuba informou que recebeu 3.640 doses para aplicar a segunda carga nos profissionais da sa\u00fade que atuam em hospitais, pronto-socorros, Unidades B\u00e1sicas de Sa\u00fade e outros grupos espec\u00edficos com exposi\u00e7\u00e3o a risco biol\u00f3gico. Ainda n\u00e3o h\u00e1 previs\u00e3o de quando chegar\u00e3o mais doses para essa finalidade. Na \u00faltima quinta (11), em Birigui, a Secretaria de Sa\u00fade come\u00e7ou a aplica\u00e7\u00e3o da segunda dose da vacina nos profissionais de sa\u00fade que atuam na linha de frente no combate ao novo coronav\u00edrus na Santa Casa, Unimed e nas UBSs (Unidades B\u00e1sicas de Sa\u00fade).<\/p>\n<p style=\"text-align: justify;\">O munic\u00edpio recebeu 2.081 novas doses da vacina Coronavac, sendo que 1.320 ser\u00e3o utilizadas para concluir a imuniza\u00e7\u00e3o do grupo. Nas institui\u00e7\u00f5es Recanto do Vov\u00f4 e Abrigo V\u00f3 Tereza, os profissionais de sa\u00fade e os idosos j\u00e1 completaram o esquema vacinal. Eles tamb\u00e9m foram os primeiros a receber a primeira dose da vacina no dia 20 de janeiro. O Ministro da Sa\u00fade, Eduardo Pazuello, afirmou, na quinta, em audi\u00eancia p\u00fablica, no Senado, que o Brasil vai imunizar contra covid-19 toda a popula\u00e7\u00e3o apta para receber a vacina at\u00e9 o fim do ano. Aos senadores, no plen\u00e1rio da Casa, ele disse que o minist\u00e9rio trabalha para imunizar toda a popula\u00e7\u00e3o \u201cvacin\u00e1vel\u201d. Segundo ele, metade do p\u00fablico-alvo ser\u00e1 vacinada no primeiro semestre e a outra metade, no segundo semestre.<\/p>\n<p style=\"text-align: justify;\">A vacina contra covid-19 n\u00e3o \u00e9 indicada para menores de 18 anos, gestantes e lactantes porque n\u00e3o h\u00e1 estudos conclusivos sobre os efeitos do imunizante para esse p\u00fablico. \u201cVamos vacinar o pa\u00eds em 2021, 50% at\u00e9 junho, 50% at\u00e9 dezembro, da popula\u00e7\u00e3o vacin\u00e1vel. Esse \u00e9 o nosso desafio e \u00e9 o que estamos buscando e vamos fazer\u201d, disse Pazuello.<\/p>\n<p>Fonte: https:\/\/www.folhadaregiao.com.br\/<\/p>\n","protected":false},"excerpt":{"rendered":"<p>*Carolina Marques* O boletim epidemiol\u00f3gico desta sexta (11), apresenta um \u00f3bito a mais por Covid-19 em Ara\u00e7atuba. A v\u00edtima \u00e9 um menino de 5 anos. Agora s\u00e3o 267 \u00f3bitos confirmados e nenhum \u00f3bito suspeito. O boletim apresenta aumento do n\u00famero de casos confirmados de 12.882 para 13.036, e queda do n\u00famero de pessoas em tratamento [&hellip;]<\/p>\n","protected":false},"author":1,"featured_media":43202,"comment_status":"closed","ping_status":"open","sticky":false,"template":"","format":"standard","meta":{"footnotes":""},"categories":[178,110],"tags":[],"class_list":["post-43201","post","type-post","status-publish","format-standard","has-post-thumbnail","hentry","category-notadefalecimento","category-noticiasdestaque"],"_links":{"self":[{"href":"https:\/\/jorgezanoni.com.br\/2019\/wp-json\/wp\/v2\/posts\/43201","targetHints":{"allow":["GET"]}}],"collection":[{"href":"https:\/\/jorgezanoni.com.br\/2019\/wp-json\/wp\/v2\/posts"}],"about":[{"href":"https:\/\/jorgezanoni.com.br\/2019\/wp-json\/wp\/v2\/types\/post"}],"author":[{"embeddable":true,"href":"https:\/\/jorgezanoni.com.br\/2019\/wp-json\/wp\/v2\/users\/1"}],"replies":[{"embeddable":true,"href":"https:\/\/jorgezanoni.com.br\/2019\/wp-json\/wp\/v2\/comments?post=43201"}],"version-history":[{"count":0,"href":"https:\/\/jorgezanoni.com.br\/2019\/wp-json\/wp\/v2\/posts\/43201\/revisions"}],"wp:featuredmedia":[{"embeddable":true,"href":"https:\/\/jorgezanoni.com.br\/2019\/wp-json\/wp\/v2\/media\/43202"}],"wp:attachment":[{"href":"https:\/\/jorgezanoni.com.br\/2019\/wp-json\/wp\/v2\/media?parent=43201"}],"wp:term":[{"taxonomy":"category","embeddable":true,"href":"https:\/\/jorgezanoni.com.br\/2019\/wp-json\/wp\/v2\/categories?post=43201"},{"taxonomy":"post_tag","embeddable":true,"href":"https:\/\/jorgezanoni.com.br\/2019\/wp-json\/wp\/v2\/tags?post=43201"}],"curies":[{"name":"wp","href":"https:\/\/api.w.org\/{rel}","templated":true}]}}