{"id":43188,"date":"2021-02-15T12:30:26","date_gmt":"2021-02-15T12:30:26","guid":{"rendered":"https:\/\/jorgezanoni.com.br\/2019\/?p=43188"},"modified":"2021-02-15T12:30:26","modified_gmt":"2021-02-15T12:30:26","slug":"falecimentos-15-02-21","status":"publish","type":"post","link":"https:\/\/jorgezanoni.com.br\/2019\/falecimentos-15-02-21\/","title":{"rendered":"Falecimentos 15\/02\/21"},"content":{"rendered":"<p>Ademir Muniz Lhamas, Jos\u00e9 de Almeida e Maria de Souza Roberte.<\/p>\n<p><img loading=\"lazy\" decoding=\"async\" class=\"alignnone size-full wp-image-43189\" src=\"https:\/\/jorgezanoni.com.br\/2019\/wp-content\/uploads\/2021\/02\/Ademir.jpg\" alt=\"\" width=\"700\" height=\"389\" srcset=\"https:\/\/jorgezanoni.com.br\/2019\/wp-content\/uploads\/2021\/02\/Ademir.jpg 700w, https:\/\/jorgezanoni.com.br\/2019\/wp-content\/uploads\/2021\/02\/Ademir-300x167.jpg 300w, https:\/\/jorgezanoni.com.br\/2019\/wp-content\/uploads\/2021\/02\/Ademir-696x387.jpg 696w\" sizes=\"auto, (max-width: 700px) 100vw, 700px\" \/><img loading=\"lazy\" decoding=\"async\" class=\"alignnone size-full wp-image-43190\" src=\"https:\/\/jorgezanoni.com.br\/2019\/wp-content\/uploads\/2021\/02\/Jos\u00e9-1.jpg\" alt=\"\" width=\"906\" height=\"509\" srcset=\"https:\/\/jorgezanoni.com.br\/2019\/wp-content\/uploads\/2021\/02\/Jos\u00e9-1.jpg 906w, https:\/\/jorgezanoni.com.br\/2019\/wp-content\/uploads\/2021\/02\/Jos\u00e9-1-300x169.jpg 300w, https:\/\/jorgezanoni.com.br\/2019\/wp-content\/uploads\/2021\/02\/Jos\u00e9-1-768x431.jpg 768w, https:\/\/jorgezanoni.com.br\/2019\/wp-content\/uploads\/2021\/02\/Jos\u00e9-1-696x391.jpg 696w, https:\/\/jorgezanoni.com.br\/2019\/wp-content\/uploads\/2021\/02\/Jos\u00e9-1-748x420.jpg 748w\" sizes=\"auto, (max-width: 906px) 100vw, 906px\" \/><img loading=\"lazy\" decoding=\"async\" class=\"alignnone size-full wp-image-43191\" src=\"https:\/\/jorgezanoni.com.br\/2019\/wp-content\/uploads\/2021\/02\/Maria-2.jpg\" alt=\"\" width=\"430\" height=\"403\" srcset=\"https:\/\/jorgezanoni.com.br\/2019\/wp-content\/uploads\/2021\/02\/Maria-2.jpg 430w, https:\/\/jorgezanoni.com.br\/2019\/wp-content\/uploads\/2021\/02\/Maria-2-300x281.jpg 300w\" sizes=\"auto, (max-width: 430px) 100vw, 430px\" \/><\/p>\n<div role=\"row\">\n<div class=\"\">\n<div class=\"j83agx80 cbu4d94t\">\n<div class=\"j83agx80\">\n<div class=\"jn8vp64t l9j0dhe7 hpfvmrgz\">\n<div class=\"lzcic4wl\" tabindex=\"0\" role=\"gridcell\" data-scope=\"messages_table\" data-recover=\"true\">\n<div class=\"ni8dbmo4 stjgntxs g5ia77u1 ii04i59q\" data-testid=\"messenger_incoming_text_row\">\n<div class=\"l60d2q6s d1544ag0 sj5x9vvc tw6a2znq l9j0dhe7 ni8dbmo4 stjgntxs qlfml3jp inkptoze e72ty7fz qttc61fc jm1wdb64 qv66sw1b ljqsnud1 g6srhlxm odn2s2vf\">\n<div class=\"oo9gr5id\" dir=\"auto\" style=\"text-align: justify;\">Comunicamos com Pesar o falecimento da Sra. Maria, M\u00e3e da Sra. Ol\u00edvia ( Funer\u00e1ria S\u00e3o Vicente de Panorama ) e Av\u00f3 dos Propriet\u00e1rios da Mutu\u00e1ria Dracenense e do Grupo S\u00e3o Vicente.<\/div>\n<\/div>\n<\/div>\n<\/div>\n<\/div>\n<\/div>\n<\/div>\n<\/div>\n<\/div>\n<div role=\"row\">\n<div class=\"\">\n<div class=\"j83agx80 cbu4d94t\">\n<div class=\"j83agx80 jwdofwj8\">\n<div class=\"jn8vp64t l9j0dhe7 hpfvmrgz\">\n<div class=\"lzcic4wl\" tabindex=\"0\" role=\"gridcell\" data-scope=\"messages_table\" data-recover=\"true\">\n<div style=\"text-align: justify;\"><\/div>\n<div class=\"ni8dbmo4 stjgntxs g5ia77u1 ii04i59q\" data-testid=\"messenger_incoming_text_row\">\n<div class=\"l60d2q6s d1544ag0 sj5x9vvc tw6a2znq l9j0dhe7 ni8dbmo4 stjgntxs qlfml3jp inkptoze jk6sbkaj qmr60zad jm1wdb64 qv66sw1b ljqsnud1 g6srhlxm odn2s2vf\">\n<div class=\"oo9gr5id\" dir=\"auto\" style=\"text-align: justify;\">A todo os familiares e amigos os nossos sentimentos<\/div>\n<\/div>\n<\/div>\n<\/div>\n<\/div>\n<\/div>\n<\/div>\n<\/div>\n<\/div>\n","protected":false},"excerpt":{"rendered":"<p>Ademir Muniz Lhamas, Jos\u00e9 de Almeida e Maria de Souza Roberte. Comunicamos com Pesar o falecimento da Sra. Maria, M\u00e3e da Sra. Ol\u00edvia ( Funer\u00e1ria S\u00e3o Vicente de Panorama ) e Av\u00f3 dos Propriet\u00e1rios da Mutu\u00e1ria Dracenense e do Grupo S\u00e3o Vicente. A todo os familiares e amigos os nossos sentimentos<\/p>\n","protected":false},"author":1,"featured_media":43191,"comment_status":"closed","ping_status":"open","sticky":false,"template":"","format":"standard","meta":{"footnotes":""},"categories":[178],"tags":[],"class_list":["post-43188","post","type-post","status-publish","format-standard","has-post-thumbnail","hentry","category-notadefalecimento"],"_links":{"self":[{"href":"https:\/\/jorgezanoni.com.br\/2019\/wp-json\/wp\/v2\/posts\/43188","targetHints":{"allow":["GET"]}}],"collection":[{"href":"https:\/\/jorgezanoni.com.br\/2019\/wp-json\/wp\/v2\/posts"}],"about":[{"href":"https:\/\/jorgezanoni.com.br\/2019\/wp-json\/wp\/v2\/types\/post"}],"author":[{"embeddable":true,"href":"https:\/\/jorgezanoni.com.br\/2019\/wp-json\/wp\/v2\/users\/1"}],"replies":[{"embeddable":true,"href":"https:\/\/jorgezanoni.com.br\/2019\/wp-json\/wp\/v2\/comments?post=43188"}],"version-history":[{"count":0,"href":"https:\/\/jorgezanoni.com.br\/2019\/wp-json\/wp\/v2\/posts\/43188\/revisions"}],"wp:featuredmedia":[{"embeddable":true,"href":"https:\/\/jorgezanoni.com.br\/2019\/wp-json\/wp\/v2\/media\/43191"}],"wp:attachment":[{"href":"https:\/\/jorgezanoni.com.br\/2019\/wp-json\/wp\/v2\/media?parent=43188"}],"wp:term":[{"taxonomy":"category","embeddable":true,"href":"https:\/\/jorgezanoni.com.br\/2019\/wp-json\/wp\/v2\/categories?post=43188"},{"taxonomy":"post_tag","embeddable":true,"href":"https:\/\/jorgezanoni.com.br\/2019\/wp-json\/wp\/v2\/tags?post=43188"}],"curies":[{"name":"wp","href":"https:\/\/api.w.org\/{rel}","templated":true}]}}