{"id":43162,"date":"2021-02-14T20:25:32","date_gmt":"2021-02-14T20:25:32","guid":{"rendered":"https:\/\/jorgezanoni.com.br\/2019\/?p=43162"},"modified":"2021-02-14T21:05:27","modified_gmt":"2021-02-14T21:05:27","slug":"morre-o-empresario-do-ramo-de-madeiras-ademir-muniz","status":"publish","type":"post","link":"https:\/\/jorgezanoni.com.br\/2019\/morre-o-empresario-do-ramo-de-madeiras-ademir-muniz\/","title":{"rendered":"Morre o empres\u00e1rio do ramo de madeiras Ademir Muniz"},"content":{"rendered":"<p style=\"text-align: justify;\">Comunicamos com pesar o falecimento do empres\u00e1rio do ramo de madeiras, Ademir Muniz Lhamas, v\u00edtima de COVID-19.<\/p>\n<p style=\"text-align: justify;\">Deixa a esposa Latif, filhos, noras e netos.<\/p>\n<p style=\"text-align: justify;\">Era propriet\u00e1rio h\u00e1 muitos anos da Madereira Tri\u00e2ngulo no final da Rua Ipiranga em Dracena, membro ativo do Rotary Club de Dracena, Santa Casa e da Loja Ma\u00e7\u00f4nica Uni\u00e3o, Justi\u00e7a e Amor.<\/p>\n<p style=\"text-align: justify;\">\u00c0 fam\u00edlia enlutada e a grande legi\u00e3o de amigos, os sentimentos do Site JZ<\/p>\n<p style=\"text-align: justify;\">\n","protected":false},"excerpt":{"rendered":"<p>Comunicamos com pesar o falecimento do empres\u00e1rio do ramo de madeiras, Ademir Muniz Lhamas, v\u00edtima de COVID-19. Deixa a esposa Latif, filhos, noras e netos. Era propriet\u00e1rio h\u00e1 muitos anos da Madereira Tri\u00e2ngulo no final da Rua Ipiranga em Dracena, membro ativo do Rotary Club de Dracena, Santa Casa e da Loja Ma\u00e7\u00f4nica Uni\u00e3o, Justi\u00e7a [&hellip;]<\/p>\n","protected":false},"author":1,"featured_media":43163,"comment_status":"closed","ping_status":"open","sticky":false,"template":"","format":"standard","meta":{"footnotes":""},"categories":[178,110],"tags":[],"class_list":["post-43162","post","type-post","status-publish","format-standard","has-post-thumbnail","hentry","category-notadefalecimento","category-noticiasdestaque"],"_links":{"self":[{"href":"https:\/\/jorgezanoni.com.br\/2019\/wp-json\/wp\/v2\/posts\/43162","targetHints":{"allow":["GET"]}}],"collection":[{"href":"https:\/\/jorgezanoni.com.br\/2019\/wp-json\/wp\/v2\/posts"}],"about":[{"href":"https:\/\/jorgezanoni.com.br\/2019\/wp-json\/wp\/v2\/types\/post"}],"author":[{"embeddable":true,"href":"https:\/\/jorgezanoni.com.br\/2019\/wp-json\/wp\/v2\/users\/1"}],"replies":[{"embeddable":true,"href":"https:\/\/jorgezanoni.com.br\/2019\/wp-json\/wp\/v2\/comments?post=43162"}],"version-history":[{"count":0,"href":"https:\/\/jorgezanoni.com.br\/2019\/wp-json\/wp\/v2\/posts\/43162\/revisions"}],"wp:featuredmedia":[{"embeddable":true,"href":"https:\/\/jorgezanoni.com.br\/2019\/wp-json\/wp\/v2\/media\/43163"}],"wp:attachment":[{"href":"https:\/\/jorgezanoni.com.br\/2019\/wp-json\/wp\/v2\/media?parent=43162"}],"wp:term":[{"taxonomy":"category","embeddable":true,"href":"https:\/\/jorgezanoni.com.br\/2019\/wp-json\/wp\/v2\/categories?post=43162"},{"taxonomy":"post_tag","embeddable":true,"href":"https:\/\/jorgezanoni.com.br\/2019\/wp-json\/wp\/v2\/tags?post=43162"}],"curies":[{"name":"wp","href":"https:\/\/api.w.org\/{rel}","templated":true}]}}