{"id":43145,"date":"2021-02-14T15:24:29","date_gmt":"2021-02-14T15:24:29","guid":{"rendered":"https:\/\/jorgezanoni.com.br\/2019\/?p=43145"},"modified":"2021-02-14T15:24:29","modified_gmt":"2021-02-14T15:24:29","slug":"sitiantes-reclamam-que-prefeitura-comecou-mas-nao-terminou-o-servico-de-ponte","status":"publish","type":"post","link":"https:\/\/jorgezanoni.com.br\/2019\/sitiantes-reclamam-que-prefeitura-comecou-mas-nao-terminou-o-servico-de-ponte\/","title":{"rendered":"Sitiantes reclamam que Prefeitura come\u00e7ou mas n\u00e3o terminou o servi\u00e7o de Ponte"},"content":{"rendered":"<p style=\"text-align: justify;\">Sitiantes est\u00e3o reclamando que a Prefeitura come\u00e7ou o reparo de uma ponte, por\u00e9m o servi\u00e7o foi abandonado h\u00e1 pelo menos duas semanas, e n\u00e3o apareceram mais para a conclus\u00e3o.<\/p>\n<p style=\"text-align: justify;\">O local fica na Estrada do Ip\u00ea, Bairro Palmeiras, Marginal da Coimma, pr\u00f3ximo ao s\u00edtio Marimar, e para dar a volta, aumenta em 14 Km a dist\u00e2ncia com a cidade.<\/p>\n<p style=\"text-align: justify;\">A Ponte estava sendo utilizada para passagem a p\u00e9, por\u00e9m foram retiradas as pranchas, paralisada a obra e ningu\u00e9m mais consegue passar pelo local.<\/p>\n<p style=\"text-align: justify;\">Pedem os usu\u00e1rios daquela estrada que necessitam do servi\u00e7o, que seja agilizado o mais breve poss\u00edvel.<\/p>\n<p><img loading=\"lazy\" decoding=\"async\" class=\"alignnone size-full wp-image-43147\" src=\"https:\/\/jorgezanoni.com.br\/2019\/wp-content\/uploads\/2021\/02\/pal1.jpg\" alt=\"\" width=\"1158\" height=\"869\" srcset=\"https:\/\/jorgezanoni.com.br\/2019\/wp-content\/uploads\/2021\/02\/pal1.jpg 1158w, https:\/\/jorgezanoni.com.br\/2019\/wp-content\/uploads\/2021\/02\/pal1-300x225.jpg 300w, https:\/\/jorgezanoni.com.br\/2019\/wp-content\/uploads\/2021\/02\/pal1-1024x768.jpg 1024w, https:\/\/jorgezanoni.com.br\/2019\/wp-content\/uploads\/2021\/02\/pal1-768x576.jpg 768w, https:\/\/jorgezanoni.com.br\/2019\/wp-content\/uploads\/2021\/02\/pal1-80x60.jpg 80w, https:\/\/jorgezanoni.com.br\/2019\/wp-content\/uploads\/2021\/02\/pal1-265x198.jpg 265w, https:\/\/jorgezanoni.com.br\/2019\/wp-content\/uploads\/2021\/02\/pal1-696x522.jpg 696w, https:\/\/jorgezanoni.com.br\/2019\/wp-content\/uploads\/2021\/02\/pal1-1068x801.jpg 1068w, https:\/\/jorgezanoni.com.br\/2019\/wp-content\/uploads\/2021\/02\/pal1-560x420.jpg 560w\" sizes=\"auto, (max-width: 1158px) 100vw, 1158px\" \/> <img loading=\"lazy\" decoding=\"async\" class=\"alignnone size-full wp-image-43148\" src=\"https:\/\/jorgezanoni.com.br\/2019\/wp-content\/uploads\/2021\/02\/pal2.jpg\" alt=\"\" width=\"1158\" height=\"869\" srcset=\"https:\/\/jorgezanoni.com.br\/2019\/wp-content\/uploads\/2021\/02\/pal2.jpg 1158w, https:\/\/jorgezanoni.com.br\/2019\/wp-content\/uploads\/2021\/02\/pal2-300x225.jpg 300w, https:\/\/jorgezanoni.com.br\/2019\/wp-content\/uploads\/2021\/02\/pal2-1024x768.jpg 1024w, https:\/\/jorgezanoni.com.br\/2019\/wp-content\/uploads\/2021\/02\/pal2-768x576.jpg 768w, https:\/\/jorgezanoni.com.br\/2019\/wp-content\/uploads\/2021\/02\/pal2-80x60.jpg 80w, https:\/\/jorgezanoni.com.br\/2019\/wp-content\/uploads\/2021\/02\/pal2-265x198.jpg 265w, https:\/\/jorgezanoni.com.br\/2019\/wp-content\/uploads\/2021\/02\/pal2-696x522.jpg 696w, https:\/\/jorgezanoni.com.br\/2019\/wp-content\/uploads\/2021\/02\/pal2-1068x801.jpg 1068w, https:\/\/jorgezanoni.com.br\/2019\/wp-content\/uploads\/2021\/02\/pal2-560x420.jpg 560w\" sizes=\"auto, (max-width: 1158px) 100vw, 1158px\" \/><\/p>\n<p>Jorge Zanoni<\/p>\n<p>Fotos de Internauta<\/p>\n<p>&nbsp;<\/p>\n<p>&nbsp;<\/p>\n","protected":false},"excerpt":{"rendered":"<p>Sitiantes est\u00e3o reclamando que a Prefeitura come\u00e7ou o reparo de uma ponte, por\u00e9m o servi\u00e7o foi abandonado h\u00e1 pelo menos duas semanas, e n\u00e3o apareceram mais para a conclus\u00e3o. O local fica na Estrada do Ip\u00ea, Bairro Palmeiras, Marginal da Coimma, pr\u00f3ximo ao s\u00edtio Marimar, e para dar a volta, aumenta em 14 Km a [&hellip;]<\/p>\n","protected":false},"author":1,"featured_media":43146,"comment_status":"closed","ping_status":"open","sticky":false,"template":"","format":"standard","meta":{"footnotes":""},"categories":[179,184,180,110],"tags":[],"class_list":["post-43145","post","type-post","status-publish","format-standard","has-post-thumbnail","hentry","category-cidadeseregiao","category-dracena","category-estradastransitoveiculos","category-noticiasdestaque"],"_links":{"self":[{"href":"https:\/\/jorgezanoni.com.br\/2019\/wp-json\/wp\/v2\/posts\/43145","targetHints":{"allow":["GET"]}}],"collection":[{"href":"https:\/\/jorgezanoni.com.br\/2019\/wp-json\/wp\/v2\/posts"}],"about":[{"href":"https:\/\/jorgezanoni.com.br\/2019\/wp-json\/wp\/v2\/types\/post"}],"author":[{"embeddable":true,"href":"https:\/\/jorgezanoni.com.br\/2019\/wp-json\/wp\/v2\/users\/1"}],"replies":[{"embeddable":true,"href":"https:\/\/jorgezanoni.com.br\/2019\/wp-json\/wp\/v2\/comments?post=43145"}],"version-history":[{"count":0,"href":"https:\/\/jorgezanoni.com.br\/2019\/wp-json\/wp\/v2\/posts\/43145\/revisions"}],"wp:featuredmedia":[{"embeddable":true,"href":"https:\/\/jorgezanoni.com.br\/2019\/wp-json\/wp\/v2\/media\/43146"}],"wp:attachment":[{"href":"https:\/\/jorgezanoni.com.br\/2019\/wp-json\/wp\/v2\/media?parent=43145"}],"wp:term":[{"taxonomy":"category","embeddable":true,"href":"https:\/\/jorgezanoni.com.br\/2019\/wp-json\/wp\/v2\/categories?post=43145"},{"taxonomy":"post_tag","embeddable":true,"href":"https:\/\/jorgezanoni.com.br\/2019\/wp-json\/wp\/v2\/tags?post=43145"}],"curies":[{"name":"wp","href":"https:\/\/api.w.org\/{rel}","templated":true}]}}