{"id":43131,"date":"2021-02-14T13:32:47","date_gmt":"2021-02-14T13:32:47","guid":{"rendered":"https:\/\/jorgezanoni.com.br\/2019\/?p=43131"},"modified":"2021-02-14T13:32:47","modified_gmt":"2021-02-14T13:32:47","slug":"mulher-morre-e-outras-tres-pessoas-ficam-feridas-em-grave-acidente-na-sp-294","status":"publish","type":"post","link":"https:\/\/jorgezanoni.com.br\/2019\/mulher-morre-e-outras-tres-pessoas-ficam-feridas-em-grave-acidente-na-sp-294\/","title":{"rendered":"Mulher morre e outras tr\u00eas pessoas ficam feridas em grave acidente na SP-294"},"content":{"rendered":"<p>Uma mulher de 24 anos de idade morreu e tr\u00eas homens ficaram feridos em decorr\u00eancia de um grave acidente ocorrido por volta das 0h10 deste domingo (14), no km 605 da Rodovia Comandante Jo\u00e3o Ribeiro de Barros, a SP-294 em Fl\u00f3rida Paulista.<\/p>\n<p style=\"text-align: justify;\">Segundo informa\u00e7\u00f5es da Pol\u00edcia Rodovi\u00e1ria, uma moto com placas de Salmour\u00e3o e um carro de In\u00fabia Paulista seguiam no sentido Fl\u00f3rida Paulista \/ Adamantina, quando ocorreu o acidente.<\/p>\n<p style=\"text-align: justify;\">O carro teria atingido a traseira da moto que era ocupada por um casal, sendo um morador de Fl\u00f3rida Paulista e uma mulher de Adamantina. Ap\u00f3s bater na moto, o carro tombou interditando uma faixa de rolamento da rodovia.<\/p>\n<p style=\"text-align: justify;\"><a href=\"https:\/\/i0.wp.com\/ifolharegional.com.br\/wp-content\/uploads\/2021\/02\/acid-florida02.jpg?ssl=1\"><img loading=\"lazy\" decoding=\"async\" class=\"aligncenter size-full wp-image-32874\" src=\"https:\/\/i0.wp.com\/ifolharegional.com.br\/wp-content\/uploads\/2021\/02\/acid-florida02.jpg?resize=450%2C450&amp;ssl=1\" sizes=\"auto, (max-width: 450px) 100vw, 450px\" srcset=\"https:\/\/i0.wp.com\/ifolharegional.com.br\/wp-content\/uploads\/2021\/02\/acid-florida02.jpg?w=450&amp;ssl=1 450w, https:\/\/i0.wp.com\/ifolharegional.com.br\/wp-content\/uploads\/2021\/02\/acid-florida02.jpg?resize=300%2C300&amp;ssl=1 300w, https:\/\/i0.wp.com\/ifolharegional.com.br\/wp-content\/uploads\/2021\/02\/acid-florida02.jpg?resize=150%2C150&amp;ssl=1 150w, https:\/\/i0.wp.com\/ifolharegional.com.br\/wp-content\/uploads\/2021\/02\/acid-florida02.jpg?resize=80%2C80&amp;ssl=1 80w\" alt=\"\" width=\"450\" height=\"450\" data-attachment-id=\"32874\" data-permalink=\"https:\/\/ifolharegional.com.br\/2021\/02\/14\/mulher-morre-e-outras-tres-pessoas-ficam-feridas-em-grave-acidente-na-sp-294-em-florida-paulista\/acid-florida02\/\" data-orig-file=\"https:\/\/i0.wp.com\/ifolharegional.com.br\/wp-content\/uploads\/2021\/02\/acid-florida02.jpg?fit=450%2C450&amp;ssl=1\" data-orig-size=\"450,450\" data-comments-opened=\"0\" data-image-meta=\"{&quot;aperture&quot;:&quot;0&quot;,&quot;credit&quot;:&quot;&quot;,&quot;camera&quot;:&quot;&quot;,&quot;caption&quot;:&quot;&quot;,&quot;created_timestamp&quot;:&quot;0&quot;,&quot;copyright&quot;:&quot;&quot;,&quot;focal_length&quot;:&quot;0&quot;,&quot;iso&quot;:&quot;0&quot;,&quot;shutter_speed&quot;:&quot;0&quot;,&quot;title&quot;:&quot;&quot;,&quot;orientation&quot;:&quot;0&quot;}\" data-image-title=\"acid-florida02\" data-image-description=\"\" data-medium-file=\"https:\/\/i0.wp.com\/ifolharegional.com.br\/wp-content\/uploads\/2021\/02\/acid-florida02.jpg?fit=300%2C300&amp;ssl=1\" data-large-file=\"https:\/\/i0.wp.com\/ifolharegional.com.br\/wp-content\/uploads\/2021\/02\/acid-florida02.jpg?fit=450%2C450&amp;ssl=1\" data-recalc-dims=\"1\" \/><\/a><br \/>\nCom o choque entre os ve\u00edculos, o casal ficou gravemente ferido e foi levado por uma unidade de resgate da concession\u00e1ria que administra a rodovia para o Pronto Socorro de Adamantina. A mulher que tinha 24 anos de idade n\u00e3o resistiu aos ferimentos e acabou falecendo.<\/p>\n<p style=\"text-align: justify;\">Os dois ocupantes do carro, um morador de Sagres (motorista) e outro morador de In\u00fabia Paulista, foram socorridos com ferimentos leves e levados para o Pronto Socorro de Luc\u00e9lia.<\/p>\n<p style=\"text-align: justify;\">Ainda segundo o policiamento rodovi\u00e1rio, o condutor do ve\u00edculo Fox foi convidado a realizar o teste do baf\u00f4metro que apontou 0,66 mg\/l de \u00e1lcool por litro de ar expelido pelos pulm\u00f5es.<\/p>\n<p style=\"text-align: justify;\">Ap\u00f3s ser atendido no Pronto Socorro de Luc\u00e9lia, o condutor do carro foi levado para o Plant\u00e3o da Pol\u00edcia Civil de Adamantina e permaneceu preso na Cadeia P\u00fablica de Adamantina \u00e0 disposi\u00e7\u00e3o da Justi\u00e7a.<\/p>\n<p>Fonte: Folha Regional &#8211; Fotos: Diego Fernandes<\/p>\n","protected":false},"excerpt":{"rendered":"<p>Uma mulher de 24 anos de idade morreu e tr\u00eas homens ficaram feridos em decorr\u00eancia de um grave acidente ocorrido por volta das 0h10 deste domingo (14), no km 605 da Rodovia Comandante Jo\u00e3o Ribeiro de Barros, a SP-294 em Fl\u00f3rida Paulista. Segundo informa\u00e7\u00f5es da Pol\u00edcia Rodovi\u00e1ria, uma moto com placas de Salmour\u00e3o e um [&hellip;]<\/p>\n","protected":false},"author":1,"featured_media":43132,"comment_status":"closed","ping_status":"open","sticky":false,"template":"","format":"standard","meta":{"footnotes":""},"categories":[170,110],"tags":[],"class_list":["post-43131","post","type-post","status-publish","format-standard","has-post-thumbnail","hentry","category-acidentes","category-noticiasdestaque"],"_links":{"self":[{"href":"https:\/\/jorgezanoni.com.br\/2019\/wp-json\/wp\/v2\/posts\/43131","targetHints":{"allow":["GET"]}}],"collection":[{"href":"https:\/\/jorgezanoni.com.br\/2019\/wp-json\/wp\/v2\/posts"}],"about":[{"href":"https:\/\/jorgezanoni.com.br\/2019\/wp-json\/wp\/v2\/types\/post"}],"author":[{"embeddable":true,"href":"https:\/\/jorgezanoni.com.br\/2019\/wp-json\/wp\/v2\/users\/1"}],"replies":[{"embeddable":true,"href":"https:\/\/jorgezanoni.com.br\/2019\/wp-json\/wp\/v2\/comments?post=43131"}],"version-history":[{"count":0,"href":"https:\/\/jorgezanoni.com.br\/2019\/wp-json\/wp\/v2\/posts\/43131\/revisions"}],"wp:featuredmedia":[{"embeddable":true,"href":"https:\/\/jorgezanoni.com.br\/2019\/wp-json\/wp\/v2\/media\/43132"}],"wp:attachment":[{"href":"https:\/\/jorgezanoni.com.br\/2019\/wp-json\/wp\/v2\/media?parent=43131"}],"wp:term":[{"taxonomy":"category","embeddable":true,"href":"https:\/\/jorgezanoni.com.br\/2019\/wp-json\/wp\/v2\/categories?post=43131"},{"taxonomy":"post_tag","embeddable":true,"href":"https:\/\/jorgezanoni.com.br\/2019\/wp-json\/wp\/v2\/tags?post=43131"}],"curies":[{"name":"wp","href":"https:\/\/api.w.org\/{rel}","templated":true}]}}