{"id":43128,"date":"2021-02-14T13:16:40","date_gmt":"2021-02-14T13:16:40","guid":{"rendered":"https:\/\/jorgezanoni.com.br\/2019\/?p=43128"},"modified":"2021-02-14T13:16:40","modified_gmt":"2021-02-14T13:16:40","slug":"embriagado-motorista-bate-em-moto-e-deixa-homem-ferido","status":"publish","type":"post","link":"https:\/\/jorgezanoni.com.br\/2019\/embriagado-motorista-bate-em-moto-e-deixa-homem-ferido\/","title":{"rendered":"Embriagado, motorista bate em moto e deixa homem ferido"},"content":{"rendered":"<p style=\"text-align: justify;\">A equipe do Policiamento Rodovi\u00e1rio de Adamantina atendeu um acidente de tr\u00e2nsito com v\u00edtima envolvendo uma motocicleta, Honda CG125 FAN e uma caminhonete, VW Saveiro, ambas com placas de Osvaldo Cruz, onde o condutor da motocicleta foi socorrido ao Pronto Socorro consciente, por\u00e9m, com fratura no f\u00eamur direito e apresentando not\u00f3rios sinais de embriaguez.<\/p>\n<p style=\"text-align: justify;\">Ap\u00f3s a realiza\u00e7\u00e3o do teste com etil\u00f4metro, constou 0,44 mg\/L (miligramas de \u00e1lcool por litro de ar alveolar).<\/p>\n<p style=\"text-align: justify;\">O condutor recebeu a voz de pris\u00e3o em flagrante, permaneceu no Pronto Socorro sob cuidados m\u00e9dicos e escolta policial.<\/p>\n<p style=\"text-align: justify;\">A ocorr\u00eancia foi apresentada no Plant\u00e3o da Pol\u00edcia Civil de Adamantina, onde o Delegado ratificou a pris\u00e3o em flagrante e arbitrou a fian\u00e7a ao condutor no valor de R$ 1.100,00 a qual foi paga por familiares a fim de responder ao processo em liberdade.<\/p>\n<p style=\"text-align: justify;\">O condutor da caminhonete VW Saveiro, tamb\u00e9m foi submetido ao teste de etil\u00f4metro, onde constou que n\u00e3o dirigia sob efeito de \u00e1lcool.<\/p>\n<p style=\"text-align: justify;\">Fonte: Folha Regional e PR<\/p>\n","protected":false},"excerpt":{"rendered":"<p>A equipe do Policiamento Rodovi\u00e1rio de Adamantina atendeu um acidente de tr\u00e2nsito com v\u00edtima envolvendo uma motocicleta, Honda CG125 FAN e uma caminhonete, VW Saveiro, ambas com placas de Osvaldo Cruz, onde o condutor da motocicleta foi socorrido ao Pronto Socorro consciente, por\u00e9m, com fratura no f\u00eamur direito e apresentando not\u00f3rios sinais de embriaguez. Ap\u00f3s [&hellip;]<\/p>\n","protected":false},"author":1,"featured_media":43129,"comment_status":"closed","ping_status":"open","sticky":false,"template":"","format":"standard","meta":{"footnotes":""},"categories":[170,110],"tags":[],"class_list":["post-43128","post","type-post","status-publish","format-standard","has-post-thumbnail","hentry","category-acidentes","category-noticiasdestaque"],"_links":{"self":[{"href":"https:\/\/jorgezanoni.com.br\/2019\/wp-json\/wp\/v2\/posts\/43128","targetHints":{"allow":["GET"]}}],"collection":[{"href":"https:\/\/jorgezanoni.com.br\/2019\/wp-json\/wp\/v2\/posts"}],"about":[{"href":"https:\/\/jorgezanoni.com.br\/2019\/wp-json\/wp\/v2\/types\/post"}],"author":[{"embeddable":true,"href":"https:\/\/jorgezanoni.com.br\/2019\/wp-json\/wp\/v2\/users\/1"}],"replies":[{"embeddable":true,"href":"https:\/\/jorgezanoni.com.br\/2019\/wp-json\/wp\/v2\/comments?post=43128"}],"version-history":[{"count":0,"href":"https:\/\/jorgezanoni.com.br\/2019\/wp-json\/wp\/v2\/posts\/43128\/revisions"}],"wp:featuredmedia":[{"embeddable":true,"href":"https:\/\/jorgezanoni.com.br\/2019\/wp-json\/wp\/v2\/media\/43129"}],"wp:attachment":[{"href":"https:\/\/jorgezanoni.com.br\/2019\/wp-json\/wp\/v2\/media?parent=43128"}],"wp:term":[{"taxonomy":"category","embeddable":true,"href":"https:\/\/jorgezanoni.com.br\/2019\/wp-json\/wp\/v2\/categories?post=43128"},{"taxonomy":"post_tag","embeddable":true,"href":"https:\/\/jorgezanoni.com.br\/2019\/wp-json\/wp\/v2\/tags?post=43128"}],"curies":[{"name":"wp","href":"https:\/\/api.w.org\/{rel}","templated":true}]}}