{"id":43115,"date":"2021-02-13T23:16:59","date_gmt":"2021-02-13T23:16:59","guid":{"rendered":"https:\/\/jorgezanoni.com.br\/2019\/?p=43115"},"modified":"2021-02-13T23:16:59","modified_gmt":"2021-02-13T23:16:59","slug":"presidente-da-ace-faz-alerta-para-empresarios-funcionarios-e-consumidores","status":"publish","type":"post","link":"https:\/\/jorgezanoni.com.br\/2019\/presidente-da-ace-faz-alerta-para-empresarios-funcionarios-e-consumidores\/","title":{"rendered":"Presidente da ACE faz alerta para Empres\u00e1rios, Funcion\u00e1rios e Consumidores"},"content":{"rendered":"<p style=\"text-align: justify;\">Nas \u00faltimas semanas, os casos de contamina\u00e7\u00e3o pela Covid 19 t\u00eam se agravado em Dracena. Devido a isso, o presidente da ACE, Luciano Gerlim, faz um alerta importante: \u00e9 dever de todos (empres\u00e1rios, funcion\u00e1rios e consumidores) seguirem as recomenda\u00e7\u00f5es das autoridades de sa\u00fade e os protocolos sanit\u00e1rios no combate ao novo Coronav\u00edrus.<\/p>\n<p style=\"text-align: justify;\">\n\u00c9 sabido que o v\u00edrus da Covid precisa de pessoas para se multiplicar, evoluir e at\u00e9 para se deslocar. Portanto, a aten\u00e7\u00e3o precisa ser redobrada para que n\u00e3o o levemos para casa, para o trabalho, enfim, para nossas vidas.<\/p>\n<p style=\"text-align: justify;\">\nAs armas que temos neste momento s\u00e3o: o distanciamento, uso de m\u00e1scara, cuidados com a higiene (\u00e1lcool em gel) e a vacina, que em breve imunizar\u00e1 a todos.<\/p>\n<p style=\"text-align: justify;\">\nNeste momento o que mais est\u00e1 contaminando as pessoas s\u00e3o as festas clandestinas e reuni\u00f5es familiares.<\/p>\n<p style=\"text-align: justify;\">\nA Prefeitura disponibiliza um WhatsApp (18) 99643-3435 somente para den\u00fancias, onde o cidad\u00e3o pode relatar com exatid\u00e3o a situa\u00e7\u00e3o presenciada atrav\u00e9s de texto, \u00e1udio ou v\u00eddeo (n\u00e3o ser\u00e3o aceitas liga\u00e7\u00f5es telef\u00f4nicas). Tamb\u00e9m est\u00e1 \u00e0 disposi\u00e7\u00e3o o 190 da Pol\u00edcia Militar para den\u00fancias.<\/p>\n<p style=\"text-align: justify;\">Fa\u00e7a sua parte! ACE Dracena unida contra o Coronav\u00edrus.<\/p>\n<div style=\"width: 696px;\" class=\"wp-video\"><video class=\"wp-video-shortcode\" id=\"video-43115-1\" width=\"696\" height=\"696\" preload=\"metadata\" controls=\"controls\"><source type=\"video\/mp4\" src=\"https:\/\/jorgezanoni.com.br\/2019\/wp-content\/uploads\/2021\/02\/WhatsApp-Video-2021-02-10-at-14.45.14.mp4?_=1\" \/><a href=\"https:\/\/jorgezanoni.com.br\/2019\/wp-content\/uploads\/2021\/02\/WhatsApp-Video-2021-02-10-at-14.45.14.mp4\">https:\/\/jorgezanoni.com.br\/2019\/wp-content\/uploads\/2021\/02\/WhatsApp-Video-2021-02-10-at-14.45.14.mp4<\/a><\/video><\/div>\n","protected":false},"excerpt":{"rendered":"<p>Nas \u00faltimas semanas, os casos de contamina\u00e7\u00e3o pela Covid 19 t\u00eam se agravado em Dracena. Devido a isso, o presidente da ACE, Luciano Gerlim, faz um alerta importante: \u00e9 dever de todos (empres\u00e1rios, funcion\u00e1rios e consumidores) seguirem as recomenda\u00e7\u00f5es das autoridades de sa\u00fade e os protocolos sanit\u00e1rios no combate ao novo Coronav\u00edrus. \u00c9 sabido que [&hellip;]<\/p>\n","protected":false},"author":1,"featured_media":43117,"comment_status":"closed","ping_status":"open","sticky":false,"template":"","format":"video","meta":{"footnotes":""},"categories":[114,169],"tags":[],"class_list":["post-43115","post","type-post","status-publish","format-video","has-post-thumbnail","hentry","category-geralecomercio","category-videos","post_format-post-format-video"],"_links":{"self":[{"href":"https:\/\/jorgezanoni.com.br\/2019\/wp-json\/wp\/v2\/posts\/43115","targetHints":{"allow":["GET"]}}],"collection":[{"href":"https:\/\/jorgezanoni.com.br\/2019\/wp-json\/wp\/v2\/posts"}],"about":[{"href":"https:\/\/jorgezanoni.com.br\/2019\/wp-json\/wp\/v2\/types\/post"}],"author":[{"embeddable":true,"href":"https:\/\/jorgezanoni.com.br\/2019\/wp-json\/wp\/v2\/users\/1"}],"replies":[{"embeddable":true,"href":"https:\/\/jorgezanoni.com.br\/2019\/wp-json\/wp\/v2\/comments?post=43115"}],"version-history":[{"count":0,"href":"https:\/\/jorgezanoni.com.br\/2019\/wp-json\/wp\/v2\/posts\/43115\/revisions"}],"wp:featuredmedia":[{"embeddable":true,"href":"https:\/\/jorgezanoni.com.br\/2019\/wp-json\/wp\/v2\/media\/43117"}],"wp:attachment":[{"href":"https:\/\/jorgezanoni.com.br\/2019\/wp-json\/wp\/v2\/media?parent=43115"}],"wp:term":[{"taxonomy":"category","embeddable":true,"href":"https:\/\/jorgezanoni.com.br\/2019\/wp-json\/wp\/v2\/categories?post=43115"},{"taxonomy":"post_tag","embeddable":true,"href":"https:\/\/jorgezanoni.com.br\/2019\/wp-json\/wp\/v2\/tags?post=43115"}],"curies":[{"name":"wp","href":"https:\/\/api.w.org\/{rel}","templated":true}]}}