{"id":43112,"date":"2021-02-13T22:48:20","date_gmt":"2021-02-13T22:48:20","guid":{"rendered":"https:\/\/jorgezanoni.com.br\/2019\/?p=43112"},"modified":"2021-02-13T22:48:20","modified_gmt":"2021-02-13T22:48:20","slug":"foto-da-primeira-escola-mista-de-dracena-do-ano-de-1-949","status":"publish","type":"post","link":"https:\/\/jorgezanoni.com.br\/2019\/foto-da-primeira-escola-mista-de-dracena-do-ano-de-1-949\/","title":{"rendered":"Foto da Primeira Escola Mista de Dracena do ano de 1.949"},"content":{"rendered":"<p style=\"text-align: justify;\">Essa foto provavelmente de 1949 com a rela\u00e7\u00e3o dos alunos. Na lista tem o nome da tia mais velha Isaura dos Santos (j\u00e1 falecida), da segunda tia mais velha, Alzira dos Santos (moradora de Luc\u00e9lia e que acabou de completar 60 anos de casada) e tamb\u00e9m do meu pai Osvaldo dos Santos. Ao que parece foi extra\u00edda de um grupo do face a\u00ed de Dracena.<\/p>\n<p style=\"text-align: justify;\">(Foto arquivo da Familia da Carmela Capobianco dos Santos)<\/p>\n<p style=\"text-align: justify;\">1\u00aa ESCOLA MISTA DE DRACENA<br \/>\nRELA\u00c7\u00c3O DE NOMES DOS ALUNOS DE 1\u00ba DE ABRIL DE 1.947 \u00c0 31 DE JUNHO 1.949<br \/>\nMENINOS:<br \/>\nAgenor Xavier<br \/>\nAurelino Xavier<br \/>\nArlindo Trino<br \/>\nAluizio Nascimento<br \/>\nAnt\u00f4nio Ferreira<br \/>\nAnt\u00f4nio Peten\u00e1<br \/>\nAnt\u00f4nio Nascimento<br \/>\nAn\u00e9zio Alves<br \/>\nAn\u00e9zio dos Santos<br \/>\nAn\u00e9zio Dias<br \/>\nAnizio dos Santos<br \/>\nArgenario Teixeira<br \/>\nAparecido Cardoso<br \/>\nAnt\u00f4nio Pepeliascov<br \/>\nAlcides Nuciatelli<br \/>\nAntenor Rei<br \/>\nAnt\u00f4nio Picolo<br \/>\nAdenor Nunes Freitas<br \/>\nAnt\u00f4nio Pereira dos Santos<br \/>\nAdemar de Barros<br \/>\nAdreves Ennes<br \/>\nAlexandre de Barros,<br \/>\nAnt\u00f4nio Barradas<br \/>\nAry Rodrigues<br \/>\nAlfredo Francisco da Silva<br \/>\nBertholdo Hanmenan<br \/>\nBenedito Pires de Oliveira<br \/>\nCarlos Pepeliascov<br \/>\nClemente Martins<br \/>\nCarlos Costa<br \/>\nDivino Assump\u00e7\u00e3o<br \/>\nDeon\u00e9zio Dias<br \/>\nDurval da Costa<br \/>\nDurval Soares<br \/>\nDirceu Gloder<br \/>\nDeoclides Delacrossi<br \/>\nElco Nunes Gomes<br \/>\nFrancisco Escrimim<br \/>\nGonzaga Lima<br \/>\nGerv\u00e1zio da Silva<br \/>\nGet\u00falio Velez<br \/>\nHor\u00e1cio Trino<br \/>\nHor\u00e1cio Nogueira<br \/>\nHermenegildo Machado<br \/>\nH\u00e9lio Hortolani<br \/>\nIlton Neris Costa<br \/>\nInaciv Fernandes<br \/>\nJos\u00e9 Henrique<br \/>\nJos\u00e9 de Andrade<br \/>\nJos\u00e9 de Oliveira<br \/>\nJo\u00e3o Raimundo<br \/>\nJos\u00e9 Al\u00edpio Marques<br \/>\nJos\u00e9 Meleti<br \/>\nJos\u00e9 Pinto de Andrade<br \/>\nJo\u00e3o Pepeliascov<br \/>\nJos\u00e9 Palma Lisboa<br \/>\nJo\u00e3o da Silva<br \/>\nJonas Fernandes<br \/>\nJovenal Locatelli<br \/>\nJos\u00e9 Lopes<br \/>\nJos\u00e9 Jorge da Costa<br \/>\nJo\u00e3o Nunes de Freitas<br \/>\nJo\u00e3o Salt\u00e3o<br \/>\nJos\u00e9 Fortunato<br \/>\nJos\u00e9 da Silva<br \/>\nLeonildo Gloder<br \/>\nLourival Navarro<br \/>\nLuciano Rodrigues<br \/>\nLuiz Jorge Costa<br \/>\nLidionor Dutra Pereira<br \/>\nManoel Ferreira<br \/>\nMarcelino Hortis<br \/>\nManoel de Souza<br \/>\nManoel Pereira<br \/>\nMilton Gon\u00e7alves<br \/>\nM\u00e1rio Ventura de Souza<br \/>\nM\u00e1rio Takashi<br \/>\nOt\u00e1vio da Silva<br \/>\nOleg\u00e1rio Ara\u00fajo<br \/>\nOsvaldo da Fonseca<br \/>\nOsvaldo dos Santos<br \/>\nOd\u00e9cio Correia<br \/>\nOsvaldo Siqueira de Souza<br \/>\nPedro Ant\u00f4nio Zona<br \/>\nPedro Ribeiro<br \/>\nPedro Prestupa<br \/>\nPedro Barbosa<br \/>\nPedro da Silva<br \/>\nR\u00e9ges Martins da Fonseca<br \/>\nReg\u00eddio Girotto<br \/>\nSebasti\u00e3o Pereira<br \/>\nValtair dos Santos<br \/>\nValter Pama Lisboa<br \/>\nValdemar Bombardi<br \/>\nValmir Figueredo dos Santos<br \/>\nValter Ribeiro<br \/>\nMENINAS:<br \/>\nAlzira Alves<br \/>\nAlzira dos Santos<br \/>\nAdauta Soares<br \/>\nAntonieta dos Santos<br \/>\nAloize Sezani<br \/>\nAparecida da Silva<br \/>\nAlelude Navarro<br \/>\nAna dos Santos<br \/>\nAna Valera<br \/>\nArnida Girotto<br \/>\nAparecida Grande<br \/>\nAlzira Miguel Damorim<br \/>\nArmelinda Dias Chagas<br \/>\nBenedita de Jesus<br \/>\nCila Rodrigues de Barros<br \/>\nClaudimir Dezolina Bot\u00e3o<br \/>\nDurvalina Rufino<br \/>\nDeonilda Garcia<br \/>\nDurvalina Manhane<br \/>\nDiva Lopes<br \/>\nEdith Irene Hanmenam<br \/>\nErotides Salvador<br \/>\nElfrida Hanmenam<br \/>\nEncarna\u00e7\u00e3o Morales<br \/>\nElenita Costa<br \/>\nEdite Lemos<br \/>\nErc\u00edlia Macedo<br \/>\nEunice Salvador<br \/>\nEny de Oliveira<br \/>\nGedalva Domiciano da Silva<br \/>\nGracia Smagnoto<br \/>\nHelena de Oliveira<br \/>\nHelenita Neris<br \/>\nIsaura dos Santos<br \/>\nIolanda Trino<br \/>\nIsaltina Ferreira<br \/>\nIraci Ferreira<br \/>\nIsabel Martins<br \/>\nIsabel de Barros<br \/>\nIsolina Antoneli<br \/>\nJustina Ara\u00fajo<br \/>\nJupira Louren\u00e7o do Prado<br \/>\nJosefina Ramos<br \/>\nJosefina dos Santos<br \/>\nKatsumi Yoshimura<br \/>\nLucidia Cruz<br \/>\nLiberata Gomes<br \/>\nLindaura dos Santos<br \/>\nLuzia Alair Martins<br \/>\nLedo\u00edna Sab\u00f3<br \/>\nLucinda Domingos<br \/>\nMarieta dos Santos<br \/>\nMariana Souza<br \/>\nMarcimiana Souza<br \/>\nMarcimina Hortiz<br \/>\nMarieta dos Santos<br \/>\nMaria Sert\u00e3o<br \/>\nMaria Nogueira<br \/>\nMaria Aparecida Raimundo<br \/>\nMaria Helena Pereira<br \/>\nMaria Raimunda<br \/>\nMaria Aparecida da Silva<br \/>\nMaria Pereira<br \/>\nMaria Helena Lopes<br \/>\nMaria Esmeralda Sezani<br \/>\nMaria Borizono<br \/>\nMaria Arquimina Soares<br \/>\nMaria Virgilina de Jesus<br \/>\nNeide Pauluviki<br \/>\nNeuza Gerges<br \/>\nNilza Lopes<br \/>\nNilva Pinote<br \/>\nNadir Mela<br \/>\nNeiva Delacross<br \/>\nNilce Castilho<br \/>\nNilza do Nascimento<br \/>\nOlga Grandine<br \/>\nOraide Meletti<br \/>\nOlga Chiorato<br \/>\nOlga de Souza<br \/>\nPilar Merino<br \/>\nRosa Grandine<br \/>\nRosa Dias do Nascimento<br \/>\nRosa Merino, Rozaria Ramos<br \/>\nRosa Botelho<br \/>\nShirley Martins<br \/>\nShircei Vaine Martins<br \/>\nSidnei Aparecida Martins<br \/>\nYvone Cavalhieri<br \/>\nYolanda Trino<br \/>\nValentina Ara\u00fajo<br \/>\nZenaide dos Santos<br \/>\nZaira Salt\u00e3o<br \/>\nZenaide Esbizerra<\/p>\n<p>Cr\u00e9ditos: Viajando na Hist\u00f3ria<br \/>\nwww.facebook.com\/cidadededracena<\/p>\n","protected":false},"excerpt":{"rendered":"<p>Essa foto provavelmente de 1949 com a rela\u00e7\u00e3o dos alunos. Na lista tem o nome da tia mais velha Isaura dos Santos (j\u00e1 falecida), da segunda tia mais velha, Alzira dos Santos (moradora de Luc\u00e9lia e que acabou de completar 60 anos de casada) e tamb\u00e9m do meu pai Osvaldo dos Santos. Ao que parece [&hellip;]<\/p>\n","protected":false},"author":1,"featured_media":43113,"comment_status":"closed","ping_status":"open","sticky":false,"template":"","format":"standard","meta":{"footnotes":""},"categories":[179,184,110],"tags":[],"class_list":["post-43112","post","type-post","status-publish","format-standard","has-post-thumbnail","hentry","category-cidadeseregiao","category-dracena","category-noticiasdestaque"],"_links":{"self":[{"href":"https:\/\/jorgezanoni.com.br\/2019\/wp-json\/wp\/v2\/posts\/43112","targetHints":{"allow":["GET"]}}],"collection":[{"href":"https:\/\/jorgezanoni.com.br\/2019\/wp-json\/wp\/v2\/posts"}],"about":[{"href":"https:\/\/jorgezanoni.com.br\/2019\/wp-json\/wp\/v2\/types\/post"}],"author":[{"embeddable":true,"href":"https:\/\/jorgezanoni.com.br\/2019\/wp-json\/wp\/v2\/users\/1"}],"replies":[{"embeddable":true,"href":"https:\/\/jorgezanoni.com.br\/2019\/wp-json\/wp\/v2\/comments?post=43112"}],"version-history":[{"count":0,"href":"https:\/\/jorgezanoni.com.br\/2019\/wp-json\/wp\/v2\/posts\/43112\/revisions"}],"wp:featuredmedia":[{"embeddable":true,"href":"https:\/\/jorgezanoni.com.br\/2019\/wp-json\/wp\/v2\/media\/43113"}],"wp:attachment":[{"href":"https:\/\/jorgezanoni.com.br\/2019\/wp-json\/wp\/v2\/media?parent=43112"}],"wp:term":[{"taxonomy":"category","embeddable":true,"href":"https:\/\/jorgezanoni.com.br\/2019\/wp-json\/wp\/v2\/categories?post=43112"},{"taxonomy":"post_tag","embeddable":true,"href":"https:\/\/jorgezanoni.com.br\/2019\/wp-json\/wp\/v2\/tags?post=43112"}],"curies":[{"name":"wp","href":"https:\/\/api.w.org\/{rel}","templated":true}]}}