{"id":42997,"date":"2021-02-10T00:46:11","date_gmt":"2021-02-10T00:46:11","guid":{"rendered":"https:\/\/jorgezanoni.com.br\/2019\/?p=42997"},"modified":"2021-02-10T00:46:11","modified_gmt":"2021-02-10T00:46:11","slug":"carnes-do-iptu-de-dracena-comecarao-a-ser-distribuidos-apos-o-carnaval","status":"publish","type":"post","link":"https:\/\/jorgezanoni.com.br\/2019\/carnes-do-iptu-de-dracena-comecarao-a-ser-distribuidos-apos-o-carnaval\/","title":{"rendered":"Carn\u00eas do IPTU de Dracena come\u00e7ar\u00e3o a ser distribu\u00eddos ap\u00f3s o Carnaval"},"content":{"rendered":"<div id=\"titulo\">\n<div class=\"tituloTextoVereador text-center\" style=\"text-align: justify;\"><strong><em>A partir de hoje, 9, a segunda via do carn\u00ea estar\u00e1 dispon\u00edvel no site da Prefeitura &#8211; www.dracena.sp.gov.br<\/em><\/strong><\/div>\n<div><\/div>\n<\/div>\n<div>\n<div id=\"cont-noticia\">\n<p style=\"text-align: justify;\">Os 23.136 carn\u00eas do Imposto Predial e Territorial Urbano (IPTU) 2021 da Prefeitura de Dracena est\u00e3o prontos para serem distribu\u00eddos pelos Correios. A entrega est\u00e1 prevista para ocorrer depois do Carnaval, no primeiro dia \u00fatil ap\u00f3s, em 17 de fevereiro.<\/p>\n<p style=\"text-align: justify;\">Matilde Lopes de Oliveira Santos, diretora de receitas da municipalidade informou que o reajuste corresponde a 4,52% seguindo o \u00cdndice Nacional de Pre\u00e7os ao Consumidor Amplo (IPCA).<\/p>\n<p style=\"text-align: justify;\">O prazo para solicita\u00e7\u00e3o de isen\u00e7\u00e3o foi conclu\u00eddo em outubro do ano passado.<\/p>\n<p style=\"text-align: justify;\">Matilde explica que quem n\u00e3o receber o carn\u00ea at\u00e9 o dia 9 de mar\u00e7o deve procurar pelo setor de Arrecada\u00e7\u00e3o na Prefeitura, antes do vencimento do documento, cuja primeira parcela vencer\u00e1 em 15 de mar\u00e7o. &#8220;De 10 a 15 de mar\u00e7o pode procurar pela Arrecada\u00e7\u00e3o para solicitar o carn\u00ea&#8221;, diz Matilde.<\/p>\n<p style=\"text-align: justify;\">Ela pontua que a partir de hoje, dia 9, a segunda via do carn\u00ea estar\u00e1 dispon\u00edvel no site da Prefeitura &#8211; www.dracena.sp.gov.br &#8211; no menu IPTU ONLINE (na parte de baixo da p\u00e1gina \u00e0 direita). Para obter basta apresentar o n\u00famero de inscri\u00e7\u00e3o do im\u00f3vel e o n\u00famero do CPF do titular.<\/p>\n<p style=\"text-align: justify;\">Matilde explica que o pagamento \u00e0 vista (cota \u00fanica) tem 10% de desconto e vencer\u00e1 dia 15 de mar\u00e7o. Para quem optar pelo parcelamento a 1\u00aa parcela vencer\u00e1 tamb\u00e9m no dia 15\/3, mas sem desconto.<\/p>\n<p style=\"text-align: justify;\">Fonte: Diretoria de Comunica\u00e7\u00e3o<\/p>\n<\/div>\n<\/div>\n","protected":false},"excerpt":{"rendered":"<p>A partir de hoje, 9, a segunda via do carn\u00ea estar\u00e1 dispon\u00edvel no site da Prefeitura &#8211; www.dracena.sp.gov.br Os 23.136 carn\u00eas do Imposto Predial e Territorial Urbano (IPTU) 2021 da Prefeitura de Dracena est\u00e3o prontos para serem distribu\u00eddos pelos Correios. A entrega est\u00e1 prevista para ocorrer depois do Carnaval, no primeiro dia \u00fatil ap\u00f3s, em [&hellip;]<\/p>\n","protected":false},"author":1,"featured_media":42998,"comment_status":"closed","ping_status":"open","sticky":false,"template":"","format":"standard","meta":{"footnotes":""},"categories":[179,184,110],"tags":[],"class_list":["post-42997","post","type-post","status-publish","format-standard","has-post-thumbnail","hentry","category-cidadeseregiao","category-dracena","category-noticiasdestaque"],"_links":{"self":[{"href":"https:\/\/jorgezanoni.com.br\/2019\/wp-json\/wp\/v2\/posts\/42997","targetHints":{"allow":["GET"]}}],"collection":[{"href":"https:\/\/jorgezanoni.com.br\/2019\/wp-json\/wp\/v2\/posts"}],"about":[{"href":"https:\/\/jorgezanoni.com.br\/2019\/wp-json\/wp\/v2\/types\/post"}],"author":[{"embeddable":true,"href":"https:\/\/jorgezanoni.com.br\/2019\/wp-json\/wp\/v2\/users\/1"}],"replies":[{"embeddable":true,"href":"https:\/\/jorgezanoni.com.br\/2019\/wp-json\/wp\/v2\/comments?post=42997"}],"version-history":[{"count":0,"href":"https:\/\/jorgezanoni.com.br\/2019\/wp-json\/wp\/v2\/posts\/42997\/revisions"}],"wp:featuredmedia":[{"embeddable":true,"href":"https:\/\/jorgezanoni.com.br\/2019\/wp-json\/wp\/v2\/media\/42998"}],"wp:attachment":[{"href":"https:\/\/jorgezanoni.com.br\/2019\/wp-json\/wp\/v2\/media?parent=42997"}],"wp:term":[{"taxonomy":"category","embeddable":true,"href":"https:\/\/jorgezanoni.com.br\/2019\/wp-json\/wp\/v2\/categories?post=42997"},{"taxonomy":"post_tag","embeddable":true,"href":"https:\/\/jorgezanoni.com.br\/2019\/wp-json\/wp\/v2\/tags?post=42997"}],"curies":[{"name":"wp","href":"https:\/\/api.w.org\/{rel}","templated":true}]}}