{"id":42982,"date":"2021-02-09T22:51:28","date_gmt":"2021-02-09T22:51:28","guid":{"rendered":"https:\/\/jorgezanoni.com.br\/2019\/?p=42982"},"modified":"2021-02-09T22:51:28","modified_gmt":"2021-02-09T22:51:28","slug":"policia-civil-recupera-motocicleta-furtada-e-parcialmente-desmontada-em-dracena","status":"publish","type":"post","link":"https:\/\/jorgezanoni.com.br\/2019\/policia-civil-recupera-motocicleta-furtada-e-parcialmente-desmontada-em-dracena\/","title":{"rendered":"Pol\u00edcia Civil recupera Motocicleta furtada e parcialmente desmontada em Dracena"},"content":{"rendered":"<p style=\"text-align: justify;\"><strong>A motocicleta foi encontrada em estado de abandono e com algumas pe\u00e7as faltando. O ve\u00edculo tinha registro de furto na cidade de Panorama.<\/strong><\/p>\n<p style=\"text-align: justify;\">A Pol\u00edcia Civil, por interm\u00e9dio das Unidades Especializadas (Delegacia de Investiga\u00e7\u00f5es Gerais &#8211; DIG, Delegacia de Investiga\u00e7\u00f5es Sobre Entorpecentes &#8211; DISE) de Dracena, nesta ter\u00e7a-feira (9) conseguiu recuperar uma motocicleta com queixa de furto na cidade de Panorama, no dia 26\/01\/21. A motocicleta foi encontrada abandonada e, parcialmente desmontada em uma \u00e1rea verde, nos fundos de um loteamento em constru\u00e7\u00e3o, em Dracena.<\/p>\n<p style=\"text-align: justify;\">Agentes das Unidades Especializadas estavam em atividades investigativas momento em que localizaram a motocicleta em estado de abandono e parcialmente desmontada, em meio a um matagal, existente em \u00e1rea de um residencial em constru\u00e7\u00e3o. Atrav\u00e9s de pesquisa dos sinais identificadores do chassi e do motor do referido ve\u00edculo, foi poss\u00edvel constatar o registro de furto elaborado, na Delegacia de Pol\u00edcia de Panorama, ocorrido no dia 26 de janeiro.<\/p>\n<p style=\"text-align: justify;\">Foi requisitado exame pericial para o local e para o ve\u00edculo encontrado. Posteriormente a motocicleta foi encaminhada \u00e0 sede da DIG\/DISE de Dracena e ap\u00f3s contato com o propriet\u00e1rio, ser\u00e1 realizado a entrega formal da mesma.<\/p>\n<p style=\"text-align: justify;\">As investiga\u00e7\u00f5es do caso ser\u00e3o compartilhadas com a Delegacia de Pol\u00edcia de Panorama, visando identificar o autor do furto e dos poss\u00edveis receptadores.<\/p>\n<p><img loading=\"lazy\" decoding=\"async\" class=\"alignnone size-full wp-image-42983\" src=\"https:\/\/jorgezanoni.com.br\/2019\/wp-content\/uploads\/2021\/02\/moto-2.jpg\" alt=\"\" width=\"1280\" height=\"720\" srcset=\"https:\/\/jorgezanoni.com.br\/2019\/wp-content\/uploads\/2021\/02\/moto-2.jpg 1280w, https:\/\/jorgezanoni.com.br\/2019\/wp-content\/uploads\/2021\/02\/moto-2-300x169.jpg 300w, https:\/\/jorgezanoni.com.br\/2019\/wp-content\/uploads\/2021\/02\/moto-2-1024x576.jpg 1024w, https:\/\/jorgezanoni.com.br\/2019\/wp-content\/uploads\/2021\/02\/moto-2-768x432.jpg 768w, https:\/\/jorgezanoni.com.br\/2019\/wp-content\/uploads\/2021\/02\/moto-2-696x392.jpg 696w, https:\/\/jorgezanoni.com.br\/2019\/wp-content\/uploads\/2021\/02\/moto-2-1068x601.jpg 1068w, https:\/\/jorgezanoni.com.br\/2019\/wp-content\/uploads\/2021\/02\/moto-2-747x420.jpg 747w\" sizes=\"auto, (max-width: 1280px) 100vw, 1280px\" \/><\/p>\n<p>Fonte: Com. Social Pol\u00edcia Civil<\/p>\n","protected":false},"excerpt":{"rendered":"<p>A motocicleta foi encontrada em estado de abandono e com algumas pe\u00e7as faltando. O ve\u00edculo tinha registro de furto na cidade de Panorama. A Pol\u00edcia Civil, por interm\u00e9dio das Unidades Especializadas (Delegacia de Investiga\u00e7\u00f5es Gerais &#8211; DIG, Delegacia de Investiga\u00e7\u00f5es Sobre Entorpecentes &#8211; DISE) de Dracena, nesta ter\u00e7a-feira (9) conseguiu recuperar uma motocicleta com queixa [&hellip;]<\/p>\n","protected":false},"author":1,"featured_media":42984,"comment_status":"closed","ping_status":"open","sticky":false,"template":"","format":"standard","meta":{"footnotes":""},"categories":[110,2],"tags":[],"class_list":["post-42982","post","type-post","status-publish","format-standard","has-post-thumbnail","hentry","category-noticiasdestaque","category-policial"],"_links":{"self":[{"href":"https:\/\/jorgezanoni.com.br\/2019\/wp-json\/wp\/v2\/posts\/42982","targetHints":{"allow":["GET"]}}],"collection":[{"href":"https:\/\/jorgezanoni.com.br\/2019\/wp-json\/wp\/v2\/posts"}],"about":[{"href":"https:\/\/jorgezanoni.com.br\/2019\/wp-json\/wp\/v2\/types\/post"}],"author":[{"embeddable":true,"href":"https:\/\/jorgezanoni.com.br\/2019\/wp-json\/wp\/v2\/users\/1"}],"replies":[{"embeddable":true,"href":"https:\/\/jorgezanoni.com.br\/2019\/wp-json\/wp\/v2\/comments?post=42982"}],"version-history":[{"count":0,"href":"https:\/\/jorgezanoni.com.br\/2019\/wp-json\/wp\/v2\/posts\/42982\/revisions"}],"wp:featuredmedia":[{"embeddable":true,"href":"https:\/\/jorgezanoni.com.br\/2019\/wp-json\/wp\/v2\/media\/42984"}],"wp:attachment":[{"href":"https:\/\/jorgezanoni.com.br\/2019\/wp-json\/wp\/v2\/media?parent=42982"}],"wp:term":[{"taxonomy":"category","embeddable":true,"href":"https:\/\/jorgezanoni.com.br\/2019\/wp-json\/wp\/v2\/categories?post=42982"},{"taxonomy":"post_tag","embeddable":true,"href":"https:\/\/jorgezanoni.com.br\/2019\/wp-json\/wp\/v2\/tags?post=42982"}],"curies":[{"name":"wp","href":"https:\/\/api.w.org\/{rel}","templated":true}]}}