{"id":42973,"date":"2021-02-09T17:52:08","date_gmt":"2021-02-09T17:52:08","guid":{"rendered":"https:\/\/jorgezanoni.com.br\/2019\/?p=42973"},"modified":"2021-02-09T17:52:08","modified_gmt":"2021-02-09T17:52:08","slug":"pandemia-covid-19-momento-preocupa-executivo-e-pede-ampliacao-da-enfermaria-na-santa-casa","status":"publish","type":"post","link":"https:\/\/jorgezanoni.com.br\/2019\/pandemia-covid-19-momento-preocupa-executivo-e-pede-ampliacao-da-enfermaria-na-santa-casa\/","title":{"rendered":"Pandemia COVID-19: Momento preocupa executivo e pede amplia\u00e7\u00e3o da Enfermaria na Santa Casa"},"content":{"rendered":"<p style=\"text-align: justify;\"><strong>A partir de hoje, a Santa Casa de Dracena recebe curr\u00edculos de profissionais de enfermagem e auxiliar de enfermagem.<\/strong><strong>\u00a0<\/strong><\/p>\n<p style=\"text-align: justify;\">A Secretaria de Sa\u00fade do munic\u00edpio de Dracena solicitou reuni\u00e3o na tarde desta segunda-feira, 8, com a diretoria da Santa Casa local, para tratar a situa\u00e7\u00e3o da pandemia na cidade, que vive o pior momento desde o in\u00edcio, no m\u00eas de mar\u00e7o, do ano que passou. A doen\u00e7a est\u00e1 acometendo tanto pessoas mais velhas, aquelas que j\u00e1 possuem comorbidades, como tamb\u00e9m vem sendo observado o cont\u00e1gio de jovens, tendo at\u00e9 que passar por procedimentos mais intensos, como entubar. H\u00e1 ainda outra preocupa\u00e7\u00e3o, em raz\u00e3o do agravamento de casos com a necessidade de um maior per\u00edodo de cuidados hospitalares, como perman\u00eancia em leitos de UTI.<\/p>\n<p style=\"text-align: justify;\">O avan\u00e7o da doen\u00e7a na cidade \u00e9 uma grande preocupa\u00e7\u00e3o do Executivo municipal, que est\u00e1 tomando medidas para poder oferecer assist\u00eancia de sa\u00fade aos doentes que procuram pelo servi\u00e7o.<\/p>\n<p style=\"text-align: justify;\">O prefeito Andr\u00e9 Lemos participou da reuni\u00e3o na segunda, e, junto a Santa Casa busca uma medida de parceria com o hospital, para que seja aumentada a enfermaria covid 19 na unidade.<\/p>\n<p style=\"text-align: justify;\">A diretoria da Santa Casa tamb\u00e9m est\u00e1 preocupada e se empenhando para oferecer um servi\u00e7o de qualidade aos pacientes.<\/p>\n<p style=\"text-align: justify;\">O cen\u00e1rio da pandemia no munic\u00edpio de umas duas semanas para c\u00e1, piorou muito, al\u00e9m do Centro de Atendimento Municipal ao Covid (CEMAC) at\u00e9 o Pronto Atendimento Municipal est\u00e1 sendo utilizado para receber pacientes acometidos pela doen\u00e7a.<\/p>\n<p style=\"text-align: justify;\">O CEMAC tamb\u00e9m est\u00e1 com sua capacidade considerada alta, inclusive com pacientes internados no local, aguardando transfer\u00eancias para hospitais.<\/p>\n<p style=\"text-align: justify;\">Nesta segunda-feira, houve a necessidade de ser entubado pacientes no PAM. A situa\u00e7\u00e3o ocorre tamb\u00e9m, porque faltam leitos dispon\u00edveis na UTI local.<\/p>\n<p style=\"text-align: justify;\">Al\u00e9m da falta de vagas na Santa Casa para receber pacientes mais afetados pela doen\u00e7a, tamb\u00e9m est\u00e1 ocorrendo \u00e0 falta de m\u00e3o-de-obra, como auxiliar de enfermagem e enfermeiros.<\/p>\n<p style=\"text-align: justify;\">Tanto a Santa Casa quanto o munic\u00edpio (Secretaria de Sa\u00fade) pretendem contratar nos pr\u00f3ximos dias esses profissionais. Interessados em trabalhar devem entregar o curr\u00edculo a partir de hoje, 9, na Santa Casa de Dracena \u2013 setor de Recursos Humanos, das 8h \u00e0s 17h.<\/p>\n<p style=\"text-align: justify;\">A diretoria da Santa Casa pontuou que neste momento a estrutura da enfermaria Covid dever\u00e1 ser revista, porque a pandemia ganhou propor\u00e7\u00f5es bem maiores do que o ocorrido no ano passado.<\/p>\n<p style=\"text-align: justify;\"><strong>CENTRO COVID<\/strong><\/p>\n<p style=\"text-align: justify;\">O CEMAC funciona 24 horas todos os dias. Na semana passada, foram instaladas tendas em frente ao Centro, para os acompanhantes. Dessa forma, eles n\u00e3o precisam ficar dentro da unidade, j\u00e1 que l\u00e1 \u00e9 um lugar contaminado. Pacientes que querem aguardar do lado de fora tamb\u00e9m podem permanecer na tenda.<\/p>\n<p style=\"text-align: justify;\">As autoridades de sa\u00fade municipais alertam a popula\u00e7\u00e3o a intensificarem os devidos cuidados, como no in\u00edcio da pandemia, evitando ser contaminada pelo novo coronav\u00edrus.<\/p>\n<p style=\"text-align: justify;\"><strong>\u00a0<\/strong><\/p>\n<p style=\"text-align: justify;\"><strong>Casos positivos de janeiro 1\u00b0 a 31 de janeiro<\/strong><\/p>\n<p style=\"text-align: justify;\">396 &#8211; casos positivos<\/p>\n<p style=\"text-align: justify;\">1.938 &#8211; atendimentos<\/p>\n<p style=\"text-align: justify;\">1.138 &#8211; s\u00edndrome gripal<\/p>\n<p style=\"text-align: justify;\">\n<p style=\"text-align: justify;\"><strong>Fevereiro de 1\u00b0 a 8 de fevereiro<\/strong><\/p>\n<p style=\"text-align: justify;\">251 &#8211; s\u00edndrome gripal<\/p>\n<p style=\"text-align: justify;\">190 &#8211; casos positivos<\/p>\n<p style=\"text-align: justify;\">\n<p style=\"text-align: justify;\"><strong>VEJA COMO \u00c9 O FUNCIONAMENTO DO CEMAC<\/strong><\/p>\n<p style=\"text-align: justify;\">De segunda a sexta-feira<\/p>\n<p style=\"text-align: justify;\">6h30 \u00e0s 7h30 = coleta de teste r\u00e1pido<\/p>\n<p style=\"text-align: justify;\">7h30 \u00e0s 9h = agendamento de alta m\u00e9dica<\/p>\n<p style=\"text-align: justify;\">9h \u00e0s 10h = reavalia\u00e7\u00e3o para alta<\/p>\n<p style=\"text-align: justify;\">10h \u00e0s 13h = primeiras consultas, triagem, notifica\u00e7\u00e3o, termo de isolamento e agendamento de exames<\/p>\n<p style=\"text-align: justify;\">13h \u00e0s 16h = atendimento dos casos positivos<\/p>\n<p style=\"text-align: justify;\">16h \u00e0s 18h = consultas da demanda<\/p>\n<p style=\"text-align: justify;\">19h = coleta de Swab, as amostras devem ser coletadas a partir do 3\u00b0 at\u00e9 o 7\u00b0 dia de sintomas<\/p>\n<p style=\"text-align: justify;\">19h30 at\u00e9 20h30 = retirada dos resultados negativos e agendamento para reavalia\u00e7\u00e3o dos testes r\u00e1pidos negativo.<\/p>\n<p style=\"text-align: justify;\">A partir das 20h30 livre demanda. O CEMAC funciona 24h.<\/p>\n<p style=\"text-align: justify;\"><strong>DENGUE <\/strong><\/p>\n<p style=\"text-align: justify;\">Durante a reuni\u00e3o desta segunda-feira, tamb\u00e9m foi comentando a respeito da dengue, porque se houver um aumento de casos na cidade, moradores necessitar\u00e3o dos servi\u00e7os hospitalares tamb\u00e9m, dificuldade ainda mais a situa\u00e7\u00e3o dos atendimentos.<\/p>\n<p style=\"text-align: justify;\">Cedida Sa\u00fade<\/p>\n<p style=\"text-align: justify;\"><img loading=\"lazy\" decoding=\"async\" class=\"alignnone size-full wp-image-42974\" src=\"https:\/\/jorgezanoni.com.br\/2019\/wp-content\/uploads\/2021\/02\/tenda.jpg\" alt=\"\" width=\"1280\" height=\"960\" srcset=\"https:\/\/jorgezanoni.com.br\/2019\/wp-content\/uploads\/2021\/02\/tenda.jpg 1280w, https:\/\/jorgezanoni.com.br\/2019\/wp-content\/uploads\/2021\/02\/tenda-300x225.jpg 300w, https:\/\/jorgezanoni.com.br\/2019\/wp-content\/uploads\/2021\/02\/tenda-1024x768.jpg 1024w, https:\/\/jorgezanoni.com.br\/2019\/wp-content\/uploads\/2021\/02\/tenda-768x576.jpg 768w, https:\/\/jorgezanoni.com.br\/2019\/wp-content\/uploads\/2021\/02\/tenda-80x60.jpg 80w, https:\/\/jorgezanoni.com.br\/2019\/wp-content\/uploads\/2021\/02\/tenda-265x198.jpg 265w, https:\/\/jorgezanoni.com.br\/2019\/wp-content\/uploads\/2021\/02\/tenda-696x522.jpg 696w, https:\/\/jorgezanoni.com.br\/2019\/wp-content\/uploads\/2021\/02\/tenda-1068x801.jpg 1068w, https:\/\/jorgezanoni.com.br\/2019\/wp-content\/uploads\/2021\/02\/tenda-560x420.jpg 560w\" sizes=\"auto, (max-width: 1280px) 100vw, 1280px\" \/><img loading=\"lazy\" decoding=\"async\" class=\"alignnone size-full wp-image-42975\" src=\"https:\/\/jorgezanoni.com.br\/2019\/wp-content\/uploads\/2021\/02\/santa-casa-6.jpg\" alt=\"\" width=\"800\" height=\"369\" srcset=\"https:\/\/jorgezanoni.com.br\/2019\/wp-content\/uploads\/2021\/02\/santa-casa-6.jpg 800w, https:\/\/jorgezanoni.com.br\/2019\/wp-content\/uploads\/2021\/02\/santa-casa-6-300x138.jpg 300w, https:\/\/jorgezanoni.com.br\/2019\/wp-content\/uploads\/2021\/02\/santa-casa-6-768x354.jpg 768w, https:\/\/jorgezanoni.com.br\/2019\/wp-content\/uploads\/2021\/02\/santa-casa-6-696x321.jpg 696w\" sizes=\"auto, (max-width: 800px) 100vw, 800px\" \/><\/p>\n<p style=\"text-align: justify;\">Tendas emprestadas pela Pousada Bom Samaritano, instaladas na semana que passou em frente ao CEMAC, para acomodar familiares de pacientes<\/p>\n<p style=\"text-align: justify;\">Fonte: Diretoria de Comunica\u00e7\u00e3o<\/p>\n<p>&nbsp;<\/p>\n","protected":false},"excerpt":{"rendered":"<p>A partir de hoje, a Santa Casa de Dracena recebe curr\u00edculos de profissionais de enfermagem e auxiliar de enfermagem.\u00a0 A Secretaria de Sa\u00fade do munic\u00edpio de Dracena solicitou reuni\u00e3o na tarde desta segunda-feira, 8, com a diretoria da Santa Casa local, para tratar a situa\u00e7\u00e3o da pandemia na cidade, que vive o pior momento desde [&hellip;]<\/p>\n","protected":false},"author":1,"featured_media":42976,"comment_status":"closed","ping_status":"open","sticky":false,"template":"","format":"standard","meta":{"footnotes":""},"categories":[110,122],"tags":[],"class_list":["post-42973","post","type-post","status-publish","format-standard","has-post-thumbnail","hentry","category-noticiasdestaque","category-saudeeducacaoeconcurso"],"_links":{"self":[{"href":"https:\/\/jorgezanoni.com.br\/2019\/wp-json\/wp\/v2\/posts\/42973","targetHints":{"allow":["GET"]}}],"collection":[{"href":"https:\/\/jorgezanoni.com.br\/2019\/wp-json\/wp\/v2\/posts"}],"about":[{"href":"https:\/\/jorgezanoni.com.br\/2019\/wp-json\/wp\/v2\/types\/post"}],"author":[{"embeddable":true,"href":"https:\/\/jorgezanoni.com.br\/2019\/wp-json\/wp\/v2\/users\/1"}],"replies":[{"embeddable":true,"href":"https:\/\/jorgezanoni.com.br\/2019\/wp-json\/wp\/v2\/comments?post=42973"}],"version-history":[{"count":0,"href":"https:\/\/jorgezanoni.com.br\/2019\/wp-json\/wp\/v2\/posts\/42973\/revisions"}],"wp:featuredmedia":[{"embeddable":true,"href":"https:\/\/jorgezanoni.com.br\/2019\/wp-json\/wp\/v2\/media\/42976"}],"wp:attachment":[{"href":"https:\/\/jorgezanoni.com.br\/2019\/wp-json\/wp\/v2\/media?parent=42973"}],"wp:term":[{"taxonomy":"category","embeddable":true,"href":"https:\/\/jorgezanoni.com.br\/2019\/wp-json\/wp\/v2\/categories?post=42973"},{"taxonomy":"post_tag","embeddable":true,"href":"https:\/\/jorgezanoni.com.br\/2019\/wp-json\/wp\/v2\/tags?post=42973"}],"curies":[{"name":"wp","href":"https:\/\/api.w.org\/{rel}","templated":true}]}}