{"id":42966,"date":"2021-02-09T17:17:42","date_gmt":"2021-02-09T17:17:42","guid":{"rendered":"https:\/\/jorgezanoni.com.br\/2019\/?p=42966"},"modified":"2021-02-09T17:19:30","modified_gmt":"2021-02-09T17:19:30","slug":"dracena-laranja-de-novo","status":"publish","type":"post","link":"https:\/\/jorgezanoni.com.br\/2019\/dracena-laranja-de-novo\/","title":{"rendered":"Dracena Laranja, de novo!"},"content":{"rendered":"<p style=\"text-align: justify;\"><strong>DRACENA LARANJA, DE NOVO! <\/strong><\/p>\n<p style=\"text-align: justify;\">Hoje, 09\/02, Dracena amanheceu novamente na chamada \u201cfase laranja\u201d do \u201cPlano S\u00e3o Paulo\u201d de combate \u00e0 epidemia de Covid-SP.<\/p>\n<p style=\"text-align: justify;\">Por\u00e9m, desta vez houve uma surpresa: embora a regi\u00e3o de Presidente Prudente tenha \u201cevolu\u00eddo\u201d para a \u201cfase amarela\u201d, um pouco mais flex\u00edvel que a laranja, o prefeito de Dracena, ap\u00f3s reuni\u00e3o com membros do Minist\u00e9rio P\u00fablico local, decidiu por decretar o retorno \u00e0 fase anterior.<\/p>\n<p style=\"text-align: justify;\">Excelente decis\u00e3o!<\/p>\n<p style=\"text-align: justify;\">Primeiramente, por que h\u00e1 not\u00edcias de pacientes atualmente transferidos de Dracena para outras cidades (Pirapozinho, salvo engano) por falta de leitos na UTI local. Ora, se hoje j\u00e1 ocorre isso, imaginem o que poderia ocorrer com uma maior flexibiliza\u00e7\u00e3o do isolamento?!?<\/p>\n<p style=\"text-align: justify;\">Por outro lado, tem-se not\u00edcias de que hospitais privados de todo o pa\u00eds est\u00e3o lotados pela popula\u00e7\u00e3o das chamadas classes \u201cA\u201d e \u201cB\u201d (classe m\u00e9dia), que, embora tenha ficado em \u201chome office\u201d no in\u00edcio da pandemia, ultimamente tem ido a festas, restaurantes e confraterniza\u00e7\u00f5es, se infectando e transmitindo o novo coronav\u00edrus. (fonte: <a href=\"https:\/\/brasil.elpais.com\/brasil\/2020-12-14\/classe-media-sai-da-quarentena-para-os-bracos-da-covid-19-e-lota-hospitais-privados-no-brasil.html?ssm=FB_CC&amp;fbclid=IwAR0As03WLFhjmdcdUhLNbRbw7Z4T5iNPBf3qvAiEi3F9uoyPS7Y71RmA7_8\">https:\/\/brasil.elpais.com\/brasil\/2020-12-14\/classe-media-sai-da-quarentena-para-os-bracos-da-covid-19-e-lota-hospitais-privados-no-brasil.html?ssm=FB_CC&amp;fbclid=IwAR0As03WLFhjmdcdUhLNbRbw7Z4T5iNPBf3qvAiEi3F9uoyPS7Y71RmA7_8<\/a>).<\/p>\n<p style=\"text-align: justify;\">N\u00e3o se discute aqui as consequ\u00eancias e\/ou distor\u00e7\u00f5es ou equ\u00edvocos que uma fase ou outra possam ter; idem a programa\u00e7\u00e3o de quem est\u00e1 sendo vacinado contra o v\u00edrus.<\/p>\n<p style=\"text-align: justify;\">\u00c9 dif\u00edcil de compreender, por exemplo, que bares sejam proibidos de abrir na fase laranja e restaurantes, casas lot\u00e9ricas e bancos possam faz\u00ea-lo!<\/p>\n<p style=\"text-align: justify;\">No entanto, as fases do \u201cPlano S\u00e3o Paulo\u201d foram institu\u00eddas pelo governo do Estado e servem como par\u00e2metro e diretrizes para a pol\u00edtica de isolamento social seguida pelos prefeitos municipais.<\/p>\n<p style=\"text-align: justify;\">Doutro lado, ao contr\u00e1rio do que muitos sustentavam no in\u00edcio da institui\u00e7\u00e3o da quarentena, n\u00e3o se tem not\u00edcias de que, ao menos no Brasil, algu\u00e9m tenha \u201cmorrido de fome\u201d por n\u00e3o poder trabalhar durante os per\u00edodos de isolamento social.<\/p>\n<p style=\"text-align: justify;\">Em resumo, \u00e9 preciso ter bom senso e reconhecer que ainda estamos passando por um per\u00edodo extremamente cr\u00edtico da pandemia, talvez at\u00e9 pior que a tal da \u201cprimeira onda\u201d de infec\u00e7\u00f5es, cabendo a todos n\u00f3s a responsabilidade social de, al\u00e9m de n\u00f3s mesmo, cuidarmos da nossa comunidade como um todo, pois \u00e9 nela que n\u00f3s, nossas fam\u00edlias e amigos vivemos.<\/p>\n<p style=\"text-align: justify;\">Por fim, fica a indaga\u00e7\u00e3o se os col\u00e9gios dracenenses tamb\u00e9m v\u00e3o suspender as aulas presenciais ou v\u00e3o teimar nessa equivocada e temerosa decis\u00e3o de expor nossas crian\u00e7as e jovens ao imprevis\u00edvel risco de contamina\u00e7\u00e3o pelo mortal coronav\u00edrus.<\/p>\n<p style=\"text-align: justify;\">Vidas importam!<\/p>\n<p style=\"text-align: justify;\"><a href=\"mailto:vladimirdemattos@hotmail.com\">vladimirdemattos@hotmail.com<\/a><\/p>\n","protected":false},"excerpt":{"rendered":"<p>DRACENA LARANJA, DE NOVO! Hoje, 09\/02, Dracena amanheceu novamente na chamada \u201cfase laranja\u201d do \u201cPlano S\u00e3o Paulo\u201d de combate \u00e0 epidemia de Covid-SP. Por\u00e9m, desta vez houve uma surpresa: embora a regi\u00e3o de Presidente Prudente tenha \u201cevolu\u00eddo\u201d para a \u201cfase amarela\u201d, um pouco mais flex\u00edvel que a laranja, o prefeito de Dracena, ap\u00f3s reuni\u00e3o com [&hellip;]<\/p>\n","protected":false},"author":1,"featured_media":42967,"comment_status":"closed","ping_status":"open","sticky":false,"template":"","format":"standard","meta":{"footnotes":""},"categories":[175],"tags":[],"class_list":["post-42966","post","type-post","status-publish","format-standard","has-post-thumbnail","hentry","category-artigos"],"_links":{"self":[{"href":"https:\/\/jorgezanoni.com.br\/2019\/wp-json\/wp\/v2\/posts\/42966","targetHints":{"allow":["GET"]}}],"collection":[{"href":"https:\/\/jorgezanoni.com.br\/2019\/wp-json\/wp\/v2\/posts"}],"about":[{"href":"https:\/\/jorgezanoni.com.br\/2019\/wp-json\/wp\/v2\/types\/post"}],"author":[{"embeddable":true,"href":"https:\/\/jorgezanoni.com.br\/2019\/wp-json\/wp\/v2\/users\/1"}],"replies":[{"embeddable":true,"href":"https:\/\/jorgezanoni.com.br\/2019\/wp-json\/wp\/v2\/comments?post=42966"}],"version-history":[{"count":0,"href":"https:\/\/jorgezanoni.com.br\/2019\/wp-json\/wp\/v2\/posts\/42966\/revisions"}],"wp:featuredmedia":[{"embeddable":true,"href":"https:\/\/jorgezanoni.com.br\/2019\/wp-json\/wp\/v2\/media\/42967"}],"wp:attachment":[{"href":"https:\/\/jorgezanoni.com.br\/2019\/wp-json\/wp\/v2\/media?parent=42966"}],"wp:term":[{"taxonomy":"category","embeddable":true,"href":"https:\/\/jorgezanoni.com.br\/2019\/wp-json\/wp\/v2\/categories?post=42966"},{"taxonomy":"post_tag","embeddable":true,"href":"https:\/\/jorgezanoni.com.br\/2019\/wp-json\/wp\/v2\/tags?post=42966"}],"curies":[{"name":"wp","href":"https:\/\/api.w.org\/{rel}","templated":true}]}}