{"id":42962,"date":"2021-02-09T16:56:51","date_gmt":"2021-02-09T16:56:51","guid":{"rendered":"https:\/\/jorgezanoni.com.br\/2019\/?p=42962"},"modified":"2021-02-09T16:56:51","modified_gmt":"2021-02-09T16:56:51","slug":"policial-penal-da-penitenciaria-de-florida-paulista-morre-vitima-da-covid-19","status":"publish","type":"post","link":"https:\/\/jorgezanoni.com.br\/2019\/policial-penal-da-penitenciaria-de-florida-paulista-morre-vitima-da-covid-19\/","title":{"rendered":"Policial penal da Penitenci\u00e1ria de Fl\u00f3rida Paulista morre v\u00edtima da Covid-19"},"content":{"rendered":"<p style=\"text-align: justify;\"><strong>Um policial penal (antigo agente penitenci\u00e1rio), de 47 anos \u00e9 nova v\u00edtima da Covid-19 entre os servidores do sistema prisional.<\/strong><\/p>\n<p style=\"text-align: justify;\">Segundo divulgado pelo blog\u00a0<em>leandroleandro2018.blogspot.com\/,\u00a0<\/em>no final do m\u00eas de janeiro, o policial penal n\u00e3o estava se sentindo bem e foi afastado por m\u00e9dicos atrav\u00e9s de licen\u00e7a, por\u00e9m, a situa\u00e7\u00e3o se agravou e no \u00faltimo domingo ele procurou ajuda hospitalar com dificuldades em respirar e foi internado na Santa Casa de Adamantina onde por volta das 20h desta segunda-feira (8), sofreu uma parada respirat\u00f3ria e faleceu.<\/p>\n<p style=\"text-align: justify;\">Ele atuava no turno II da carceragem da Penitenci\u00e1ria de Fl\u00f3rida Paulista onde estava lotado h\u00e1 10 anos.<\/p>\n<p style=\"text-align: justify;\">Sem vel\u00f3rio, seu corpo foi sepultado \u00e0s 8h30 desta ter\u00e7a-feira (9) no Cemit\u00e9rio de Adamantina.<\/p>\n<p style=\"text-align: justify;\">Ainda segundo o blog, ele \u00e9 a 40\u00aa v\u00edtima da doen\u00e7a entre os policiais penais do Estado.<\/p>\n<p style=\"text-align: justify;\">A partida precoce do policial penal deixou consternados os amigos de trabalho e familiares.<\/p>\n<p style=\"text-align: justify;\"><strong>POSICIONAMENTO DA SAP<\/strong><\/p>\n<p style=\"text-align: justify;\">A reportagem do jornal e site\u00a0<strong><em>Folha Regional<\/em><\/strong>\u00a0encaminhou um pedido de informa\u00e7\u00f5es sobre o real cen\u00e1rio da Covid-19 na Penitenci\u00e1ria de Fl\u00f3rida Paulista e aguarda um posicionamento da Secretaria de Administra\u00e7\u00e3o Penitenci\u00e1ria.<\/p>\n<p style=\"text-align: justify;\">Fonte: Folha Regional<\/p>\n","protected":false},"excerpt":{"rendered":"<p>Um policial penal (antigo agente penitenci\u00e1rio), de 47 anos \u00e9 nova v\u00edtima da Covid-19 entre os servidores do sistema prisional. Segundo divulgado pelo blog\u00a0leandroleandro2018.blogspot.com\/,\u00a0no final do m\u00eas de janeiro, o policial penal n\u00e3o estava se sentindo bem e foi afastado por m\u00e9dicos atrav\u00e9s de licen\u00e7a, por\u00e9m, a situa\u00e7\u00e3o se agravou e no \u00faltimo domingo ele [&hellip;]<\/p>\n","protected":false},"author":1,"featured_media":42963,"comment_status":"closed","ping_status":"open","sticky":false,"template":"","format":"standard","meta":{"footnotes":""},"categories":[178,110],"tags":[],"class_list":["post-42962","post","type-post","status-publish","format-standard","has-post-thumbnail","hentry","category-notadefalecimento","category-noticiasdestaque"],"_links":{"self":[{"href":"https:\/\/jorgezanoni.com.br\/2019\/wp-json\/wp\/v2\/posts\/42962","targetHints":{"allow":["GET"]}}],"collection":[{"href":"https:\/\/jorgezanoni.com.br\/2019\/wp-json\/wp\/v2\/posts"}],"about":[{"href":"https:\/\/jorgezanoni.com.br\/2019\/wp-json\/wp\/v2\/types\/post"}],"author":[{"embeddable":true,"href":"https:\/\/jorgezanoni.com.br\/2019\/wp-json\/wp\/v2\/users\/1"}],"replies":[{"embeddable":true,"href":"https:\/\/jorgezanoni.com.br\/2019\/wp-json\/wp\/v2\/comments?post=42962"}],"version-history":[{"count":0,"href":"https:\/\/jorgezanoni.com.br\/2019\/wp-json\/wp\/v2\/posts\/42962\/revisions"}],"wp:featuredmedia":[{"embeddable":true,"href":"https:\/\/jorgezanoni.com.br\/2019\/wp-json\/wp\/v2\/media\/42963"}],"wp:attachment":[{"href":"https:\/\/jorgezanoni.com.br\/2019\/wp-json\/wp\/v2\/media?parent=42962"}],"wp:term":[{"taxonomy":"category","embeddable":true,"href":"https:\/\/jorgezanoni.com.br\/2019\/wp-json\/wp\/v2\/categories?post=42962"},{"taxonomy":"post_tag","embeddable":true,"href":"https:\/\/jorgezanoni.com.br\/2019\/wp-json\/wp\/v2\/tags?post=42962"}],"curies":[{"name":"wp","href":"https:\/\/api.w.org\/{rel}","templated":true}]}}