{"id":42929,"date":"2021-02-09T01:53:49","date_gmt":"2021-02-09T01:53:49","guid":{"rendered":"https:\/\/jorgezanoni.com.br\/2019\/?p=42929"},"modified":"2021-02-09T01:53:49","modified_gmt":"2021-02-09T01:53:49","slug":"acusado-de-crime-barbaro-em-pompeia-e-preso-em-campo-grande","status":"publish","type":"post","link":"https:\/\/jorgezanoni.com.br\/2019\/acusado-de-crime-barbaro-em-pompeia-e-preso-em-campo-grande\/","title":{"rendered":"Acusado de crime b\u00e1rbaro em Pompeia \u00e9 preso em Campo Grande"},"content":{"rendered":"<p style=\"text-align: justify;\">Equipe do Grupo de Pronta Interven\u00e7\u00e3o (GPI), unidade de elite da Guarda Civil de Campo Grande (MS) \u2013 distante 629 quil\u00f4metros de Mar\u00edlia \u2013 prendeu na tarde desta segunda-feira (8) o psic\u00f3logo Fabr\u00edcio Buim Arena Belinato, de 36 anos, acusado de matar a esposa e a enteada de nove anos em Pompeia.<\/p>\n<p style=\"text-align: justify;\">Com cabelo raspado e uniforme de trabalho, ele foi preso ap\u00f3s ter sido reconhecido por guardas municipais em uma obra no Jardim Maca\u00fabas, regi\u00e3o sul da capital do Mato Grosso do Sul.<\/p>\n<p style=\"text-align: justify;\">O delegado Cl\u00e1udio Anunciatto Filho, titular da Pol\u00edcia Civil de Pompeia, confirmou a pris\u00e3o e disse que a pol\u00edcia havia intensificado o compartilhamento de informa\u00e7\u00f5es com todas as for\u00e7as de seguran\u00e7a da regi\u00e3o Centro Oeste do pa\u00eds. No final de semana, Fabr\u00edcio escapou por pouco na cidade de Bataguassu (MS).<\/p>\n<div id=\"attachment_308960\" class=\"wp-caption aligncenter\" style=\"text-align: justify;\"><img loading=\"lazy\" decoding=\"async\" class=\"wp-image-308960 size-full\" src=\"https:\/\/marilianoticia.com.br\/wp-content\/uploads\/2021\/02\/WhatsApp-Image-2021-02-08-at-19.54.53-1.jpeg\" sizes=\"auto, (max-width: 958px) 100vw, 958px\" srcset=\"https:\/\/marilianoticia.com.br\/wp-content\/uploads\/2021\/02\/WhatsApp-Image-2021-02-08-at-19.54.53-1.jpeg 958w, https:\/\/marilianoticia.com.br\/wp-content\/uploads\/2021\/02\/WhatsApp-Image-2021-02-08-at-19.54.53-1-400x534.jpeg 400w, https:\/\/marilianoticia.com.br\/wp-content\/uploads\/2021\/02\/WhatsApp-Image-2021-02-08-at-19.54.53-1-768x1026.jpeg 768w, https:\/\/marilianoticia.com.br\/wp-content\/uploads\/2021\/02\/WhatsApp-Image-2021-02-08-at-19.54.53-1-299x400.jpeg 299w\" alt=\"\" width=\"958\" height=\"1280\" aria-describedby=\"caption-attachment-308960\" \/><\/p>\n<p id=\"caption-attachment-308960\" class=\"wp-caption-text\">Fabr\u00edcio foi reconhecido e denunciado (Foto: Mar\u00edlia Not\u00edcia)<\/p>\n<\/div>\n<p style=\"text-align: justify;\">\u201cEst\u00e1vamos guardando sigilo, mas realmente era ele em Bataguassu (MS), no s\u00e1bado. Fomos para l\u00e1 assim que recebemos a informa\u00e7\u00e3o, estivemos no hotel, mas ele j\u00e1 havia sa\u00eddo. Disparamos um alerta para toda a regi\u00e3o\u201d, disse o delegado em refer\u00eancia a uma busca no \u00faltimo final de semana, a cerca de 50 quil\u00f4metros de Campo Grande.<\/p>\n<p style=\"text-align: justify;\">Anunciatto disse ainda que uma equipe da Pol\u00edcia Civil local vai partir nas pr\u00f3ximas horas para Campo Grande, afim de trazer o psic\u00f3logo para ser ouvido e recolhido em uma pris\u00e3o de S\u00e3o Paulo.<\/p>\n<p style=\"text-align: justify;\">A expectativa \u00e9 que ele chegue na regi\u00e3o no final da tarde desta ter\u00e7a-feira, mas por medida de seguran\u00e7a, a pol\u00edcia n\u00e3o revelou se Fabr\u00edcio ser\u00e1 trazido para Mar\u00edlia ou Pompeia.<\/p>\n<div id=\"attachment_308968\" class=\"wp-caption aligncenter\" style=\"text-align: justify;\"><img loading=\"lazy\" decoding=\"async\" class=\"wp-image-308968 size-large\" src=\"https:\/\/marilianoticia.com.br\/wp-content\/uploads\/2021\/02\/Sem-t%C3%ADtulo-4-960x586.jpg\" sizes=\"auto, (max-width: 960px) 100vw, 960px\" srcset=\"https:\/\/marilianoticia.com.br\/wp-content\/uploads\/2021\/02\/Sem-t\u00edtulo-4-960x586.jpg 960w, https:\/\/marilianoticia.com.br\/wp-content\/uploads\/2021\/02\/Sem-t\u00edtulo-4-400x244.jpg 400w, https:\/\/marilianoticia.com.br\/wp-content\/uploads\/2021\/02\/Sem-t\u00edtulo-4-768x469.jpg 768w, https:\/\/marilianoticia.com.br\/wp-content\/uploads\/2021\/02\/Sem-t\u00edtulo-4-656x400.jpg 656w, https:\/\/marilianoticia.com.br\/wp-content\/uploads\/2021\/02\/Sem-t\u00edtulo-4.jpg 1249w\" alt=\"\" width=\"960\" height=\"586\" aria-describedby=\"caption-attachment-308968\" \/><\/p>\n<p id=\"caption-attachment-308968\" class=\"wp-caption-text\">Imagem de c\u00e2mara de seguran\u00e7a flagrou Fabr\u00edcio em Bataguassu (MS); pol\u00edcia esteve na cidade no final de semana, mas ele j\u00e1 havia fugido (Foto: Divulga\u00e7\u00e3o)<\/p>\n<\/div>\n<p style=\"text-align: justify;\"><strong>O crime<\/strong><\/p>\n<p style=\"text-align: justify;\">Cristiane Arena, de 34 anos, e Karoline Vit\u00f3ria, de apenas nove anos, foram assassinadas e enterradas no quintal de uma resid\u00eancia no bairro Distrito Industrial em Pompeia. A suspeita \u00e9 que Fabr\u00edcio tenha agido junto com sua outra enteada, de 16 anos.<\/p>\n<p style=\"text-align: justify;\">A m\u00e3e estava sob um contrapiso que havia sido feito recentemente para ocultar o corpo. J\u00e1 a menina em uma cova mais profunda, pr\u00f3ximo de uma \u00e1rvore e uma piscina, sendo necess\u00e1rio o uso de uma escavadeira para retirar o corpo.<\/p>\n<p style=\"text-align: justify;\">As duas estavam desaparecidas desde o fim do ano passado. A pol\u00edcia come\u00e7ou a investigar o caso ap\u00f3s receber, atrav\u00e9s do Conselho Tutelar, den\u00fancia de suposto c\u00e1rcere privado. Os policiais se dirigiram at\u00e9 o im\u00f3vel diversas vezes, at\u00e9 localizarem na resid\u00eancia apenas o homem e a outra enteada.<\/p>\n<div id=\"attachment_308050\" class=\"wp-caption aligncenter\" style=\"text-align: justify;\"><img loading=\"lazy\" decoding=\"async\" class=\"wp-image-308050 size-large\" src=\"https:\/\/marilianoticia.com.br\/wp-content\/uploads\/2021\/02\/WhatsApp-Image-2021-02-03-at-10.15.16-960x1280.jpeg\" alt=\"\" width=\"960\" height=\"1280\" aria-describedby=\"caption-attachment-308050\" \/><\/p>\n<p id=\"caption-attachment-308050\" class=\"wp-caption-text\">Corpos foram encontrados enterrados em quintal (Foto: Jo\u00e3o Trentini)<\/p>\n<\/div>\n<p style=\"text-align: justify;\">Os dois afirmaram \u00e0 pol\u00edcia que Cristiane havia abandonado a casa junto com Karoline para morar com outro homem. A adolescente teria confirmado a vers\u00e3o de abandono por parte da m\u00e3e.<\/p>\n<p style=\"text-align: justify;\">Enquanto Cristiane estava desaparecida, a irm\u00e3 dela usava as redes sociais para tentar encontr\u00e1-la. A mulher chegou a declarar em v\u00eddeos que n\u00e3o acreditava que Cristiane tivesse desaparecido. Ela tamb\u00e9m afirmou que a sobrinha de 16 anos estava se relacionando com o padrasto.<\/p>\n<p style=\"text-align: justify;\">Durantes as investiga\u00e7\u00f5es os policiais constataram que o padrasto e a enteada tinham movimentado a conta corrente de Cristiane, inclusive sacando dinheiro da conta dela.<\/p>\n<div id=\"attachment_307919\" class=\"wp-caption aligncenter\" style=\"text-align: justify;\"><img loading=\"lazy\" decoding=\"async\" class=\"wp-image-307919 size-full\" src=\"https:\/\/marilianoticia.com.br\/wp-content\/uploads\/2021\/02\/142080457_1143335302747411_5179104723128333180_n-e1612296245974.jpg\" alt=\"\" width=\"478\" height=\"390\" aria-describedby=\"caption-attachment-307919\" \/><\/p>\n<p id=\"caption-attachment-307919\" class=\"wp-caption-text\">Os corpos de Cristiane e Karoline foram encontrados enterrados em quintal (Foto: Arquivo Pessoal)<\/p>\n<\/div>\n<p style=\"text-align: justify;\">A descoberta gerou desconfian\u00e7a da pol\u00edcia, que foi at\u00e9 a resid\u00eancia e notou um novo concreto no quintal, refor\u00e7ando ainda mais a hip\u00f3tese de um poss\u00edvel crime.<\/p>\n<p style=\"text-align: justify;\">Detida, a adolescente se recusou a falar. Os exames necrosc\u00f3picos v\u00e3o determinar as causas das mortes, que inicialmente seria facadas em Cristiane e golpe na cabe\u00e7a da filha.<\/p>\n<p style=\"text-align: justify;\">Os laudos tamb\u00e9m v\u00e3o esclarecer h\u00e1 quanto tempo elas estavam sepultadas na pr\u00f3pria casa.<\/p>\n<p style=\"text-align: justify;\">Fonte: https:\/\/marilianoticia.com.br\/<\/p>\n","protected":false},"excerpt":{"rendered":"<p>Equipe do Grupo de Pronta Interven\u00e7\u00e3o (GPI), unidade de elite da Guarda Civil de Campo Grande (MS) \u2013 distante 629 quil\u00f4metros de Mar\u00edlia \u2013 prendeu na tarde desta segunda-feira (8) o psic\u00f3logo Fabr\u00edcio Buim Arena Belinato, de 36 anos, acusado de matar a esposa e a enteada de nove anos em Pompeia. Com cabelo raspado [&hellip;]<\/p>\n","protected":false},"author":1,"featured_media":42930,"comment_status":"closed","ping_status":"open","sticky":false,"template":"","format":"standard","meta":{"footnotes":""},"categories":[110,2],"tags":[],"class_list":["post-42929","post","type-post","status-publish","format-standard","has-post-thumbnail","hentry","category-noticiasdestaque","category-policial"],"_links":{"self":[{"href":"https:\/\/jorgezanoni.com.br\/2019\/wp-json\/wp\/v2\/posts\/42929","targetHints":{"allow":["GET"]}}],"collection":[{"href":"https:\/\/jorgezanoni.com.br\/2019\/wp-json\/wp\/v2\/posts"}],"about":[{"href":"https:\/\/jorgezanoni.com.br\/2019\/wp-json\/wp\/v2\/types\/post"}],"author":[{"embeddable":true,"href":"https:\/\/jorgezanoni.com.br\/2019\/wp-json\/wp\/v2\/users\/1"}],"replies":[{"embeddable":true,"href":"https:\/\/jorgezanoni.com.br\/2019\/wp-json\/wp\/v2\/comments?post=42929"}],"version-history":[{"count":0,"href":"https:\/\/jorgezanoni.com.br\/2019\/wp-json\/wp\/v2\/posts\/42929\/revisions"}],"wp:featuredmedia":[{"embeddable":true,"href":"https:\/\/jorgezanoni.com.br\/2019\/wp-json\/wp\/v2\/media\/42930"}],"wp:attachment":[{"href":"https:\/\/jorgezanoni.com.br\/2019\/wp-json\/wp\/v2\/media?parent=42929"}],"wp:term":[{"taxonomy":"category","embeddable":true,"href":"https:\/\/jorgezanoni.com.br\/2019\/wp-json\/wp\/v2\/categories?post=42929"},{"taxonomy":"post_tag","embeddable":true,"href":"https:\/\/jorgezanoni.com.br\/2019\/wp-json\/wp\/v2\/tags?post=42929"}],"curies":[{"name":"wp","href":"https:\/\/api.w.org\/{rel}","templated":true}]}}