{"id":42926,"date":"2021-02-08T23:23:44","date_gmt":"2021-02-08T23:23:44","guid":{"rendered":"https:\/\/jorgezanoni.com.br\/2019\/?p=42926"},"modified":"2021-02-08T23:23:44","modified_gmt":"2021-02-08T23:23:44","slug":"policia-civil-cumpre-mandado-de-prisao-de-condenado-por-trafico-de-drogas-em-dracena","status":"publish","type":"post","link":"https:\/\/jorgezanoni.com.br\/2019\/policia-civil-cumpre-mandado-de-prisao-de-condenado-por-trafico-de-drogas-em-dracena\/","title":{"rendered":"Pol\u00edcia Civil cumpre mandado de pris\u00e3o de condenado por Tr\u00e1fico de Drogas em Dracena"},"content":{"rendered":"<p><strong>POL\u00cdCIA CIVIL CUMPRE MANDADO DE PRIS\u00c3O DE CONDENADO POR TR\u00c1FICO DE DROGAS EM DRACENA.<\/strong><\/p>\n<p>Agentes das Unidades Especializadas prenderam procurado da justi\u00e7a, em sua resid\u00eancia, no bairro Conj. Hab. Paulo Vendramin. O homem n\u00e3o ofereceu resist\u00eancia e foi conduzido para delegacia.<\/p>\n<p>A Pol\u00edcia Civil, por interm\u00e9dio das Unidades Especializadas (Delegacia de Investiga\u00e7\u00f5es Gerais \u2013 DIG e Delegacia de Investiga\u00e7\u00f5es Sobre Entorpecentes &#8211; DISE), prendeu, nesta segunda-feira (8), em cumprimento a mandado de pris\u00e3o por senten\u00e7a condenat\u00f3ria por tr\u00e1fico de drogas, um homem, 31 anos, no bairro Conj. Hab. Paulo Vendramin, em Dracena.<\/p>\n<p>O homem j\u00e1 havia sido preso, no ano 2018, por ocasi\u00e3o de sua pris\u00e3o em flagrante por crime de tr\u00e1fico de drogas. O inqu\u00e9rito policial foi conclu\u00eddo e encerrado o processo em primeira inst\u00e2ncia, ocasi\u00e3o em que o r\u00e9u foi condenado.<\/p>\n<p>Em, 2019, foi concedido o direito de recorrer em liberdade at\u00e9 o julgamento do recuso junto ao Superior Tribunal de Justi\u00e7a e, da nova decis\u00e3o proferida, no \u00faltimo dia 4, o homem foi condenado em 4 anos e dois meses, em regime semiaberto.<\/p>\n<p>O capturado foi apresentado, na sede das Unidades Especializadas, e ap\u00f3s os procedimentos de pol\u00edcia judici\u00e1ria cab\u00edveis, o preso foi encaminhado para uma unidade prisional, onde permanecer\u00e1 \u00e0 disposi\u00e7\u00e3o da Justi\u00e7a.<\/p>\n<p>Fonte: Com. Social da Pol\u00edcia Civil<\/p>\n","protected":false},"excerpt":{"rendered":"<p>POL\u00cdCIA CIVIL CUMPRE MANDADO DE PRIS\u00c3O DE CONDENADO POR TR\u00c1FICO DE DROGAS EM DRACENA. Agentes das Unidades Especializadas prenderam procurado da justi\u00e7a, em sua resid\u00eancia, no bairro Conj. Hab. Paulo Vendramin. O homem n\u00e3o ofereceu resist\u00eancia e foi conduzido para delegacia. A Pol\u00edcia Civil, por interm\u00e9dio das Unidades Especializadas (Delegacia de Investiga\u00e7\u00f5es Gerais \u2013 DIG [&hellip;]<\/p>\n","protected":false},"author":1,"featured_media":42927,"comment_status":"closed","ping_status":"open","sticky":false,"template":"","format":"standard","meta":{"footnotes":""},"categories":[110,2],"tags":[],"class_list":["post-42926","post","type-post","status-publish","format-standard","has-post-thumbnail","hentry","category-noticiasdestaque","category-policial"],"_links":{"self":[{"href":"https:\/\/jorgezanoni.com.br\/2019\/wp-json\/wp\/v2\/posts\/42926","targetHints":{"allow":["GET"]}}],"collection":[{"href":"https:\/\/jorgezanoni.com.br\/2019\/wp-json\/wp\/v2\/posts"}],"about":[{"href":"https:\/\/jorgezanoni.com.br\/2019\/wp-json\/wp\/v2\/types\/post"}],"author":[{"embeddable":true,"href":"https:\/\/jorgezanoni.com.br\/2019\/wp-json\/wp\/v2\/users\/1"}],"replies":[{"embeddable":true,"href":"https:\/\/jorgezanoni.com.br\/2019\/wp-json\/wp\/v2\/comments?post=42926"}],"version-history":[{"count":0,"href":"https:\/\/jorgezanoni.com.br\/2019\/wp-json\/wp\/v2\/posts\/42926\/revisions"}],"wp:featuredmedia":[{"embeddable":true,"href":"https:\/\/jorgezanoni.com.br\/2019\/wp-json\/wp\/v2\/media\/42927"}],"wp:attachment":[{"href":"https:\/\/jorgezanoni.com.br\/2019\/wp-json\/wp\/v2\/media?parent=42926"}],"wp:term":[{"taxonomy":"category","embeddable":true,"href":"https:\/\/jorgezanoni.com.br\/2019\/wp-json\/wp\/v2\/categories?post=42926"},{"taxonomy":"post_tag","embeddable":true,"href":"https:\/\/jorgezanoni.com.br\/2019\/wp-json\/wp\/v2\/tags?post=42926"}],"curies":[{"name":"wp","href":"https:\/\/api.w.org\/{rel}","templated":true}]}}