{"id":42920,"date":"2021-02-08T22:28:23","date_gmt":"2021-02-08T22:28:23","guid":{"rendered":"https:\/\/jorgezanoni.com.br\/2019\/?p=42920"},"modified":"2021-02-08T23:10:25","modified_gmt":"2021-02-08T23:10:25","slug":"morre-mauro-villanova-que-foi-por-muitos-anos-gerente-regional-da-cdhu","status":"publish","type":"post","link":"https:\/\/jorgezanoni.com.br\/2019\/morre-mauro-villanova-que-foi-por-muitos-anos-gerente-regional-da-cdhu\/","title":{"rendered":"Morre Mauro Villanova que foi por muitos anos Gerente Regional da CDHU"},"content":{"rendered":"<p style=\"text-align: justify;\">Comunicado do Deputado Mauro Bragato.<\/p>\n<p style=\"text-align: justify;\">\u00c9 com extrema tristeza que venho aqui dizer que perdemos um grande amigo que sempre esteve junto em todos os momentos.<br \/>\nMauro Villanova era muito pr\u00f3ximo e muito estimado, um grande amigo de jornada e vai deixar muita saudade.<br \/>\nQue Deus receba-o em Seus bra\u00e7os e que toda sua fam\u00edlia posso ter for\u00e7a para suportar essa grande dor.<br \/>\nV\u00e1 em paz meu amigo, que Deus te aben\u00e7oe sempre!<\/p>\n<p style=\"text-align: justify;\">Do Portal Bueno:<\/p>\n<p style=\"text-align: justify;\">Morreu no fim da tarde desta segunda-feira (08) o venceslauense Mauro Villanova. Ele tinha 58 anos de idade e foi internado h\u00e1 cerca de uma semana na Santa Casa de Presidente Prudente com quadro grave de sa\u00fade provocado pelo coronav\u00edrus.<\/p>\n<p style=\"text-align: justify;\">Nos \u00faltimos dias os exames apontaram em Mauro Villanova uma taxa de 90% dos pulm\u00f5es comprometidos. Ele estava intubado e n\u00e3o resistiu.<\/p>\n<p style=\"text-align: justify;\">Mauro Villanova, foi comerciante no ramo de carnes, e ap\u00f3s deixar o a\u00e7ougue\u00a0passou a atuar na pol\u00edtica em Presidente Venceslau e membro do PSDB. Chegou a ocupar cargos na Associa\u00e7\u00e3o Comercial e na Santa Casa venceslauense. Com muita proximidade junto ao deputado estadual Mauro Bragato (PSDB), recebeu v\u00e1rias indica\u00e7\u00f5es e ocupou por muitos anos cargos p\u00fablicos no Estado de S\u00e3o Paulo nas gest\u00f5es do governador Geraldo Alckmin. Chegou a ser o Gerente Regional da CDHU &#8211; Companhia de Desenvolvimento Habitacional e Urbano\u00a0do Estado de S\u00e3o Paulo na regi\u00e3o de Presidente Prudente.<\/p>\n<p style=\"text-align: justify;\">Nos \u00faltimos anos atuou junto ao empres\u00e1rio de educa\u00e7\u00e3o Fernando Costa no grupo Uniesp. Mauro era casado e deixa os filhos.<\/p>\n<p style=\"text-align: justify;\">Em fun\u00e7\u00e3o da morte ter sido provocada pela Covid-19 e seguindo o protocolo da doen\u00e7a n\u00e3o ser\u00e1 realizado vel\u00f3rio.<\/p>\n","protected":false},"excerpt":{"rendered":"<p>Comunicado do Deputado Mauro Bragato. \u00c9 com extrema tristeza que venho aqui dizer que perdemos um grande amigo que sempre esteve junto em todos os momentos. Mauro Villanova era muito pr\u00f3ximo e muito estimado, um grande amigo de jornada e vai deixar muita saudade. Que Deus receba-o em Seus bra\u00e7os e que toda sua fam\u00edlia [&hellip;]<\/p>\n","protected":false},"author":1,"featured_media":42921,"comment_status":"closed","ping_status":"open","sticky":false,"template":"","format":"standard","meta":{"footnotes":""},"categories":[178,110],"tags":[],"class_list":["post-42920","post","type-post","status-publish","format-standard","has-post-thumbnail","hentry","category-notadefalecimento","category-noticiasdestaque"],"_links":{"self":[{"href":"https:\/\/jorgezanoni.com.br\/2019\/wp-json\/wp\/v2\/posts\/42920","targetHints":{"allow":["GET"]}}],"collection":[{"href":"https:\/\/jorgezanoni.com.br\/2019\/wp-json\/wp\/v2\/posts"}],"about":[{"href":"https:\/\/jorgezanoni.com.br\/2019\/wp-json\/wp\/v2\/types\/post"}],"author":[{"embeddable":true,"href":"https:\/\/jorgezanoni.com.br\/2019\/wp-json\/wp\/v2\/users\/1"}],"replies":[{"embeddable":true,"href":"https:\/\/jorgezanoni.com.br\/2019\/wp-json\/wp\/v2\/comments?post=42920"}],"version-history":[{"count":0,"href":"https:\/\/jorgezanoni.com.br\/2019\/wp-json\/wp\/v2\/posts\/42920\/revisions"}],"wp:featuredmedia":[{"embeddable":true,"href":"https:\/\/jorgezanoni.com.br\/2019\/wp-json\/wp\/v2\/media\/42921"}],"wp:attachment":[{"href":"https:\/\/jorgezanoni.com.br\/2019\/wp-json\/wp\/v2\/media?parent=42920"}],"wp:term":[{"taxonomy":"category","embeddable":true,"href":"https:\/\/jorgezanoni.com.br\/2019\/wp-json\/wp\/v2\/categories?post=42920"},{"taxonomy":"post_tag","embeddable":true,"href":"https:\/\/jorgezanoni.com.br\/2019\/wp-json\/wp\/v2\/tags?post=42920"}],"curies":[{"name":"wp","href":"https:\/\/api.w.org\/{rel}","templated":true}]}}