{"id":42902,"date":"2021-02-08T21:30:26","date_gmt":"2021-02-08T21:30:26","guid":{"rendered":"https:\/\/jorgezanoni.com.br\/2019\/?p=42902"},"modified":"2021-02-08T21:30:26","modified_gmt":"2021-02-08T21:30:26","slug":"administracao-municipal-adotara-medidas-mais-rigorosas-quanto-a-vacinacao-covid-19","status":"publish","type":"post","link":"https:\/\/jorgezanoni.com.br\/2019\/administracao-municipal-adotara-medidas-mais-rigorosas-quanto-a-vacinacao-covid-19\/","title":{"rendered":"Administra\u00e7\u00e3o Municipal adotar\u00e1 medidas mais rigorosas quanto \u00e0 Vacina\u00e7\u00e3o COVID-19"},"content":{"rendered":"<p style=\"text-align: justify;\"><strong>ADMINISTRA\u00c7\u00c3O MUNICIPAL ADOTAR\u00c1 MEDIDAS MAIS RIGOROSAS QUANTO \u00c0 VACINA\u00c7\u00c3O COVID 19<\/strong><\/p>\n<p style=\"text-align: justify;\">Na manh\u00e3 desta segunda-feira, 8, na sede do Minist\u00e9rio P\u00fablico em Dracena, o desenvolvimento da campanha contra o COVID 19 foi tema de reuni\u00e3o entre a Administra\u00e7\u00e3o Municipal e os promotores de justi\u00e7a da comarca local, Ant\u00f4nio Simini Junior; Rufino Galindo Campos e Ruy\u00a0Fernando\u00a0Anelli Bodini. O encontro foi provocado pelo Executivo municipal visando orienta\u00e7\u00f5es da institui\u00e7\u00e3o.<\/p>\n<p style=\"text-align: justify;\">Mesmo o munic\u00edpio de Dracena tendo seguido a orienta\u00e7\u00e3o da Divis\u00e3o de Imuniza\u00e7\u00e3o do Governo do Estado de S\u00e3o Paulo, a interpreta\u00e7\u00e3o segundo o MP, deve levar em conta pessoas que est\u00e3o na linha de frente.<\/p>\n<p style=\"text-align: justify;\">O MP est\u00e1 atendo ao trabalho que vem sendo desenvolvimento no munic\u00edpio quanto \u00e0 campanha de vacina\u00e7\u00e3o contra o novo coronav\u00edrus.<\/p>\n<p style=\"text-align: justify;\">Os promotores aproveitaram o momento para ressaltar a import\u00e2ncia de serem imunizados neste primeiro momento, aqueles que realmente est\u00e3o em contato direto com a causa covid. Objetivando que a vacina t\u00e3o desejada por todos, mas que prioritariamente agora n\u00e3o atenda condi\u00e7\u00f5es por si s\u00f3, mas sim ao p\u00fablico priorit\u00e1rio, sem exce\u00e7\u00f5es a quem quer que seja.<\/p>\n<p style=\"text-align: justify;\">\u201cA cartilha do Governo do Estado permite ampla interpreta\u00e7\u00e3o com rela\u00e7\u00e3o aos profissionais de sa\u00fade. A nossa preocupa\u00e7\u00e3o \u00e9 por vacinar os idosos e aqueles que est\u00e3o em contato com a causa covid neste momento\u201d, explicou o promotor Ruy Bodini. E prosseguiu: \u201cEstamos atentos \u00e0 campanha; j\u00e1 verificamos muitas reclama\u00e7\u00f5es, por outro lado nos colocamos a disposi\u00e7\u00e3o do munic\u00edpio para promover a a\u00e7\u00e3o de maneira adequada, visando o atendimento em primeiro momento daqueles mais vulner\u00e1veis\u201d, frisou afirmando que os que j\u00e1 receberam est\u00e3o ok, porque n\u00e3o houve m\u00e1-f\u00e9.<\/p>\n<p style=\"text-align: justify;\">De agora para frente, o MP recomendou que sejam criados decretos estabelecendo os novos grupos, limitando os p\u00fablicos cujas necessidades s\u00e3o mais urgentes, a receberem a vacina, assim tentando livrar leitos de UTI que encontram-se lotados na cidade.<\/p>\n<p style=\"text-align: justify;\">O promotor Rufino Campos citou que essas novas medidas a serem adotadas em Dracena, de limita\u00e7\u00e3o do p\u00fablico, visa um controle da escassez da vacina.\u00a0 \u201cPrecisamos afunilar o p\u00fablico que precisa receber essas primeiras doses, caso contr\u00e1rio pessoas que n\u00e3o pertencem aos grupos ou n\u00e3o est\u00e3o em contato com a causa covid dever\u00e3o assinar declara\u00e7\u00f5es sob pena de at\u00e9 responder por poss\u00edveis crimes\u201d, explicou.<\/p>\n<p style=\"text-align: justify;\">Por sua vez, o dr. Ant\u00f4nio Simini recomendou que a medida adotada pelo munic\u00edpio de Dracena seja compartilhada pelos demais munic\u00edpios pertencentes a Associa\u00e7\u00e3o dos Munic\u00edpios da Nova Alta Paulita (Amnap).<\/p>\n<p style=\"text-align: justify;\">Os tr\u00eas promotores citaram exemplos para exemplificar situa\u00e7\u00f5es \u2013 estudantes da \u00e1rea da sa\u00fade que moram em outras cidades e fazem est\u00e1gios devem receber a vacina onde atuam. J\u00e1 aqueles que estudam aqui e trabalham aqui devem receber a vacina por aqui, onde atuam profissionalmente.<\/p>\n<p style=\"text-align: justify;\">\u201cA vacina veio para Dracena ent\u00e3o temos que vacinar pessoas daqui que trabalham na cidade. Queremos que as regras fiquem bem claras para evitar situa\u00e7\u00f5es injustas\u201d, afirmou dr. Ruy Bodini.<\/p>\n<p style=\"text-align: justify;\">Dr. Rufino comentou que este momento \u00e9 dos idosos, ent\u00e3o a prioridade s\u00e3o eles. \u201cMuitos idosos est\u00e3o se frustrando ao ver que at\u00e9 agora n\u00e3o receberam a primeira dose da vacina. Com rela\u00e7\u00e3o aos cuidadores, deve-se ser bem analisado cada caso, vacinar realmente aqueles que trabalham com carteiras assinadas, e apresentem declara\u00e7\u00f5es para tal, evitando assim que falte vacina para outros idosos\u201d.<\/p>\n<p style=\"text-align: justify;\">O prefeito Andr\u00e9 Lemos agradeceu as orienta\u00e7\u00f5es do Minist\u00e9rio P\u00fablico e disse que Dracena seguir\u00e1 as recomenda\u00e7\u00f5es da institui\u00e7\u00e3o respons\u00e1vel pela defesa de direitos dos cidad\u00e3os e dos interesses da sociedade. \u201cDesde o in\u00edcio da campanha na cidade estamos seguindo todos os protocolos do Estado e tamb\u00e9m do MP\u201d, informou o prefeito.<\/p>\n<p style=\"text-align: justify;\">Al\u00e9m da presen\u00e7a do prefeito e dos tr\u00eas promotores, o encontro contou ainda com a presen\u00e7a da enfermeira respons\u00e1vel pela Vigil\u00e2ncia Epidemiol\u00f3gica, Karina Akiyama; secret\u00e1ria de Sa\u00fade Rosemary Souza e a secret\u00e1ria de Assuntos Jur\u00eddicos Marli Biscaino Allonso.<\/p>\n<p><img loading=\"lazy\" decoding=\"async\" class=\"alignnone size-full wp-image-42903\" src=\"https:\/\/jorgezanoni.com.br\/2019\/wp-content\/uploads\/2021\/02\/REUNI\u00c3O-MP-1.jpg\" alt=\"\" width=\"800\" height=\"450\" srcset=\"https:\/\/jorgezanoni.com.br\/2019\/wp-content\/uploads\/2021\/02\/REUNI\u00c3O-MP-1.jpg 800w, https:\/\/jorgezanoni.com.br\/2019\/wp-content\/uploads\/2021\/02\/REUNI\u00c3O-MP-1-300x169.jpg 300w, https:\/\/jorgezanoni.com.br\/2019\/wp-content\/uploads\/2021\/02\/REUNI\u00c3O-MP-1-768x432.jpg 768w, https:\/\/jorgezanoni.com.br\/2019\/wp-content\/uploads\/2021\/02\/REUNI\u00c3O-MP-1-696x392.jpg 696w, https:\/\/jorgezanoni.com.br\/2019\/wp-content\/uploads\/2021\/02\/REUNI\u00c3O-MP-1-747x420.jpg 747w\" sizes=\"auto, (max-width: 800px) 100vw, 800px\" \/> <img loading=\"lazy\" decoding=\"async\" class=\"alignnone size-full wp-image-42904\" src=\"https:\/\/jorgezanoni.com.br\/2019\/wp-content\/uploads\/2021\/02\/REUNI\u00c3O-MP-2.jpg\" alt=\"\" width=\"800\" height=\"450\" srcset=\"https:\/\/jorgezanoni.com.br\/2019\/wp-content\/uploads\/2021\/02\/REUNI\u00c3O-MP-2.jpg 800w, https:\/\/jorgezanoni.com.br\/2019\/wp-content\/uploads\/2021\/02\/REUNI\u00c3O-MP-2-300x169.jpg 300w, https:\/\/jorgezanoni.com.br\/2019\/wp-content\/uploads\/2021\/02\/REUNI\u00c3O-MP-2-768x432.jpg 768w, https:\/\/jorgezanoni.com.br\/2019\/wp-content\/uploads\/2021\/02\/REUNI\u00c3O-MP-2-696x392.jpg 696w, https:\/\/jorgezanoni.com.br\/2019\/wp-content\/uploads\/2021\/02\/REUNI\u00c3O-MP-2-747x420.jpg 747w\" sizes=\"auto, (max-width: 800px) 100vw, 800px\" \/><\/p>\n<p style=\"text-align: justify;\">Fonte:\u00a0Diretoria de Comunica\u00e7\u00e3o<\/p>\n","protected":false},"excerpt":{"rendered":"<p>ADMINISTRA\u00c7\u00c3O MUNICIPAL ADOTAR\u00c1 MEDIDAS MAIS RIGOROSAS QUANTO \u00c0 VACINA\u00c7\u00c3O COVID 19 Na manh\u00e3 desta segunda-feira, 8, na sede do Minist\u00e9rio P\u00fablico em Dracena, o desenvolvimento da campanha contra o COVID 19 foi tema de reuni\u00e3o entre a Administra\u00e7\u00e3o Municipal e os promotores de justi\u00e7a da comarca local, Ant\u00f4nio Simini Junior; Rufino Galindo Campos e Ruy\u00a0Fernando\u00a0Anelli [&hellip;]<\/p>\n","protected":false},"author":1,"featured_media":42905,"comment_status":"closed","ping_status":"open","sticky":false,"template":"","format":"standard","meta":{"footnotes":""},"categories":[120,110],"tags":[],"class_list":["post-42902","post","type-post","status-publish","format-standard","has-post-thumbnail","hentry","category-justicahabitacaotecnologia","category-noticiasdestaque"],"_links":{"self":[{"href":"https:\/\/jorgezanoni.com.br\/2019\/wp-json\/wp\/v2\/posts\/42902","targetHints":{"allow":["GET"]}}],"collection":[{"href":"https:\/\/jorgezanoni.com.br\/2019\/wp-json\/wp\/v2\/posts"}],"about":[{"href":"https:\/\/jorgezanoni.com.br\/2019\/wp-json\/wp\/v2\/types\/post"}],"author":[{"embeddable":true,"href":"https:\/\/jorgezanoni.com.br\/2019\/wp-json\/wp\/v2\/users\/1"}],"replies":[{"embeddable":true,"href":"https:\/\/jorgezanoni.com.br\/2019\/wp-json\/wp\/v2\/comments?post=42902"}],"version-history":[{"count":0,"href":"https:\/\/jorgezanoni.com.br\/2019\/wp-json\/wp\/v2\/posts\/42902\/revisions"}],"wp:featuredmedia":[{"embeddable":true,"href":"https:\/\/jorgezanoni.com.br\/2019\/wp-json\/wp\/v2\/media\/42905"}],"wp:attachment":[{"href":"https:\/\/jorgezanoni.com.br\/2019\/wp-json\/wp\/v2\/media?parent=42902"}],"wp:term":[{"taxonomy":"category","embeddable":true,"href":"https:\/\/jorgezanoni.com.br\/2019\/wp-json\/wp\/v2\/categories?post=42902"},{"taxonomy":"post_tag","embeddable":true,"href":"https:\/\/jorgezanoni.com.br\/2019\/wp-json\/wp\/v2\/tags?post=42902"}],"curies":[{"name":"wp","href":"https:\/\/api.w.org\/{rel}","templated":true}]}}