{"id":42889,"date":"2021-02-08T15:28:08","date_gmt":"2021-02-08T15:28:08","guid":{"rendered":"https:\/\/jorgezanoni.com.br\/2019\/?p=42889"},"modified":"2021-02-08T15:31:04","modified_gmt":"2021-02-08T15:31:04","slug":"prefeitura-de-dracena-divulga-edital-de-classificacao-do-processo-seletivo-para-estagio-01-2021","status":"publish","type":"post","link":"https:\/\/jorgezanoni.com.br\/2019\/prefeitura-de-dracena-divulga-edital-de-classificacao-do-processo-seletivo-para-estagio-01-2021\/","title":{"rendered":"Prefeitura de Dracena divulga Edital de Classifica\u00e7\u00e3o do Processo Seletivo para Est\u00e1gio 01\/2021"},"content":{"rendered":"<div id=\"titulo\">\n<div class=\"tituloTextoVereador text-center\" style=\"text-align: justify;\"><strong>PREFEITURA DIVULGA O EDITAL DE CLASSIFICA\u00c7\u00c3O DO PROCESSO SELETIVO PARA EST\u00c1GIO 01\/2021.<\/strong><\/div>\n<\/div>\n<div>\n<div id=\"cont-noticia\">\n<p>&nbsp;<\/p>\n<p style=\"text-align: justify;\">A Prefeitura divulga o edital de classifica\u00e7\u00e3o do processo seletivo para est\u00e1gio 01\/2021 nas secretarias municipais. Conforme informa\u00e7\u00e3o da Secretaria de Administra\u00e7\u00e3o, os classificados ser\u00e3o convocados conforme a necessidade das secretarias.<\/p>\n<h4 style=\"text-align: justify;\"><strong>CONFIRA NA \u00cdNTEGRA O EDITAL DE CLASSIFICA\u00c7AO DO PROCESSO SELETIVO PARA ESTAGIO 01\/2021<\/strong><\/h4>\n<p style=\"text-align: justify;\">\u00a0\u00a0\u00a0\u00a0\u00a0\u00a0\u00a0\u00a0\u00a0\u00a0\u00a0\u00a0\u00a0\u00a0\u00a0\u00a0\u00a0\u00a0\u00a0\u00a0\u00a0\u00a0\u00a0\u00a0\u00a0\u00a0\u00a0\u00a0\u00a0\u00a0 A Prefeitura Municipal de Dracena divulga a classifica\u00e7\u00e3o dos candidatos referente ao Processo Seletivo para Est\u00e1gio 01\/2021:<\/p>\n<p style=\"text-align: justify;\">&#8211;\u00a0<strong>Secretaria de Administra\u00e7\u00e3o &#8211; Superior.<\/strong><\/p>\n<table border=\"1\" width=\"534\" cellspacing=\"0\" cellpadding=\"0\">\n<tbody>\n<tr>\n<td>CLASSIF<\/td>\n<td>NOME<\/td>\n<\/tr>\n<tr>\n<td>1\u00b0<\/td>\n<td>ANA RAFAELA FATIMA DOS SANTOS<\/td>\n<\/tr>\n<tr>\n<td>2\u00b0<\/td>\n<td>CAROLINA VARINE VENA CESARIO<\/td>\n<\/tr>\n<tr>\n<td>3\u00b0<\/td>\n<td>PATRICIA RORIGUES NOGUEIRA<\/td>\n<\/tr>\n<tr>\n<td>4\u00b0<\/td>\n<td>GABRIEL DE OLIVEIRA ROCHA<\/td>\n<\/tr>\n<tr>\n<td>5\u00b0<\/td>\n<td>MIGUEL RODRIGUES ALVES MEIRA<\/td>\n<\/tr>\n<tr>\n<td>6\u00b0<\/td>\n<td>GABRIELA MARIA PELLEGATTI<\/td>\n<\/tr>\n<\/tbody>\n<\/table>\n<p>&nbsp;<\/p>\n<p style=\"text-align: justify;\">&#8211;\u00a0<strong>Secretaria de Administra\u00e7\u00e3o &#8211; Ensino M\u00e9dio<\/strong><\/p>\n<table border=\"1\" width=\"534\" cellspacing=\"0\" cellpadding=\"0\">\n<tbody>\n<tr>\n<td>CLASSIF<\/td>\n<td>NOME<\/td>\n<\/tr>\n<tr>\n<td>1\u00b0<\/td>\n<td>LUIS GUILHERME DE SOUZA RODRIGUES<\/td>\n<\/tr>\n<tr>\n<td>2\u00b0<\/td>\n<td>ARI JUNIO DE LIMA SOUZA<\/td>\n<\/tr>\n<tr>\n<td>3\u00b0<\/td>\n<td>ANA LETICIA DOS SANTOS LIMA<\/td>\n<\/tr>\n<tr>\n<td>4\u00b0<\/td>\n<td>NATHIELE BORDIM LOPES<\/td>\n<\/tr>\n<\/tbody>\n<\/table>\n<p style=\"text-align: justify;\"><strong>&#8211; Secretaria de Agricultura, Meio Ambiente e Limpeza P\u00fablica &#8211; Ensino M\u00e9dio<\/strong><\/p>\n<table border=\"1\" width=\"536\" cellspacing=\"0\" cellpadding=\"0\">\n<tbody>\n<tr>\n<td>CLASSIF<\/td>\n<td>NOME<\/td>\n<\/tr>\n<tr>\n<td>1\u00ba<\/td>\n<td>RAVEL RODRIGUES CARDOSO<\/td>\n<\/tr>\n<\/tbody>\n<\/table>\n<p style=\"text-align: justify;\">&#8211;\u00a0<strong>Secretaria de Assist\u00eancia Social &#8211; Superior.<\/strong><\/p>\n<table border=\"1\" width=\"534\" cellspacing=\"0\" cellpadding=\"0\">\n<tbody>\n<tr>\n<td>CLASSIF<\/td>\n<td>NOME<\/td>\n<\/tr>\n<tr>\n<td>1\u00b0<\/td>\n<td>DANIELE NASCIMENTO DA SILVA SANTOS<\/td>\n<\/tr>\n<\/tbody>\n<\/table>\n<p style=\"text-align: justify;\"><strong>&#8211; Secretaria Assuntos Jur\u00eddicos &#8211; Superior.<\/strong><\/p>\n<table border=\"1\" width=\"536\" cellspacing=\"0\" cellpadding=\"0\">\n<tbody>\n<tr>\n<td>CLASSIF<\/td>\n<td>NOME<\/td>\n<\/tr>\n<tr>\n<td>1\u00b0<\/td>\n<td>YURI DOS ANJOS GOMES<\/td>\n<\/tr>\n<tr>\n<td>2\u00b0<\/td>\n<td>MIKAELEN DA SILVA<\/td>\n<\/tr>\n<tr>\n<td>3\u00b0<\/td>\n<td>GABRIEL APARECIDO COQUETI FERNANDES<\/td>\n<\/tr>\n<tr>\n<td>4\u00b0<\/td>\n<td>STHEFANY LAIS SILVA RACANELLI<\/td>\n<\/tr>\n<tr>\n<td>5\u00b0<\/td>\n<td>LUANA DE BIASI DA SILVA ARCAS TOPAL<\/td>\n<\/tr>\n<tr>\n<td>6\u00b0<\/td>\n<td>JESSICA FERNANDA DA SILVA<\/td>\n<\/tr>\n<tr>\n<td>7\u00b0<\/td>\n<td>LUANA MOTOVANI CAMPOS PIZANI<\/td>\n<\/tr>\n<tr>\n<td>8\u00b0<\/td>\n<td>BEATRIZ PESTANA PANGONI<\/td>\n<\/tr>\n<tr>\n<td>9\u00b0<\/td>\n<td>ADRIANE DIAS UEDA<\/td>\n<\/tr>\n<tr>\n<td>10\u00b0<\/td>\n<td>MELISSA SAYURI GIROTI KASHIURA<\/td>\n<\/tr>\n<tr>\n<td>11\u00b0<\/td>\n<td>LARA DE SOUSA LOPES<\/td>\n<\/tr>\n<tr>\n<td>12\u00b0<\/td>\n<td>LOREN NIKOLY BOTELHO OLIVEIRA<\/td>\n<\/tr>\n<tr>\n<td>13\u00b0<\/td>\n<td>JO\u00c3O LUCAS CARVALHO ROZENDO<\/td>\n<\/tr>\n<tr>\n<td>14\u00b0<\/td>\n<td>ANDRE LUIZ SALES FERREIRA<\/td>\n<\/tr>\n<tr>\n<td>15\u00b0<\/td>\n<td>HELENA CRISTINA DE OLIVEIRA<\/td>\n<\/tr>\n<tr>\n<td>16\u00b0<\/td>\n<td>JOAO GABRIEL ULBANO GEVESIER<\/td>\n<\/tr>\n<tr>\n<td>17\u00b0<\/td>\n<td>CAROLINA HARUMI KATO<\/td>\n<\/tr>\n<tr>\n<td>18\u00b0<\/td>\n<td>LETICIA SILVEIRA FRANCIOSI<\/td>\n<\/tr>\n<tr>\n<td>19\u00b0<\/td>\n<td>JOAO VITOR DOS SANTOS SILVA<\/td>\n<\/tr>\n<tr>\n<td>20\u00b0<\/td>\n<td>GABRIELLE TAIRINI ALVES DOS SANTOS<\/td>\n<\/tr>\n<\/tbody>\n<\/table>\n<p style=\"text-align: justify;\">&#8211;\u00a0<strong>Secretaria de Cultura e Turismo &#8211; Ensino M\u00e9dio<\/strong><\/p>\n<table border=\"1\" width=\"534\" cellspacing=\"0\" cellpadding=\"0\">\n<tbody>\n<tr>\n<td>CLASSIF<\/td>\n<td>NOME<\/td>\n<\/tr>\n<tr>\n<td>1\u00b0<\/td>\n<td>VITOR HUGO SITA MACHADO DE LIMA<\/td>\n<\/tr>\n<\/tbody>\n<\/table>\n<p style=\"text-align: justify;\"><strong>&#8211; Secretaria de Educa\u00e7\u00e3o &#8211; Superior<\/strong><\/p>\n<table border=\"1\" width=\"533\" cellspacing=\"0\" cellpadding=\"0\">\n<tbody>\n<tr>\n<td>CLASSIF<\/td>\n<td>NOME<\/td>\n<\/tr>\n<tr>\n<td>1\u00b0<\/td>\n<td>LORRAINE KESIA DOS SANTOS<\/td>\n<\/tr>\n<tr>\n<td>2\u00b0<\/td>\n<td>LUCINEIA MARIA DOS SANTOS<\/td>\n<\/tr>\n<tr>\n<td>3\u00b0<\/td>\n<td>CRISTIANE VERGILIO SOBRINHO<\/td>\n<\/tr>\n<tr>\n<td>4\u00b0<\/td>\n<td>ALEX SANTIAGO GAMALIEL<\/td>\n<\/tr>\n<tr>\n<td>5\u00b0<\/td>\n<td>DANIELE APARECIDA DE SOUZA<\/td>\n<\/tr>\n<tr>\n<td>6\u00b0<\/td>\n<td>LAURIE LIMA FERREIRA<\/td>\n<\/tr>\n<tr>\n<td>7\u00b0<\/td>\n<td>ANA PAULA GOMES ALVES<\/td>\n<\/tr>\n<tr>\n<td>8\u00b0<\/td>\n<td>AMANDA FONSECA MENEZES<\/td>\n<\/tr>\n<tr>\n<td>9\u00b0<\/td>\n<td>JESSICA NUNES CARVALHO DE OLIVEIRA<\/td>\n<\/tr>\n<tr>\n<td>10\u00b0<\/td>\n<td>HENRIQUE TADASHI HINOUE<\/td>\n<\/tr>\n<tr>\n<td>11\u00b0<\/td>\n<td>ANNY CAROLINE SILVA BATISTA<\/td>\n<\/tr>\n<tr>\n<td>12\u00b0<\/td>\n<td>GUILHERME CELESTINO LOPES<\/td>\n<\/tr>\n<tr>\n<td>13\u00b0<\/td>\n<td>ADRIANA LEITE ARAUJO<\/td>\n<\/tr>\n<tr>\n<td>14\u00b0<\/td>\n<td>ISABELLE FERNANDA FRANHAN<\/td>\n<\/tr>\n<tr>\n<td>15\u00b0<\/td>\n<td>JOSE AUGUSTO NASCIMENTO<\/td>\n<\/tr>\n<tr>\n<td>16\u00b0<\/td>\n<td>ANDRE LUIS LOPES FREITAS<\/td>\n<\/tr>\n<tr>\n<td>17\u00b0<\/td>\n<td>JANE APARECIDA EVA<\/td>\n<\/tr>\n<tr>\n<td>18\u00b0<\/td>\n<td>JAMILI DOS SANTOS PEREIRA<\/td>\n<\/tr>\n<\/tbody>\n<\/table>\n<p>&nbsp;<\/p>\n<p style=\"text-align: justify;\"><strong>&#8211; Secretaria de Educa\u00e7\u00e3o &#8211; <\/strong><strong>Ensino M\u00e9dio e\/ou T\u00e9cnico.<\/strong><\/p>\n<table border=\"1\" width=\"533\" cellspacing=\"0\" cellpadding=\"0\">\n<tbody>\n<tr>\n<td>1\u00b0<\/td>\n<td>MURILLO AUGUSTO ROCHA DE DEUS<\/td>\n<\/tr>\n<tr>\n<td>2\u00b0<\/td>\n<td>MARIA EDUARDA SILVA MONTANI<\/td>\n<\/tr>\n<tr>\n<td>3\u00b0<\/td>\n<td>TONY LUAN CARVALHO CAR\u00c1<\/td>\n<\/tr>\n<tr>\n<td>4\u00b0<\/td>\n<td>CARLA VITORIA PEREIRA LEDO<\/td>\n<\/tr>\n<tr>\n<td>5\u00b0<\/td>\n<td>ISADORA CRISTINA VELLO<\/td>\n<\/tr>\n<tr>\n<td>6\u00b0<\/td>\n<td>ANA LAURA DE SOUZA SILVA<\/td>\n<\/tr>\n<tr>\n<td>7\u00b0<\/td>\n<td>VITORIA ISABELA PEREIRA SENA<\/td>\n<\/tr>\n<tr>\n<td>8\u00b0<\/td>\n<td>ALEX FERREIRA DA SILVA<\/td>\n<\/tr>\n<tr>\n<td>9\u00b0<\/td>\n<td>LORIVALDO VERGINIO DURAES JUNIOR<\/td>\n<\/tr>\n<tr>\n<td>10\u00b0<\/td>\n<td>JEAN CARLOS FIRMINO ALVES<\/td>\n<\/tr>\n<tr>\n<td>11\u00b0<\/td>\n<td>AMANDA VARIELE DOS SANTOS<\/td>\n<\/tr>\n<tr>\n<td>12\u00b0<\/td>\n<td>LORRAINE VITORIA DE FREITAS DURAES<\/td>\n<\/tr>\n<\/tbody>\n<\/table>\n<p style=\"text-align: justify;\">&#8211;\u00a0<strong>Secretaria de Esporte, Lazer e Juventude &#8211; Superior.<\/strong><\/p>\n<table border=\"1\" width=\"534\" cellspacing=\"0\" cellpadding=\"0\">\n<tbody>\n<tr>\n<td>CLASSIF<\/td>\n<td>NOME<\/td>\n<\/tr>\n<tr>\n<td>1\u00b0<\/td>\n<td>EUNICE MARQUES DA SILVA<\/td>\n<\/tr>\n<tr>\n<td>2\u00b0<\/td>\n<td>MARIA MONIZE VIEIRA FERNANDES<\/td>\n<\/tr>\n<tr>\n<td>3\u00b0<\/td>\n<td>MARIA EDUARDA LIMA ROBERTO<\/td>\n<\/tr>\n<tr>\n<td>4\u00b0<\/td>\n<td>VITOR AFONSO POLIDORO<\/td>\n<\/tr>\n<tr>\n<td>5\u00b0<\/td>\n<td>LUCAS CHARALLI PARPINELI<\/td>\n<\/tr>\n<tr>\n<td>6\u00b0<\/td>\n<td>DANIEL DOMINGOS DE OLIVEIRA NETO<\/td>\n<\/tr>\n<tr>\n<td>7\u00b0<\/td>\n<td>LUIS CARLOS HENRIQUE FILHO<\/td>\n<\/tr>\n<\/tbody>\n<\/table>\n<p style=\"text-align: justify;\">&#8211;\u00a0<strong>Secretaria de Esporte, Lazer e Juventude &#8211; Ensino M\u00e9dio<\/strong><\/p>\n<table border=\"1\" width=\"534\" cellspacing=\"0\" cellpadding=\"0\">\n<tbody>\n<tr>\n<td>CLASSIF<\/td>\n<td>NOME<\/td>\n<\/tr>\n<tr>\n<td>1\u00b0<\/td>\n<td>NATAN HENRIQUE ALVES DE OLIVEIRA<\/td>\n<\/tr>\n<tr>\n<td>2\u00b0<\/td>\n<td>LEONARDO NOVAES ALVES<\/td>\n<\/tr>\n<tr>\n<td>3\u00b0<\/td>\n<td>ANA PAULA SILVA DE SOUZA<\/td>\n<\/tr>\n<tr>\n<td>4\u00b0<\/td>\n<td>FERNANDO SERGIO DOS SANTOS PARDINHO<\/td>\n<\/tr>\n<tr>\n<td>5\u00b0<\/td>\n<td>JOAO VITOR LIMA GERONIMO<\/td>\n<\/tr>\n<\/tbody>\n<\/table>\n<p style=\"text-align: justify;\"><strong>&#8211; Secretaria da Fazenda e Or\u00e7amento &#8211; Superior<\/strong><\/p>\n<table border=\"1\" width=\"536\" cellspacing=\"0\" cellpadding=\"0\">\n<tbody>\n<tr>\n<td>CLASSIF<\/td>\n<td>NOME<\/td>\n<\/tr>\n<tr>\n<td>1\u00ba<\/td>\n<td>MARIANA GARCIA SILVA<\/td>\n<\/tr>\n<\/tbody>\n<\/table>\n<p style=\"text-align: justify;\"><strong>&#8211; Secretaria de Gabinete, Governo e Desenvolvimento Econ\u00f4mico<\/strong><\/p>\n<table border=\"1\" width=\"536\" cellspacing=\"0\" cellpadding=\"0\">\n<tbody>\n<tr>\n<td>CLASSIF<\/td>\n<td>NOME<\/td>\n<\/tr>\n<tr>\n<td>1\u00ba<\/td>\n<td>KAYLANE GRACIANO SAMARRENHA<\/td>\n<\/tr>\n<\/tbody>\n<\/table>\n<p style=\"text-align: justify;\"><strong>&#8211; Secretaria de Infraestrutura, Habita\u00e7\u00e3o e Assuntos Vi\u00e1rios. &#8211; Superior<\/strong><\/p>\n<table border=\"1\" width=\"536\" cellspacing=\"0\" cellpadding=\"0\">\n<tbody>\n<tr>\n<td>1\u00b0<\/td>\n<td>ALINE BARBOSA DE ALMEIDA OLIVEIRA<\/td>\n<\/tr>\n<tr>\n<td>2\u00b0<\/td>\n<td>RAFAELA CARLA ALVES OLIVEIRA<\/td>\n<\/tr>\n<tr>\n<td>3\u00b0<\/td>\n<td>JEISE DAIANE DOS SANTOS ARO<\/td>\n<\/tr>\n<tr>\n<td>4\u00b0<\/td>\n<td>MARIA GABRIELA PESSOA CARDOSO<\/td>\n<\/tr>\n<\/tbody>\n<\/table>\n<p style=\"text-align: justify;\"><strong>&#8211; Secretaria de Infraestrutura, Habita\u00e7\u00e3o e Assuntos Vi\u00e1rios &#8211; Ensino M\u00e9dio<\/strong><\/p>\n<table border=\"1\" width=\"536\" cellspacing=\"0\" cellpadding=\"0\">\n<tbody>\n<tr>\n<td>1\u00ba<\/td>\n<td>JULIA DA PAZ FONSECA<\/td>\n<\/tr>\n<\/tbody>\n<\/table>\n<p style=\"text-align: justify;\"><strong>&#8211; Secretaria de Planejamento e A\u00e7\u00f5es Estrat\u00e9gica &#8211; Superior<\/strong><\/p>\n<table border=\"1\" width=\"536\" cellspacing=\"0\" cellpadding=\"0\">\n<tbody>\n<tr>\n<td>1\u00ba<\/td>\n<td>LARA FERNANDA SOARES<\/td>\n<\/tr>\n<\/tbody>\n<\/table>\n<p style=\"text-align: justify;\"><strong>&#8211; Secretaria da Sa\u00fade e Higiene P\u00fablica &#8211; Superior<\/strong><\/p>\n<table border=\"1\" cellspacing=\"0\" cellpadding=\"0\">\n<tbody>\n<tr>\n<td>CLASSIF<\/td>\n<td>NOME<\/td>\n<\/tr>\n<tr>\n<td>1\u00b0<\/td>\n<td>RAQUEL MOREIRA GROSSO<\/td>\n<\/tr>\n<tr>\n<td>2\u00b0<\/td>\n<td>THAIS DE OLIVEIRA CARDOSO<\/td>\n<\/tr>\n<tr>\n<td>3\u00b0<\/td>\n<td>GABRIELLE DE ALMEIDA CAETANO SILVA<\/td>\n<\/tr>\n<tr>\n<td>4\u00b0<\/td>\n<td>AMANDA VALVERDE BORGES<\/td>\n<\/tr>\n<tr>\n<td>5\u00b0<\/td>\n<td>MARIA VICTORIA MAGALH\u00c3ES PERUZZI<\/td>\n<\/tr>\n<tr>\n<td>6\u00b0<\/td>\n<td>BEATRIZ SILVA BRAGA<\/td>\n<\/tr>\n<tr>\n<td>7\u00b0<\/td>\n<td>MARIANA CATINACCIO CABRERA<\/td>\n<\/tr>\n<tr>\n<td>8\u00b0<\/td>\n<td>RAUL FELIPE MACHADO CALADO<\/td>\n<\/tr>\n<tr>\n<td>9\u00b0<\/td>\n<td>ISABELLY BIANCA BERNARDES NARRESSI<\/td>\n<\/tr>\n<tr>\n<td>10\u00b0<\/td>\n<td>RAFAELLA AFONSO BOARETTO<\/td>\n<\/tr>\n<tr>\n<td>11\u00b0<\/td>\n<td>BRUNA FERNANDA DE JESUS SILVA<\/td>\n<\/tr>\n<tr>\n<td>12\u00b0<\/td>\n<td>ISABELLA CARDOSO MONTEIRO<\/td>\n<\/tr>\n<\/tbody>\n<\/table>\n<p style=\"text-align: justify;\"><strong>&#8211; Secretaria da Sa\u00fade e Higiene P\u00fablica &#8211; Ensino M\u00e9dio<\/strong><\/p>\n<table border=\"1\" cellspacing=\"0\" cellpadding=\"0\">\n<tbody>\n<tr>\n<td>CLASSIF<\/td>\n<td>NOME<\/td>\n<\/tr>\n<tr>\n<td>1\u00b0<\/td>\n<td>CIBELE GON\u00c7ALVES ALVES<\/td>\n<\/tr>\n<tr>\n<td>2\u00b0<\/td>\n<td>BIANCA ESPARSO RIBEIRO<\/td>\n<\/tr>\n<tr>\n<td>3\u00b0<\/td>\n<td>BEATRIZ DE CARVALHO SILVA<\/td>\n<\/tr>\n<tr>\n<td>4\u00b0<\/td>\n<td>DANIELE CRISTOFANI CARVALHO<\/td>\n<\/tr>\n<tr>\n<td>5\u00b0<\/td>\n<td>NATHALIA APARECIDA DE MATOS VISCAINO<\/td>\n<\/tr>\n<tr>\n<td>6\u00b0<\/td>\n<td>AMANDA DAS SILVA SANTOS DE MORAES<\/td>\n<\/tr>\n<tr>\n<td>7\u00b0<\/td>\n<td>KARINE DE ARAUJO PEREIRA<\/td>\n<\/tr>\n<tr>\n<td>8\u00b0<\/td>\n<td>JAMILI SILVEIRA RODRIGUES<\/td>\n<\/tr>\n<tr>\n<td>9\u00b0<\/td>\n<td>BIANCA GOZANI SILVA<\/td>\n<\/tr>\n<tr>\n<td>10\u00b0<\/td>\n<td>GILSON ALEXANDRE LEAL MARTINS<\/td>\n<\/tr>\n<tr>\n<td>11\u00b0<\/td>\n<td>DAIANE LUZ DA SILVA<\/td>\n<\/tr>\n<tr>\n<td>12\u00b0<\/td>\n<td>JESSICA EDUARDA NUNES GARCIA<\/td>\n<\/tr>\n<tr>\n<td>13\u00b0<\/td>\n<td>ANA JULIA SOARES PEREIRA<\/td>\n<\/tr>\n<tr>\n<td>14\u00b0<\/td>\n<td>NATALY RAYANE DA SILVA MAGALH\u00c3ES<\/td>\n<\/tr>\n<tr>\n<td>15\u00b0<\/td>\n<td>GUSTAVO NUNCIATELLI ARAUJO<\/td>\n<\/tr>\n<\/tbody>\n<\/table>\n<p style=\"text-align: justify;\">A convoca\u00e7\u00e3o dos candidatos classificados obedecer\u00e1 a ordem de classifica\u00e7\u00e3o de acordo com as vagas existentes.<\/p>\n<p style=\"text-align: justify;\">\u00a0Secretaria de Administra\u00e7\u00e3o<\/p>\n<p style=\"text-align: justify;\">Dracena, 04 de fevereiro de 2021.<\/p>\n<p style=\"text-align: justify;\">Sergio Ricardo Baravelli<\/p>\n<p style=\"text-align: justify;\">Secret\u00e1rio de Administra\u00e7\u00e3o<\/p>\n<p>Fonte: Diretoria de Comunica\u00e7\u00e3o<\/p>\n<\/div>\n<\/div>\n","protected":false},"excerpt":{"rendered":"<p>PREFEITURA DIVULGA O EDITAL DE CLASSIFICA\u00c7\u00c3O DO PROCESSO SELETIVO PARA EST\u00c1GIO 01\/2021. &nbsp; A Prefeitura divulga o edital de classifica\u00e7\u00e3o do processo seletivo para est\u00e1gio 01\/2021 nas secretarias municipais. Conforme informa\u00e7\u00e3o da Secretaria de Administra\u00e7\u00e3o, os classificados ser\u00e3o convocados conforme a necessidade das secretarias. CONFIRA NA \u00cdNTEGRA O EDITAL DE CLASSIFICA\u00c7AO DO PROCESSO SELETIVO PARA [&hellip;]<\/p>\n","protected":false},"author":1,"featured_media":42890,"comment_status":"closed","ping_status":"open","sticky":false,"template":"","format":"standard","meta":{"footnotes":""},"categories":[179,184,110,122],"tags":[],"class_list":["post-42889","post","type-post","status-publish","format-standard","has-post-thumbnail","hentry","category-cidadeseregiao","category-dracena","category-noticiasdestaque","category-saudeeducacaoeconcurso"],"_links":{"self":[{"href":"https:\/\/jorgezanoni.com.br\/2019\/wp-json\/wp\/v2\/posts\/42889","targetHints":{"allow":["GET"]}}],"collection":[{"href":"https:\/\/jorgezanoni.com.br\/2019\/wp-json\/wp\/v2\/posts"}],"about":[{"href":"https:\/\/jorgezanoni.com.br\/2019\/wp-json\/wp\/v2\/types\/post"}],"author":[{"embeddable":true,"href":"https:\/\/jorgezanoni.com.br\/2019\/wp-json\/wp\/v2\/users\/1"}],"replies":[{"embeddable":true,"href":"https:\/\/jorgezanoni.com.br\/2019\/wp-json\/wp\/v2\/comments?post=42889"}],"version-history":[{"count":0,"href":"https:\/\/jorgezanoni.com.br\/2019\/wp-json\/wp\/v2\/posts\/42889\/revisions"}],"wp:featuredmedia":[{"embeddable":true,"href":"https:\/\/jorgezanoni.com.br\/2019\/wp-json\/wp\/v2\/media\/42890"}],"wp:attachment":[{"href":"https:\/\/jorgezanoni.com.br\/2019\/wp-json\/wp\/v2\/media?parent=42889"}],"wp:term":[{"taxonomy":"category","embeddable":true,"href":"https:\/\/jorgezanoni.com.br\/2019\/wp-json\/wp\/v2\/categories?post=42889"},{"taxonomy":"post_tag","embeddable":true,"href":"https:\/\/jorgezanoni.com.br\/2019\/wp-json\/wp\/v2\/tags?post=42889"}],"curies":[{"name":"wp","href":"https:\/\/api.w.org\/{rel}","templated":true}]}}