{"id":42886,"date":"2021-02-08T15:15:29","date_gmt":"2021-02-08T15:15:29","guid":{"rendered":"https:\/\/jorgezanoni.com.br\/2019\/?p=42886"},"modified":"2021-02-08T15:15:29","modified_gmt":"2021-02-08T15:15:29","slug":"policia-civil-cumpre-mandado-de-prisao-preventiva-contra-autor-de-violencia-domestica-em-dracena","status":"publish","type":"post","link":"https:\/\/jorgezanoni.com.br\/2019\/policia-civil-cumpre-mandado-de-prisao-preventiva-contra-autor-de-violencia-domestica-em-dracena\/","title":{"rendered":"Pol\u00edcia Civil cumpre mandado de Pris\u00e3o Preventiva contra autor de Viol\u00eancia Dom\u00e9stica em Dracena"},"content":{"rendered":"<p style=\"text-align: justify;\">POL\u00cdCIA CIVIL CUMPRE MANDADO DE PRIS\u00c3O PREVENTIVA CONTRA AUTOR DE VIOL\u00caNCIA DOM\u00c9STICA EM DRACENA.<\/p>\n<p style=\"text-align: justify;\">A a\u00e7\u00e3o ocorreu nesta manh\u00e3 (08\/02) no bairro Santa Clara na resid\u00eancia do procurado. O homem que j\u00e1 possu\u00ed antecedentes criminais por tentativa de homic\u00eddio e tr\u00e1fico de drogas foi conduzido a DDM.<\/p>\n<p style=\"text-align: justify;\">\nA Pol\u00edcia Civil, por interm\u00e9dio da Delegacia de Defesa da Mulher, com apoio operacional de agentes das Unidades Especializadas (Delegacia de Investiga\u00e7\u00f5es Gerais &#8211; DIG, Delegacia de Investiga\u00e7\u00f5es Sobre Entorpecentes &#8211; DISE), cumpriu na manh\u00e3 desta segunda-feira (8), a um mandado de pris\u00e3o preventiva em desfavor de um homem, de 34 anos, em raz\u00e3o da pr\u00e1tica do crime de viol\u00eancia dom\u00e9stica, em Dracena. A pris\u00e3o ocorreu na casa do procurado que fica no bairro Santa Clara.<\/p>\n<p>Os procedimentos iniciais foram feitos pela Delegacia de Defesa da Mulher, que havia instaurado inqu\u00e9rito policial sobre os crimes de amea\u00e7a e descumprimento de medidas protetivas, e a pris\u00e3o foi expedida e decretada pela 3\u00aa Vara da Comarca de Dracena.<\/p>\n<p style=\"text-align: justify;\">Ap\u00f3s os procedimentos de pol\u00edcia judici\u00e1ria cab\u00edveis, o preso foi encaminhado para uma unidade prisional, onde permanecer\u00e1 \u00e0 disposi\u00e7\u00e3o da Justi\u00e7a. O homem que j\u00e1 possu\u00ed antecedentes criminais por tentativa de homic\u00eddio e tr\u00e1fico de drogas, havia saindo do sistema penal, no m\u00eas de julho de 2020, beneficiado com a condi\u00e7\u00e3o de pris\u00e3o em albergue domiciliar.<\/p>\n<p style=\"text-align: justify;\">Fonte: Com. Social Pol\u00edcia Civil<\/p>\n","protected":false},"excerpt":{"rendered":"<p>POL\u00cdCIA CIVIL CUMPRE MANDADO DE PRIS\u00c3O PREVENTIVA CONTRA AUTOR DE VIOL\u00caNCIA DOM\u00c9STICA EM DRACENA. A a\u00e7\u00e3o ocorreu nesta manh\u00e3 (08\/02) no bairro Santa Clara na resid\u00eancia do procurado. O homem que j\u00e1 possu\u00ed antecedentes criminais por tentativa de homic\u00eddio e tr\u00e1fico de drogas foi conduzido a DDM. A Pol\u00edcia Civil, por interm\u00e9dio da Delegacia de [&hellip;]<\/p>\n","protected":false},"author":1,"featured_media":42887,"comment_status":"closed","ping_status":"open","sticky":false,"template":"","format":"standard","meta":{"footnotes":""},"categories":[110,2],"tags":[],"class_list":["post-42886","post","type-post","status-publish","format-standard","has-post-thumbnail","hentry","category-noticiasdestaque","category-policial"],"_links":{"self":[{"href":"https:\/\/jorgezanoni.com.br\/2019\/wp-json\/wp\/v2\/posts\/42886","targetHints":{"allow":["GET"]}}],"collection":[{"href":"https:\/\/jorgezanoni.com.br\/2019\/wp-json\/wp\/v2\/posts"}],"about":[{"href":"https:\/\/jorgezanoni.com.br\/2019\/wp-json\/wp\/v2\/types\/post"}],"author":[{"embeddable":true,"href":"https:\/\/jorgezanoni.com.br\/2019\/wp-json\/wp\/v2\/users\/1"}],"replies":[{"embeddable":true,"href":"https:\/\/jorgezanoni.com.br\/2019\/wp-json\/wp\/v2\/comments?post=42886"}],"version-history":[{"count":0,"href":"https:\/\/jorgezanoni.com.br\/2019\/wp-json\/wp\/v2\/posts\/42886\/revisions"}],"wp:featuredmedia":[{"embeddable":true,"href":"https:\/\/jorgezanoni.com.br\/2019\/wp-json\/wp\/v2\/media\/42887"}],"wp:attachment":[{"href":"https:\/\/jorgezanoni.com.br\/2019\/wp-json\/wp\/v2\/media?parent=42886"}],"wp:term":[{"taxonomy":"category","embeddable":true,"href":"https:\/\/jorgezanoni.com.br\/2019\/wp-json\/wp\/v2\/categories?post=42886"},{"taxonomy":"post_tag","embeddable":true,"href":"https:\/\/jorgezanoni.com.br\/2019\/wp-json\/wp\/v2\/tags?post=42886"}],"curies":[{"name":"wp","href":"https:\/\/api.w.org\/{rel}","templated":true}]}}