{"id":42883,"date":"2021-02-08T12:19:49","date_gmt":"2021-02-08T12:19:49","guid":{"rendered":"https:\/\/jorgezanoni.com.br\/2019\/?p=42883"},"modified":"2021-02-08T12:19:49","modified_gmt":"2021-02-08T12:19:49","slug":"aos-63-anos-aluna-da-unifadra-supera-desafios-em-busca-de-sua-segunda-graduacao","status":"publish","type":"post","link":"https:\/\/jorgezanoni.com.br\/2019\/aos-63-anos-aluna-da-unifadra-supera-desafios-em-busca-de-sua-segunda-graduacao\/","title":{"rendered":"Aos 63 anos, aluna da Unifadra supera desafios em busca de sua segunda gradua\u00e7\u00e3o"},"content":{"rendered":"<p style=\"text-align: justify;\"><span id=\"gmail-docs-internal-guid-8e7b3e94-7fff-35db-a775-a8742934e598\">Quando se fala em ensino superior e na escolha da profiss\u00e3o, logo se pensa nos jovens do ensino m\u00e9dio. Mas a verdade \u00e9 que o ambiente da faculdade re\u00fane todas as idades, sem tabus, sem diferen\u00e7as. Muitas pessoas n\u00e3o t\u00eam a oportunidade de fazer uma gradua\u00e7\u00e3o assim que terminam o ensino m\u00e9dio, e os motivos s\u00e3o diversos, como, por exemplo, problemas financeiros, fam\u00edlia, n\u00e3o encontrar o curso dos sonhos em sua cidade.<\/p>\n<p>Para a professora aposentada de 63 anos Ascen\u00e7\u00e3o Aparecida Martins Modanez, uma nova fase se inicia. Com o curso de Pedagogia conclu\u00eddo em 1984, na Fundec, agora \u00e9 a vez de fazer o curso que sempre sonhou: Educa\u00e7\u00e3o F\u00edsica.<br \/>\nAscen\u00e7\u00e3o n\u00e3o p\u00f4de fazer a faculdade dos sonhos antes porque, quando terminou o magist\u00e9rio, este curso s\u00f3 era encontrado em cidades mais distantes, e as condi\u00e7\u00f5es financeiras n\u00e3o permitiram.<br \/>\nHoje, aos 63 anos, ela ressalta que acredita que sua maior dificuldade em retomar os estudos ser\u00e1 a mem\u00f3ria. Por\u00e9m, sua vontade, determina\u00e7\u00e3o e coragem s\u00e3o maiores. &#8220;A vida \u00e9 uma estrada. Para conhec\u00ea-la, precisamos passar por ela. S\u00e3o os desafios&#8221;, completou.<br \/>\nAscen\u00e7\u00e3o tem uma vida ativa. \u00c9 atleta, corredora e ciclista, e pretende atuar no voluntariado depois de formada. &#8220;Esta\u00a0 \u00e9\u00a0 uma \u00e1rea ligada direto com nosso corpo e mente. N\u00f3s n\u00e3o\u00a0 devemos viver a idade, e sim a vida!&#8221;, finalizou a mais nova aluna da Unifadra.<br \/>\nO diretor acad\u00eamico da Unifadra Prof. Dr. Enio Garbelini destacou que \u00e9 louv\u00e1vel essa atitude da aluna, pois nunca \u00e9 tarde para realizarmos nossos sonhos.<\/span><\/p>\n<div class=\"gmail_signature\" dir=\"ltr\">\n<div dir=\"ltr\" style=\"text-align: justify;\">Carolina Colnago<br \/>\nAssistente de Comunica\u00e7\u00e3o<br \/>\nFunda\u00e7\u00e3o Dracenense de Educa\u00e7\u00e3o e Cultura<\/div>\n<\/div>\n","protected":false},"excerpt":{"rendered":"<p>Quando se fala em ensino superior e na escolha da profiss\u00e3o, logo se pensa nos jovens do ensino m\u00e9dio. Mas a verdade \u00e9 que o ambiente da faculdade re\u00fane todas as idades, sem tabus, sem diferen\u00e7as. Muitas pessoas n\u00e3o t\u00eam a oportunidade de fazer uma gradua\u00e7\u00e3o assim que terminam o ensino m\u00e9dio, e os motivos [&hellip;]<\/p>\n","protected":false},"author":1,"featured_media":42884,"comment_status":"closed","ping_status":"open","sticky":false,"template":"","format":"standard","meta":{"footnotes":""},"categories":[122],"tags":[],"class_list":["post-42883","post","type-post","status-publish","format-standard","has-post-thumbnail","hentry","category-saudeeducacaoeconcurso"],"_links":{"self":[{"href":"https:\/\/jorgezanoni.com.br\/2019\/wp-json\/wp\/v2\/posts\/42883","targetHints":{"allow":["GET"]}}],"collection":[{"href":"https:\/\/jorgezanoni.com.br\/2019\/wp-json\/wp\/v2\/posts"}],"about":[{"href":"https:\/\/jorgezanoni.com.br\/2019\/wp-json\/wp\/v2\/types\/post"}],"author":[{"embeddable":true,"href":"https:\/\/jorgezanoni.com.br\/2019\/wp-json\/wp\/v2\/users\/1"}],"replies":[{"embeddable":true,"href":"https:\/\/jorgezanoni.com.br\/2019\/wp-json\/wp\/v2\/comments?post=42883"}],"version-history":[{"count":0,"href":"https:\/\/jorgezanoni.com.br\/2019\/wp-json\/wp\/v2\/posts\/42883\/revisions"}],"wp:featuredmedia":[{"embeddable":true,"href":"https:\/\/jorgezanoni.com.br\/2019\/wp-json\/wp\/v2\/media\/42884"}],"wp:attachment":[{"href":"https:\/\/jorgezanoni.com.br\/2019\/wp-json\/wp\/v2\/media?parent=42883"}],"wp:term":[{"taxonomy":"category","embeddable":true,"href":"https:\/\/jorgezanoni.com.br\/2019\/wp-json\/wp\/v2\/categories?post=42883"},{"taxonomy":"post_tag","embeddable":true,"href":"https:\/\/jorgezanoni.com.br\/2019\/wp-json\/wp\/v2\/tags?post=42883"}],"curies":[{"name":"wp","href":"https:\/\/api.w.org\/{rel}","templated":true}]}}