{"id":42865,"date":"2021-02-07T21:35:19","date_gmt":"2021-02-07T21:35:19","guid":{"rendered":"https:\/\/jorgezanoni.com.br\/2019\/?p=42865"},"modified":"2021-02-07T21:35:19","modified_gmt":"2021-02-07T21:35:19","slug":"policia-militar-motorizada-aborda-motociclista-e-apreende-moto-com-placa-adulterada-em-dracena","status":"publish","type":"post","link":"https:\/\/jorgezanoni.com.br\/2019\/policia-militar-motorizada-aborda-motociclista-e-apreende-moto-com-placa-adulterada-em-dracena\/","title":{"rendered":"Pol\u00edcia Militar Motorizada aborda motociclista e apreende moto com placa adulterada em Dracena"},"content":{"rendered":"<p style=\"text-align: justify;\"><strong>POL\u00cdCIA MILITAR EM ABORDAGEM APREENDE MOTO COM PLACA ADULTERADA EM DRACENA.<\/strong><\/p>\n<p style=\"text-align: justify;\">LOCAL: AV. JOSE BONIFACIO &#8211; CENTRO &#8211; DRACENA-SP<\/p>\n<p style=\"text-align: justify;\">NA DATA DE HOJE (07) POR VOLTA DAS 14H45MIN DURANTE PATRULHAMENTO DE ROTINA A EQUIPE DE TRANSITO DE MOTOS DA POL\u00cdCIA MILITAR PELA AVENIDA JOSE BONIFACIO PROXIMO A IGREJA MATRIZ, VISUALIZOU UM MOTOCILO O QUAL ESTAVA SEM A TAMPA DO FILTRO DE AR, O QUE ENSEJOU A ABORDAGEM, DURANTE A ABORDAGEM SEU CONDUTOR N\u00c3O APRESENTAVA NADA DE ILICITO, CONTUDO DURANTE FISCALIZA\u00c7\u00c3O DA MOTO OBESERVOU-SE O LACRE DA PLACA ROMPIDO, E DURANTE PESQUISA VIA COPOM DO EMPLACAMENTO VERIFICOU-SE QUE A PLACA PERTENCIA AO VEICULO CBX 250 TWISTER PRETA 2008, MAS REALIZANDO A PESQUISA PELO CHASSI CONSTOU O VEICULO FAN KS QUE BATIA COM AS CARACTERISTICAS DO MOTOR. DIANTE DOS FATOS A MOTO COM CONDUTOR ATE FOI PERICIADA E DEPOIS FOI RECOLHIDA AO PATIO DO DETRAN HAJA VISTA O LICENCIAMENTO VENCIDO DESDE 2019.<\/p>\n<p>Fonte: Com. Social Pol\u00edcia Militar<\/p>\n","protected":false},"excerpt":{"rendered":"<p>POL\u00cdCIA MILITAR EM ABORDAGEM APREENDE MOTO COM PLACA ADULTERADA EM DRACENA. LOCAL: AV. JOSE BONIFACIO &#8211; CENTRO &#8211; DRACENA-SP NA DATA DE HOJE (07) POR VOLTA DAS 14H45MIN DURANTE PATRULHAMENTO DE ROTINA A EQUIPE DE TRANSITO DE MOTOS DA POL\u00cdCIA MILITAR PELA AVENIDA JOSE BONIFACIO PROXIMO A IGREJA MATRIZ, VISUALIZOU UM MOTOCILO O QUAL ESTAVA [&hellip;]<\/p>\n","protected":false},"author":1,"featured_media":42866,"comment_status":"closed","ping_status":"open","sticky":false,"template":"","format":"standard","meta":{"footnotes":""},"categories":[110,2],"tags":[],"class_list":["post-42865","post","type-post","status-publish","format-standard","has-post-thumbnail","hentry","category-noticiasdestaque","category-policial"],"_links":{"self":[{"href":"https:\/\/jorgezanoni.com.br\/2019\/wp-json\/wp\/v2\/posts\/42865","targetHints":{"allow":["GET"]}}],"collection":[{"href":"https:\/\/jorgezanoni.com.br\/2019\/wp-json\/wp\/v2\/posts"}],"about":[{"href":"https:\/\/jorgezanoni.com.br\/2019\/wp-json\/wp\/v2\/types\/post"}],"author":[{"embeddable":true,"href":"https:\/\/jorgezanoni.com.br\/2019\/wp-json\/wp\/v2\/users\/1"}],"replies":[{"embeddable":true,"href":"https:\/\/jorgezanoni.com.br\/2019\/wp-json\/wp\/v2\/comments?post=42865"}],"version-history":[{"count":0,"href":"https:\/\/jorgezanoni.com.br\/2019\/wp-json\/wp\/v2\/posts\/42865\/revisions"}],"wp:featuredmedia":[{"embeddable":true,"href":"https:\/\/jorgezanoni.com.br\/2019\/wp-json\/wp\/v2\/media\/42866"}],"wp:attachment":[{"href":"https:\/\/jorgezanoni.com.br\/2019\/wp-json\/wp\/v2\/media?parent=42865"}],"wp:term":[{"taxonomy":"category","embeddable":true,"href":"https:\/\/jorgezanoni.com.br\/2019\/wp-json\/wp\/v2\/categories?post=42865"},{"taxonomy":"post_tag","embeddable":true,"href":"https:\/\/jorgezanoni.com.br\/2019\/wp-json\/wp\/v2\/tags?post=42865"}],"curies":[{"name":"wp","href":"https:\/\/api.w.org\/{rel}","templated":true}]}}