{"id":42783,"date":"2021-02-05T21:21:10","date_gmt":"2021-02-05T21:21:10","guid":{"rendered":"https:\/\/jorgezanoni.com.br\/2019\/?p=42783"},"modified":"2021-02-05T21:21:10","modified_gmt":"2021-02-05T21:21:10","slug":"alunos-de-enfermagem-da-unifadra-participam-de-campanha-de-vacinacao-contra-covid-19","status":"publish","type":"post","link":"https:\/\/jorgezanoni.com.br\/2019\/alunos-de-enfermagem-da-unifadra-participam-de-campanha-de-vacinacao-contra-covid-19\/","title":{"rendered":"Alunos de Enfermagem da Unifadra participam de campanha de vacina\u00e7\u00e3o contra Covid-19"},"content":{"rendered":"<p dir=\"ltr\" style=\"text-align: justify;\">Dracena come\u00e7ou a vacinar os primeiros grupos de pessoas contra a Covid-19 e os alunos do curso de Enfermagem da Faculdade Unifadra\/Fundec de Dracena est\u00e3o participando desta campanha de vacina\u00e7\u00e3o, realizada pela Secretaria Municipal de Sa\u00fade de Dracena.<\/p>\n<p style=\"text-align: justify;\"><span id=\"gmail-docs-internal-guid-31165fda-7fff-9645-b4c1-3d9c335f7b64\">A coordenadora do curso de Enfermagem da Unifadra\/Fundec Profa. Dra. Lilian Carla Ferrari Sossai Pan\u00edcio explicou que os estudantes foram divididos em duas equipes compostas por cinco alunos e dois professores, e est\u00e3o colaborando com as equipes de vacina\u00e7\u00e3o da Secretaria Municipal de Dracena. Foram priorizados os profissionais da \u00e1rea da sa\u00fade e os idosos institucionalizados. Os estudantes fazem parte das equipes m\u00f3veis de vacina\u00e7\u00e3o, sob supervis\u00e3o das professoras Regiane Palomo e Jacqueline Souza. &#8220;\u00c9 muito importante para os alunos vivenciar esse\u00a0 momento hist\u00f3rico na pr\u00e1tica. Eles est\u00e3o desenvolvendo habilidades de trabalho tanto gerenciais como assistenciais durante a rotina da campanha de vacina\u00e7\u00e3o contra a Covid-19, tendo um aprendizado significativo para sua forma\u00e7\u00e3o como enfermeiros&#8221;, refor\u00e7ou a coordenadora.<br \/>\nA secret\u00e1ria de Sa\u00fade de Dracena Rosemary Magi Fonseca Souza, junto com a Prefeitura Municipal de Dracena, agradeceu aos coordenadores do curso de Enfermagem da Unifadra\/Fundec e aos alunos que est\u00e3o ajudando, com empenho e dedica\u00e7\u00e3o, assim como as professoras que t\u00eam acompanhado essa a\u00e7\u00e3o. &#8220;A Fundec tem nos ajudado muito nesta campanha, e precisamos muito desta colabora\u00e7\u00e3o, para que possamos agilizar a vacina\u00e7\u00e3o em nossos profissionais da sa\u00fade, nossos idosos e popula\u00e7\u00e3o em geral. Contamos sempre com a participa\u00e7\u00e3o da Fundec, tanto na campanha da gripe, como sempre fizeram, e agora na campanha da Covid-19&#8221;, comentou Rosemary.<br \/>\nO diretor acad\u00eamico da Unifadra Enio Garbelini destacou que os alunos da Unifadra sempre participam de a\u00e7\u00f5es desse tipo em Dracena e regi\u00e3o, como atividades pr\u00e1ticas de seus cursos.<\/span><\/p>\n<p><img loading=\"lazy\" decoding=\"async\" class=\"alignnone size-full wp-image-42785\" src=\"https:\/\/jorgezanoni.com.br\/2019\/wp-content\/uploads\/2021\/02\/enfer1.jpg\" alt=\"\" width=\"179\" height=\"240\" \/><\/p>\n<p style=\"text-align: justify;\">Carolina Colnago<\/p>\n<div class=\"gmail_signature\" dir=\"ltr\">\n<div dir=\"ltr\" style=\"text-align: justify;\">Assistente de Comunica\u00e7\u00e3o<br \/>\nFunda\u00e7\u00e3o Dracenense de Educa\u00e7\u00e3o e Cultura<\/div>\n<\/div>\n","protected":false},"excerpt":{"rendered":"<p>Dracena come\u00e7ou a vacinar os primeiros grupos de pessoas contra a Covid-19 e os alunos do curso de Enfermagem da Faculdade Unifadra\/Fundec de Dracena est\u00e3o participando desta campanha de vacina\u00e7\u00e3o, realizada pela Secretaria Municipal de Sa\u00fade de Dracena. A coordenadora do curso de Enfermagem da Unifadra\/Fundec Profa. Dra. Lilian Carla Ferrari Sossai Pan\u00edcio explicou que [&hellip;]<\/p>\n","protected":false},"author":1,"featured_media":42784,"comment_status":"closed","ping_status":"open","sticky":false,"template":"","format":"standard","meta":{"footnotes":""},"categories":[110,122],"tags":[],"class_list":["post-42783","post","type-post","status-publish","format-standard","has-post-thumbnail","hentry","category-noticiasdestaque","category-saudeeducacaoeconcurso"],"_links":{"self":[{"href":"https:\/\/jorgezanoni.com.br\/2019\/wp-json\/wp\/v2\/posts\/42783","targetHints":{"allow":["GET"]}}],"collection":[{"href":"https:\/\/jorgezanoni.com.br\/2019\/wp-json\/wp\/v2\/posts"}],"about":[{"href":"https:\/\/jorgezanoni.com.br\/2019\/wp-json\/wp\/v2\/types\/post"}],"author":[{"embeddable":true,"href":"https:\/\/jorgezanoni.com.br\/2019\/wp-json\/wp\/v2\/users\/1"}],"replies":[{"embeddable":true,"href":"https:\/\/jorgezanoni.com.br\/2019\/wp-json\/wp\/v2\/comments?post=42783"}],"version-history":[{"count":0,"href":"https:\/\/jorgezanoni.com.br\/2019\/wp-json\/wp\/v2\/posts\/42783\/revisions"}],"wp:featuredmedia":[{"embeddable":true,"href":"https:\/\/jorgezanoni.com.br\/2019\/wp-json\/wp\/v2\/media\/42784"}],"wp:attachment":[{"href":"https:\/\/jorgezanoni.com.br\/2019\/wp-json\/wp\/v2\/media?parent=42783"}],"wp:term":[{"taxonomy":"category","embeddable":true,"href":"https:\/\/jorgezanoni.com.br\/2019\/wp-json\/wp\/v2\/categories?post=42783"},{"taxonomy":"post_tag","embeddable":true,"href":"https:\/\/jorgezanoni.com.br\/2019\/wp-json\/wp\/v2\/tags?post=42783"}],"curies":[{"name":"wp","href":"https:\/\/api.w.org\/{rel}","templated":true}]}}