{"id":42763,"date":"2021-02-05T16:38:00","date_gmt":"2021-02-05T16:38:00","guid":{"rendered":"https:\/\/jorgezanoni.com.br\/2019\/?p=42763"},"modified":"2021-02-05T16:38:00","modified_gmt":"2021-02-05T16:38:00","slug":"em-nova-atualizacao-do-plano-sao-paulo-drs-de-presidente-prudente-avanca-para-a-fase-amarela-drs-de-marilia-passa-para-a-etapa-laranja","status":"publish","type":"post","link":"https:\/\/jorgezanoni.com.br\/2019\/em-nova-atualizacao-do-plano-sao-paulo-drs-de-presidente-prudente-avanca-para-a-fase-amarela-drs-de-marilia-passa-para-a-etapa-laranja\/","title":{"rendered":"Em nova atualiza\u00e7\u00e3o do Plano S\u00e3o Paulo, DRS de Presidente Prudente avan\u00e7a para a fase amarela; DRS de Mar\u00edlia passa para a etapa laranja"},"content":{"rendered":"<div class=\"mc-column content-text active-extra-styles \" data-block-type=\"unstyled\" data-block-weight=\"30\" data-block-id=\"2\">\n<p class=\"content-text__container \" style=\"text-align: justify;\" data-track-category=\"Link no Texto\" data-track-links=\"\"><strong>A regi\u00e3o de Presidente Prudente avan\u00e7ou da etapa laranja para a fase amarela do Plano S\u00e3o Paulo, conforme a atualiza\u00e7\u00e3o feita pelo governo do Estado na tarde desta sexta-feira (5).<\/strong><\/p>\n<\/div>\n<div class=\"wall protected-content\">\n<div class=\"mc-column content-text active-extra-styles \" style=\"text-align: justify;\" data-block-type=\"unstyled\" data-block-weight=\"23\" data-block-id=\"3\">\n<p class=\"content-text__container \" data-track-category=\"Link no Texto\" data-track-links=\"\">J\u00e1 a \u00e1rea de abrang\u00eancia do Departamento Regional de Sa\u00fade (DRS) de Mar\u00edlia tamb\u00e9m evoluiu, mas da fase vermelha para a etapa laranja.<\/p>\n<\/div>\n<div class=\"mc-column content-text active-extra-styles \" style=\"text-align: justify;\" data-block-type=\"unstyled\" data-block-weight=\"20\" data-block-id=\"4\">\n<p class=\"content-text__container \" data-track-category=\"Link no Texto\" data-track-links=\"\">Os 56 munic\u00edpios do Oeste Paulista est\u00e3o divididos entre os Departamentos Regionais de Sa\u00fade de Mar\u00edlia e de Presidente Prudente.<\/p>\n<\/div>\n<div class=\"mc-column content-text active-extra-styles \" style=\"text-align: justify;\" data-block-type=\"unstyled\" data-block-weight=\"21\" data-block-id=\"5\">\n<p class=\"content-text__container \" data-track-category=\"Link no Texto\" data-track-links=\"\">Ao Departamento Regional de Sa\u00fade de Presidente Prudente pertencem as seguintes cidades do Oeste Paulista, que passaram para a fase amarela:<\/p>\n<\/div>\n<div class=\"mc-column content-text active-extra-styles\" style=\"text-align: justify;\" data-block-type=\"raw\" data-block-weight=\"75\" data-block-id=\"6\">\n<ul class=\"content-unordered-list\">\n<li>Alfredo Marcondes<\/li>\n<li>\u00c1lvares Machado<\/li>\n<li>Anhumas<\/li>\n<li>Caiabu<\/li>\n<li>Caiu\u00e1<\/li>\n<li>Dracena<\/li>\n<li>Emilian\u00f3polis<\/li>\n<li>Estrela do Norte<\/li>\n<li>Euclides da Cunha Paulista<\/li>\n<li>Flora Rica<\/li>\n<li>Iep\u00ea<\/li>\n<li>Indiana<\/li>\n<li>Irapuru<\/li>\n<li>Jo\u00e3o Ramalho<\/li>\n<li>Junqueir\u00f3polis<\/li>\n<li>Marab\u00e1 Paulista<\/li>\n<li>Martin\u00f3polis<\/li>\n<li>Mirante do Paranapanema<\/li>\n<li>Monte Castelo<\/li>\n<li>Nantes<\/li>\n<li>Narandiba<\/li>\n<li>Nova Guataporanga<\/li>\n<li>Ouro Verde<\/li>\n<li>Panorama<\/li>\n<li>Paulic\u00e9ia<\/li>\n<li>Piquerobi<\/li>\n<li>Pirapozinho<\/li>\n<li>Presidente Bernardes<\/li>\n<li>Presidente Epit\u00e1cio<\/li>\n<li>Presidente Prudente<\/li>\n<li>Presidente Venceslau<\/li>\n<li>Rancharia<\/li>\n<li>Regente Feij\u00f3<\/li>\n<li>Ribeir\u00e3o dos \u00cdndios<\/li>\n<li>Rosana<\/li>\n<li>Sandovalina<\/li>\n<li>Santa Mercedes<\/li>\n<li>Santo Anast\u00e1cio<\/li>\n<li>Santo Expedito<\/li>\n<li>S\u00e3o Jo\u00e3o do Pau d&#8217;Alho<\/li>\n<li>Taciba<\/li>\n<li>Tarabai<\/li>\n<li>Teodoro Sampaio<\/li>\n<li>Tupi Paulista<\/li>\n<\/ul>\n<\/div>\n<div class=\"mc-column content-text active-extra-styles \" style=\"text-align: justify;\" data-block-type=\"unstyled\" data-block-weight=\"19\" data-block-id=\"7\">\n<p class=\"content-text__container \" data-track-category=\"Link no Texto\" data-track-links=\"\">J\u00e1 as cidades do Oeste Paulista que pertencem ao DRS de Mar\u00edlia e que continuaram na fase vermelha s\u00e3o:<\/p>\n<\/div>\n<div class=\"mc-column content-text active-extra-styles\" style=\"text-align: justify;\" data-block-type=\"raw\" data-block-weight=\"15\" data-block-id=\"8\">\n<ul class=\"content-unordered-list\">\n<li>Adamantina<\/li>\n<li>Fl\u00f3rida Paulista<\/li>\n<li>In\u00fabia Paulista<\/li>\n<li>Luc\u00e9lia<\/li>\n<li>Mari\u00e1polis<\/li>\n<li>Osvaldo Cruz<\/li>\n<li>Pacaembu<\/li>\n<li>Parapu\u00e3<\/li>\n<li>Pracinha<\/li>\n<li>Rin\u00f3polis<\/li>\n<li>Sagres<\/li>\n<li>Salmour\u00e3o<\/li>\n<\/ul>\n<\/div>\n<div class=\"content-ads content-ads--reveal\" style=\"text-align: justify;\" data-block-type=\"ads\" data-block-id=\"9\"><\/div>\n<div class=\"mc-column content-text active-extra-styles \" style=\"text-align: justify;\" data-block-type=\"unstyled\" data-block-weight=\"173\" data-block-id=\"10\">\n<p class=\"content-text__container \" data-track-category=\"Link no Texto\" data-track-links=\"\">Quando come\u00e7aram as atualiza\u00e7\u00f5es do Plano S\u00e3o Paulo, em 27 de maio de 2020, os 44 munic\u00edpios do Oeste Paulista vinculados ao DRS de Presidente Prudente estavam classificados na fase amarela. Depois, em 10 de junho, regrediram para a fase vermelha, na qual permaneceram at\u00e9 10 de julho, quando subiram para a etapa laranja. Esta regi\u00e3o continuou estagnada, sem evolu\u00e7\u00e3o ou decr\u00e9scimo, na fase laranja, at\u00e9 conseguir passar para a etapa amarela no dia 4 de setembro. Em 22 de dezembro, o DRS de Presidente Prudente recuou para a fase vermelha, a mais restritiva do Plano S\u00e3o Paulo. No dia 8 de janeiro de 2021, na primeira atualiza\u00e7\u00e3o do Plano S\u00e3o Paulo neste ano, o DRS de Presidente Prudente evoluiu para a fase laranja, etapa em que foi mantido em 15 de janeiro. No entanto, no dia 22 de janeiro, houve o regresso para a fase vermelha. A mesma regi\u00e3o teve evolu\u00e7\u00f5es em duas semanas consecutivas: na \u00faltima sexta-feira (29), foi para fase laranja, enquanto nesta sexta-feira (5) subiu para a etapa amarela.<\/p>\n<\/div>\n<div class=\"mc-column content-text active-extra-styles \" style=\"text-align: justify;\" data-block-type=\"unstyled\" data-block-weight=\"157\" data-block-id=\"11\">\n<p class=\"content-text__container \" data-track-category=\"Link no Texto\" data-track-links=\"\">J\u00e1 os 12 munic\u00edpios do Oeste Paulista atrelados ao DRS de Mar\u00edlia come\u00e7aram, em 27 de maio do ano passado, na fase laranja. Em 19 de junho, deca\u00edram para a fase vermelha. Em 10 de julho, subiram para a fase laranja, na qual ficaram at\u00e9 a atualiza\u00e7\u00e3o feita em 7 de agosto, quando evolu\u00edram pela primeira vez para a etapa amarela. No dia 21 de agosto, voltaram a regredir para a fase laranja, na qual permaneceram at\u00e9 o dia 4 de setembro, quando retornaram para a etapa amarela. Na atualiza\u00e7\u00e3o do Plano S\u00e3o Paulo feita em 22 de dezembro, o governo do Estado manteve o DRS de Mar\u00edlia na fase amarela. No dia 8 de janeiro, houve o recuo para a etapa laranja e, uma semana depois, mais um regresso, para a fase vermelha, que foi mantida no dia 22 de janeiro e na \u00faltima sexta-feira (29). Nesta sexta-feira (5), houve o avan\u00e7o para a fase laranja.<\/p>\n<\/div>\n<div class=\"content-ads content-ads--reveal\" style=\"text-align: justify;\" data-block-type=\"ads\" data-block-id=\"12\"><\/div>\n<div class=\"mc-column content-text active-extra-styles \" style=\"text-align: justify;\" data-block-type=\"unstyled\" data-block-weight=\"24\" data-block-id=\"13\">\n<p class=\"content-text__container \" data-track-category=\"Link no Texto\" data-track-links=\"\">Segundo o governo do Estado, os avan\u00e7os de fase foram justificados pela melhora nos indicadores da pandemia da Covid-19 nas regi\u00f5es que conseguiram evoluir.<\/p>\n<\/div>\n<div class=\"mc-column content-text active-extra-styles \" style=\"text-align: justify;\" data-block-type=\"unstyled\" data-block-weight=\"2\" data-block-id=\"14\">\n<p class=\"content-text__container \" data-track-category=\"Link no Texto\" data-track-links=\"\">Fase amarela<\/p>\n<\/div>\n<div class=\"mc-column content-text active-extra-styles \" style=\"text-align: justify;\" data-block-type=\"unstyled\" data-block-weight=\"6\" data-block-id=\"15\">\n<p class=\"content-text__container \" data-track-category=\"Link no Texto\" data-track-links=\"\">Shoppings centers, galerias e estabelecimentos cong\u00eaneres<\/p>\n<\/div>\n<div class=\"mc-column content-text active-extra-styles \" style=\"text-align: justify;\" data-block-type=\"unstyled\" data-block-weight=\"3\" data-block-id=\"16\">\n<p class=\"content-text__container \" data-track-category=\"Link no Texto\" data-track-links=\"\">Capacidade 40% limitada.<\/p>\n<\/div>\n<div class=\"mc-column content-text active-extra-styles \" style=\"text-align: justify;\" data-block-type=\"unstyled\" data-block-weight=\"11\" data-block-id=\"17\">\n<p class=\"content-text__container \" data-track-category=\"Link no Texto\" data-track-links=\"\">Hor\u00e1rio reduzido (12 horas): Ap\u00f3s as 6h e antes das 22h<\/p>\n<\/div>\n<div class=\"mc-column content-text active-extra-styles \" style=\"text-align: justify;\" data-block-type=\"unstyled\" data-block-weight=\"11\" data-block-id=\"18\">\n<p class=\"content-text__container \" data-track-category=\"Link no Texto\" data-track-links=\"\">Pra\u00e7as de alimenta\u00e7\u00e3o: funcionamento de acordo com a categoria do estabelecimento<\/p>\n<\/div>\n<div class=\"mc-column content-text active-extra-styles \" style=\"text-align: justify;\" data-block-type=\"unstyled\" data-block-weight=\"7\" data-block-id=\"19\">\n<p class=\"content-text__container \" data-track-category=\"Link no Texto\" data-track-links=\"\">Ado\u00e7\u00e3o dos protocolos geral e setorial espec\u00edfico.<\/p>\n<\/div>\n<div class=\"mc-column content-text active-extra-styles \" style=\"text-align: justify;\" data-block-type=\"unstyled\" data-block-weight=\"1\" data-block-id=\"20\">\n<p class=\"content-text__container \" data-track-category=\"Link no Texto\" data-track-links=\"\">Com\u00e9rcio<\/p>\n<\/div>\n<div class=\"mc-column content-text active-extra-styles \" style=\"text-align: justify;\" data-block-type=\"unstyled\" data-block-weight=\"3\" data-block-id=\"21\">\n<p class=\"content-text__container \" data-track-category=\"Link no Texto\" data-track-links=\"\">Capacidade 40% limitada<\/p>\n<\/div>\n<div class=\"mc-column content-text active-extra-styles \" style=\"text-align: justify;\" data-block-type=\"unstyled\" data-block-weight=\"11\" data-block-id=\"22\">\n<p class=\"content-text__container \" data-track-category=\"Link no Texto\" data-track-links=\"\">Hor\u00e1rio reduzido (12 horas): Ap\u00f3s as 6h e antes das 22h<\/p>\n<\/div>\n<div class=\"mc-column content-text active-extra-styles \" style=\"text-align: justify;\" data-block-type=\"unstyled\" data-block-weight=\"7\" data-block-id=\"23\">\n<p class=\"content-text__container \" data-track-category=\"Link no Texto\" data-track-links=\"\">Ado\u00e7\u00e3o dos protocolos geral e setorial espec\u00edficos<\/p>\n<\/div>\n<div class=\"mc-column content-text active-extra-styles \" style=\"text-align: justify;\" data-block-type=\"unstyled\" data-block-weight=\"7\" data-block-id=\"24\">\n<p class=\"content-text__container \" data-track-category=\"Link no Texto\" data-track-links=\"\">Com\u00e9rcio varejista de mercadorias: lojas de conveni\u00eancia<\/p>\n<\/div>\n<div class=\"mc-column content-text active-extra-styles \" style=\"text-align: justify;\" data-block-type=\"unstyled\" data-block-weight=\"11\" data-block-id=\"25\">\n<p class=\"content-text__container \" data-track-category=\"Link no Texto\" data-track-links=\"\">Venda de bebidas alc\u00f3olicas: Ap\u00f3s as 6h at\u00e9 as 20h<\/p>\n<\/div>\n<div class=\"mc-column content-text active-extra-styles \" style=\"text-align: justify;\" data-block-type=\"unstyled\" data-block-weight=\"1\" data-block-id=\"26\">\n<p class=\"content-text__container \" data-track-category=\"Link no Texto\" data-track-links=\"\">Servi\u00e7os<\/p>\n<\/div>\n<div class=\"mc-column content-text active-extra-styles \" style=\"text-align: justify;\" data-block-type=\"unstyled\" data-block-weight=\"3\" data-block-id=\"27\">\n<p class=\"content-text__container \" data-track-category=\"Link no Texto\" data-track-links=\"\">Capacidade 40% limitada<\/p>\n<\/div>\n<div class=\"mc-column content-text active-extra-styles \" style=\"text-align: justify;\" data-block-type=\"unstyled\" data-block-weight=\"11\" data-block-id=\"28\">\n<p class=\"content-text__container \" data-track-category=\"Link no Texto\" data-track-links=\"\">Hor\u00e1rio reduzido (10 horas): Ap\u00f3s as 6h e antes das 20h<\/p>\n<\/div>\n<div class=\"mc-column content-text active-extra-styles \" style=\"text-align: justify;\" data-block-type=\"unstyled\" data-block-weight=\"7\" data-block-id=\"29\">\n<p class=\"content-text__container \" data-track-category=\"Link no Texto\" data-track-links=\"\">Ado\u00e7\u00e3o dos protocolos geral e setorial espec\u00edficos<\/p>\n<\/div>\n<div class=\"mc-column content-text active-extra-styles \" style=\"text-align: justify;\" data-block-type=\"unstyled\" data-block-weight=\"5\" data-block-id=\"30\">\n<p class=\"content-text__container \" data-track-category=\"Link no Texto\" data-track-links=\"\">Consumo local (restaurantes e similares)<\/p>\n<\/div>\n<div class=\"mc-column content-text active-extra-styles \" style=\"text-align: justify;\" data-block-type=\"unstyled\" data-block-weight=\"3\" data-block-id=\"31\">\n<p class=\"content-text__container \" data-track-category=\"Link no Texto\" data-track-links=\"\">Capacidade 40% limitada<\/p>\n<\/div>\n<div class=\"mc-column content-text active-extra-styles \" style=\"text-align: justify;\" data-block-type=\"unstyled\" data-block-weight=\"11\" data-block-id=\"32\">\n<p class=\"content-text__container \" data-track-category=\"Link no Texto\" data-track-links=\"\">Hor\u00e1rio reduzido (10 horas): Ap\u00f3s as 6h e antes das 22h<\/p>\n<\/div>\n<div class=\"mc-column content-text active-extra-styles \" style=\"text-align: justify;\" data-block-type=\"unstyled\" data-block-weight=\"7\" data-block-id=\"33\">\n<p class=\"content-text__container \" data-track-category=\"Link no Texto\" data-track-links=\"\">Consumo e atendimento apenas para clientes sentados<\/p>\n<\/div>\n<div class=\"mc-column content-text active-extra-styles \" style=\"text-align: justify;\" data-block-type=\"unstyled\" data-block-weight=\"7\" data-block-id=\"34\">\n<p class=\"content-text__container \" data-track-category=\"Link no Texto\" data-track-links=\"\">Venda de bebidas alc\u00f3olicas at\u00e9 as 20h<\/p>\n<\/div>\n<div class=\"mc-column content-text active-extra-styles \" style=\"text-align: justify;\" data-block-type=\"unstyled\" data-block-weight=\"7\" data-block-id=\"35\">\n<p class=\"content-text__container \" data-track-category=\"Link no Texto\" data-track-links=\"\">Ado\u00e7\u00e3o dos protocolos geral e setorial espec\u00edficos<\/p>\n<\/div>\n<div class=\"mc-column content-text active-extra-styles \" style=\"text-align: justify;\" data-block-type=\"unstyled\" data-block-weight=\"3\" data-block-id=\"36\">\n<p class=\"content-text__container \" data-track-category=\"Link no Texto\" data-track-links=\"\">Consumo local (bares)<\/p>\n<\/div>\n<div class=\"mc-column content-text active-extra-styles \" style=\"text-align: justify;\" data-block-type=\"unstyled\" data-block-weight=\"3\" data-block-id=\"37\">\n<p class=\"content-text__container \" data-track-category=\"Link no Texto\" data-track-links=\"\">Capacidade 40% limitada<\/p>\n<\/div>\n<div class=\"mc-column content-text active-extra-styles \" style=\"text-align: justify;\" data-block-type=\"unstyled\" data-block-weight=\"11\" data-block-id=\"38\">\n<p class=\"content-text__container \" data-track-category=\"Link no Texto\" data-track-links=\"\">Hor\u00e1rio reduzido (10 horas): Ap\u00f3s as 6h e antes das 20h<\/p>\n<\/div>\n<div class=\"mc-column content-text active-extra-styles \" style=\"text-align: justify;\" data-block-type=\"unstyled\" data-block-weight=\"7\" data-block-id=\"39\">\n<p class=\"content-text__container \" data-track-category=\"Link no Texto\" data-track-links=\"\">Consumo e atendimento apenas para clientes sentados<\/p>\n<\/div>\n<div class=\"mc-column content-text active-extra-styles \" style=\"text-align: justify;\" data-block-type=\"unstyled\" data-block-weight=\"7\" data-block-id=\"40\">\n<p class=\"content-text__container \" data-track-category=\"Link no Texto\" data-track-links=\"\">Venda de bebidas alc\u00f3olicas at\u00e9 as 20h<\/p>\n<\/div>\n<div class=\"mc-column content-text active-extra-styles \" style=\"text-align: justify;\" data-block-type=\"unstyled\" data-block-weight=\"7\" data-block-id=\"41\">\n<p class=\"content-text__container \" data-track-category=\"Link no Texto\" data-track-links=\"\">Ado\u00e7\u00e3o dos protocolos geral e setorial espec\u00edficos<\/p>\n<\/div>\n<div class=\"mc-column content-text active-extra-styles \" style=\"text-align: justify;\" data-block-type=\"unstyled\" data-block-weight=\"5\" data-block-id=\"42\">\n<p class=\"content-text__container \" data-track-category=\"Link no Texto\" data-track-links=\"\">Sal\u00f5es de beleza e barbearias<\/p>\n<\/div>\n<div class=\"mc-column content-text active-extra-styles \" style=\"text-align: justify;\" data-block-type=\"unstyled\" data-block-weight=\"9\" data-block-id=\"43\">\n<p class=\"content-text__container \" data-track-category=\"Link no Texto\" data-track-links=\"\">Ocupa\u00e7\u00e3o m\u00e1xima limitada a 40% da capacidade do local.<\/p>\n<\/div>\n<div class=\"mc-column content-text active-extra-styles \" style=\"text-align: justify;\" data-block-type=\"unstyled\" data-block-weight=\"4\" data-block-id=\"44\">\n<p class=\"content-text__container \" data-track-category=\"Link no Texto\" data-track-links=\"\">Hor\u00e1rio reduzido (10 horas).<\/p>\n<\/div>\n<div class=\"mc-column content-text active-extra-styles \" style=\"text-align: justify;\" data-block-type=\"unstyled\" data-block-weight=\"7\" data-block-id=\"45\">\n<p class=\"content-text__container \" data-track-category=\"Link no Texto\" data-track-links=\"\">Ado\u00e7\u00e3o dos protocolos geral e setorial espec\u00edfico.<\/p>\n<\/div>\n<div class=\"mc-column content-text active-extra-styles \" style=\"text-align: justify;\" data-block-type=\"unstyled\" data-block-weight=\"11\" data-block-id=\"46\">\n<p class=\"content-text__container \" data-track-category=\"Link no Texto\" data-track-links=\"\">Academias de esportes de todas as modalidades e centros de gin\u00e1stica<\/p>\n<\/div>\n<div class=\"mc-column content-text active-extra-styles \" style=\"text-align: justify;\" data-block-type=\"unstyled\" data-block-weight=\"3\" data-block-id=\"47\">\n<p class=\"content-text__container \" data-track-category=\"Link no Texto\" data-track-links=\"\">Capacidade 40% limitada<\/p>\n<\/div>\n<div class=\"mc-column content-text active-extra-styles \" style=\"text-align: justify;\" data-block-type=\"unstyled\" data-block-weight=\"11\" data-block-id=\"48\">\n<p class=\"content-text__container \" data-track-category=\"Link no Texto\" data-track-links=\"\">Hor\u00e1rio reduzido (10 horas): Ap\u00f3s as 6h e antes das 22h<\/p>\n<\/div>\n<div class=\"mc-column content-text active-extra-styles \" style=\"text-align: justify;\" data-block-type=\"unstyled\" data-block-weight=\"5\" data-block-id=\"49\">\n<p class=\"content-text__container \" data-track-category=\"Link no Texto\" data-track-links=\"\">Agendamento pr\u00e9vio e hora marcada<\/p>\n<\/div>\n<div class=\"mc-column content-text active-extra-styles \" style=\"text-align: justify;\" data-block-type=\"unstyled\" data-block-weight=\"14\" data-block-id=\"50\">\n<p class=\"content-text__container \" data-track-category=\"Link no Texto\" data-track-links=\"\">Permiss\u00e3o apenas de aulas e pr\u00e1ticas individuais, suspensas as aulas e pr\u00e1ticas em grupo<\/p>\n<\/div>\n<div class=\"mc-column content-text active-extra-styles \" style=\"text-align: justify;\" data-block-type=\"unstyled\" data-block-weight=\"7\" data-block-id=\"51\">\n<p class=\"content-text__container \" data-track-category=\"Link no Texto\" data-track-links=\"\">Ado\u00e7\u00e3o dos protocolos geral e setorial espec\u00edficos<\/p>\n<\/div>\n<div class=\"mc-column content-text active-extra-styles \" style=\"text-align: justify;\" data-block-type=\"unstyled\" data-block-weight=\"5\" data-block-id=\"52\">\n<p class=\"content-text__container \" data-track-category=\"Link no Texto\" data-track-links=\"\">Eventos, conven\u00e7\u00f5es e atividades culturais<\/p>\n<\/div>\n<div class=\"mc-column content-text active-extra-styles \" style=\"text-align: justify;\" data-block-type=\"unstyled\" data-block-weight=\"3\" data-block-id=\"53\">\n<p class=\"content-text__container \" data-track-category=\"Link no Texto\" data-track-links=\"\">Capacidade 40% limitada<\/p>\n<\/div>\n<div class=\"mc-column content-text active-extra-styles \" style=\"text-align: justify;\" data-block-type=\"unstyled\" data-block-weight=\"11\" data-block-id=\"54\">\n<p class=\"content-text__container \" data-track-category=\"Link no Texto\" data-track-links=\"\">Hor\u00e1rio reduzido (10 horas): Ap\u00f3s as 6h e antes das 22h<\/p>\n<\/div>\n<div class=\"mc-column content-text active-extra-styles \" style=\"text-align: justify;\" data-block-type=\"unstyled\" data-block-weight=\"10\" data-block-id=\"55\">\n<p class=\"content-text__container \" data-track-category=\"Link no Texto\" data-track-links=\"\">Obriga\u00e7\u00e3o de controle de acesso, hora marcada e assentos marcados<\/p>\n<\/div>\n<div class=\"content-ads content-ads--reveal\" style=\"text-align: justify;\" data-block-type=\"ads\" data-block-id=\"56\"><\/div>\n<div class=\"mc-column content-text active-extra-styles \" style=\"text-align: justify;\" data-block-type=\"unstyled\" data-block-weight=\"6\" data-block-id=\"57\">\n<p class=\"content-text__container \" data-track-category=\"Link no Texto\" data-track-links=\"\">Assentos e filas respeitando distanciamento m\u00ednimo<\/p>\n<\/div>\n<div class=\"mc-column content-text active-extra-styles \" style=\"text-align: justify;\" data-block-type=\"unstyled\" data-block-weight=\"7\" data-block-id=\"58\">\n<p class=\"content-text__container \" data-track-category=\"Link no Texto\" data-track-links=\"\">Proibi\u00e7\u00e3o de atividades com p\u00fablico em p\u00e9<\/p>\n<\/div>\n<div class=\"mc-column content-text active-extra-styles \" style=\"text-align: justify;\" data-block-type=\"unstyled\" data-block-weight=\"7\" data-block-id=\"59\">\n<p class=\"content-text__container \" data-track-category=\"Link no Texto\" data-track-links=\"\">Ado\u00e7\u00e3o dos protocolos geral e setorial espec\u00edfico<\/p>\n<\/div>\n<div class=\"mc-column content-text active-extra-styles \" data-block-type=\"unstyled\" data-block-weight=\"5\" data-block-id=\"60\">\n<p class=\"content-text__container \" style=\"text-align: justify;\" data-track-category=\"Link no Texto\" data-track-links=\"\">Demais atividades que geram aglomera\u00e7\u00e3o<\/p>\n<p style=\"text-align: justify;\" data-track-category=\"Link no Texto\" data-track-links=\"\">Fonte: G1<\/p>\n<\/div>\n<\/div>\n","protected":false},"excerpt":{"rendered":"<p>A regi\u00e3o de Presidente Prudente avan\u00e7ou da etapa laranja para a fase amarela do Plano S\u00e3o Paulo, conforme a atualiza\u00e7\u00e3o feita pelo governo do Estado na tarde desta sexta-feira (5). J\u00e1 a \u00e1rea de abrang\u00eancia do Departamento Regional de Sa\u00fade (DRS) de Mar\u00edlia tamb\u00e9m evoluiu, mas da fase vermelha para a etapa laranja. Os 56 [&hellip;]<\/p>\n","protected":false},"author":1,"featured_media":42764,"comment_status":"closed","ping_status":"open","sticky":false,"template":"","format":"standard","meta":{"footnotes":""},"categories":[110,116],"tags":[],"class_list":["post-42763","post","type-post","status-publish","format-standard","has-post-thumbnail","hentry","category-noticiasdestaque","category-politicaeeconomia"],"_links":{"self":[{"href":"https:\/\/jorgezanoni.com.br\/2019\/wp-json\/wp\/v2\/posts\/42763","targetHints":{"allow":["GET"]}}],"collection":[{"href":"https:\/\/jorgezanoni.com.br\/2019\/wp-json\/wp\/v2\/posts"}],"about":[{"href":"https:\/\/jorgezanoni.com.br\/2019\/wp-json\/wp\/v2\/types\/post"}],"author":[{"embeddable":true,"href":"https:\/\/jorgezanoni.com.br\/2019\/wp-json\/wp\/v2\/users\/1"}],"replies":[{"embeddable":true,"href":"https:\/\/jorgezanoni.com.br\/2019\/wp-json\/wp\/v2\/comments?post=42763"}],"version-history":[{"count":0,"href":"https:\/\/jorgezanoni.com.br\/2019\/wp-json\/wp\/v2\/posts\/42763\/revisions"}],"wp:featuredmedia":[{"embeddable":true,"href":"https:\/\/jorgezanoni.com.br\/2019\/wp-json\/wp\/v2\/media\/42764"}],"wp:attachment":[{"href":"https:\/\/jorgezanoni.com.br\/2019\/wp-json\/wp\/v2\/media?parent=42763"}],"wp:term":[{"taxonomy":"category","embeddable":true,"href":"https:\/\/jorgezanoni.com.br\/2019\/wp-json\/wp\/v2\/categories?post=42763"},{"taxonomy":"post_tag","embeddable":true,"href":"https:\/\/jorgezanoni.com.br\/2019\/wp-json\/wp\/v2\/tags?post=42763"}],"curies":[{"name":"wp","href":"https:\/\/api.w.org\/{rel}","templated":true}]}}