{"id":42760,"date":"2021-02-05T13:06:39","date_gmt":"2021-02-05T13:06:39","guid":{"rendered":"https:\/\/jorgezanoni.com.br\/2019\/?p=42760"},"modified":"2021-02-05T13:06:39","modified_gmt":"2021-02-05T13:06:39","slug":"homem-morre-e-dois-adolescentes-ficam-feridos-apos-capotamento-na-rodovia-raposo-tavares","status":"publish","type":"post","link":"https:\/\/jorgezanoni.com.br\/2019\/homem-morre-e-dois-adolescentes-ficam-feridos-apos-capotamento-na-rodovia-raposo-tavares\/","title":{"rendered":"Homem morre e dois adolescentes ficam feridos ap\u00f3s capotamento na Rodovia Raposo Tavares"},"content":{"rendered":"<h2 class=\"content-head__subtitle\" style=\"text-align: justify;\"><strong>Por motivos a serem esclarecidos, condutor perdeu o controle da dire\u00e7\u00e3o e bateu contra a defensa de concreto, capotando em seguida. Tempo estava chuvoso no momento do acidente.<\/strong><\/h2>\n<div class=\"mc-column content-text active-extra-styles \" data-block-type=\"unstyled\" data-block-weight=\"37\" data-block-id=\"2\">\n<p class=\"content-text__container \" style=\"text-align: justify;\" data-track-category=\"Link no Texto\" data-track-links=\"\">Um homem de 59 anos morreu ap\u00f3s um capotamento de ve\u00edculo na Rodovia Raposo Tavares (SP-270), em \u00c1lvares Machado. O acidente, registrado por voltadas 23h25 desta quinta-feira (4), ainda deixou dois adolescentes com ferimentos de natureza leve.<\/p>\n<\/div>\n<div class=\"wall protected-content\">\n<div class=\"mc-column content-text active-extra-styles \" style=\"text-align: justify;\" data-block-type=\"unstyled\" data-block-weight=\"24\" data-block-id=\"3\">\n<p class=\"content-text__container \" data-track-category=\"Link no Texto\" data-track-links=\"\">Na noite de 04 fevereiro de 2021, por volta das 23h25min um Ve\u00edculo GM\/Kadett, de cor Branca, placas de Euclides da Cunha Paulista\/SP),<\/p>\n<\/div>\n<div class=\"mc-column content-text active-extra-styles \" style=\"text-align: justify;\" data-block-type=\"unstyled\" data-block-weight=\"39\" data-block-id=\"4\">\n<p class=\"content-text__container \" data-track-category=\"Link no Texto\" data-track-links=\"\">O ve\u00edculo seguia no sentido Presidente Bernardes a Presidente Prudente, quando por motivos a serem esclarecidos, o condutor perdeu o controle da dire\u00e7\u00e3o. O carro, desgovernado, bateu contra a defensa de concreto e em seguida capotou, parando no acostamento.<\/p>\n<\/div>\n<div class=\"mc-column content-text active-extra-styles \" style=\"text-align: justify;\" data-block-type=\"unstyled\" data-block-weight=\"14\" data-block-id=\"5\">\n<p class=\"content-text__container \" data-track-category=\"Link no Texto\" data-track-links=\"\">De acordo com a pol\u00edcia, no momento do acidente o tempo era chuvoso.<\/p>\n<\/div>\n<div class=\"mc-column content-text active-extra-styles \" style=\"text-align: justify;\" data-block-type=\"unstyled\" data-block-weight=\"37\" data-block-id=\"6\">\n<p class=\"content-text__container \" data-track-category=\"Link no Texto\" data-track-links=\"\">Em consequ\u00eancia do acidente, o condutor foi a \u00f3bito no local e dois adolescentes, que eram passageiros, sofreram ferimentos de natureza leve. Os rapazes, de 16 e 17 anos, foram socorridos ao Hospital Regional de Presidente Prudente.<\/p>\n<\/div>\n<div class=\"row medium-uncollapsed content-media content-photo\" style=\"text-align: justify;\" data-block-type=\"backstage-photo\" data-block-id=\"7\">\n<div class=\"mc-column content-media__container\">\n<figure><img decoding=\"async\" class=\"i-amphtml-fill-content i-amphtml-replaced-content\" src=\"https:\/\/s2.glbimg.com\/A6YOAAsBqCi7yyjYU-n6Gr-SvXc=\/0x64:1280x1031\/984x0\/smart\/filters:strip_icc()\/i.s3.glbimg.com\/v1\/AUTH_59edd422c0c84a879bd37670ae4f538a\/internal_photos\/bs\/2021\/D\/6\/h7oRmeQGeSZVo6g47SLQ\/whatsapp-image-2021-02-05-at-07.33.19-1-.jpg\" sizes=\"(max-width: 1366px) 648px, 100vw\" srcset=\"https:\/\/s2.glbimg.com\/okNzvb18RHL_nGCqF8zXsBsafgU=\/0x64:1280x1031\/1000x0\/smart\/filters:strip_icc()\/i.s3.glbimg.com\/v1\/AUTH_59edd422c0c84a879bd37670ae4f538a\/internal_photos\/bs\/2021\/D\/6\/h7oRmeQGeSZVo6g47SLQ\/whatsapp-image-2021-02-05-at-07.33.19-1-.jpg 1000w, https:\/\/s2.glbimg.com\/A6YOAAsBqCi7yyjYU-n6Gr-SvXc=\/0x64:1280x1031\/984x0\/smart\/filters:strip_icc()\/i.s3.glbimg.com\/v1\/AUTH_59edd422c0c84a879bd37670ae4f538a\/internal_photos\/bs\/2021\/D\/6\/h7oRmeQGeSZVo6g47SLQ\/whatsapp-image-2021-02-05-at-07.33.19-1-.jpg 984w, https:\/\/s2.glbimg.com\/pynQCCc2mW1avMQWf80empAjbJ4=\/0x64:1280x1031\/640x0\/smart\/filters:strip_icc()\/i.s3.glbimg.com\/v1\/AUTH_59edd422c0c84a879bd37670ae4f538a\/internal_photos\/bs\/2021\/D\/6\/h7oRmeQGeSZVo6g47SLQ\/whatsapp-image-2021-02-05-at-07.33.19-1-.jpg 640w, https:\/\/s2.glbimg.com\/dmwZSVJlM_5tk1EaiitsIT7CGxE=\/0x64:1280x1031\/600x0\/smart\/filters:strip_icc()\/i.s3.glbimg.com\/v1\/AUTH_59edd422c0c84a879bd37670ae4f538a\/internal_photos\/bs\/2021\/D\/6\/h7oRmeQGeSZVo6g47SLQ\/whatsapp-image-2021-02-05-at-07.33.19-1-.jpg 600w\" alt=\"Capotamento foi registrado na Rodovia Raposo Tavares (SP-270), em \u00c1lvares Machado \u2014 Foto: Pol\u00edcia Rodovi\u00e1ria\" \/><\/figure>\n<p class=\"content-media__description \">Capotamento foi registrado na Rodovia Raposo Tavares (SP-270), em \u00c1lvares Machado \u2014 Foto: Pol\u00edcia Rodovi\u00e1ria<\/p>\n<\/div>\n<\/div>\n<div class=\"row medium-uncollapsed content-media content-photo\" data-block-type=\"backstage-photo\" data-block-id=\"9\">\n<div class=\"mc-column content-media__container\">\n<figure style=\"text-align: justify;\"><img decoding=\"async\" class=\"i-amphtml-fill-content i-amphtml-replaced-content\" src=\"https:\/\/s2.glbimg.com\/XLrvb7p1Hc6uHfy1pAbsB_DtSnw=\/0x168:1280x1038\/984x0\/smart\/filters:strip_icc()\/i.s3.glbimg.com\/v1\/AUTH_59edd422c0c84a879bd37670ae4f538a\/internal_photos\/bs\/2021\/i\/E\/jdlYKXSRC8Z98Hx2ALJA\/whatsapp-image-2021-02-05-at-07.02.31.jpeg\" sizes=\"(max-width: 1366px) 648px, 100vw\" srcset=\"https:\/\/s2.glbimg.com\/jw6R69Pet2ZEKzBfPpgrHpkX-BQ=\/0x168:1280x1038\/1000x0\/smart\/filters:strip_icc()\/i.s3.glbimg.com\/v1\/AUTH_59edd422c0c84a879bd37670ae4f538a\/internal_photos\/bs\/2021\/i\/E\/jdlYKXSRC8Z98Hx2ALJA\/whatsapp-image-2021-02-05-at-07.02.31.jpeg 1000w, https:\/\/s2.glbimg.com\/XLrvb7p1Hc6uHfy1pAbsB_DtSnw=\/0x168:1280x1038\/984x0\/smart\/filters:strip_icc()\/i.s3.glbimg.com\/v1\/AUTH_59edd422c0c84a879bd37670ae4f538a\/internal_photos\/bs\/2021\/i\/E\/jdlYKXSRC8Z98Hx2ALJA\/whatsapp-image-2021-02-05-at-07.02.31.jpeg 984w, https:\/\/s2.glbimg.com\/62zXsludJOtthxTOxITYsktl9dQ=\/0x168:1280x1038\/640x0\/smart\/filters:strip_icc()\/i.s3.glbimg.com\/v1\/AUTH_59edd422c0c84a879bd37670ae4f538a\/internal_photos\/bs\/2021\/i\/E\/jdlYKXSRC8Z98Hx2ALJA\/whatsapp-image-2021-02-05-at-07.02.31.jpeg 640w, https:\/\/s2.glbimg.com\/_23-dGU2xMhqP2Qt1UNvO_d01kQ=\/0x168:1280x1038\/600x0\/smart\/filters:strip_icc()\/i.s3.glbimg.com\/v1\/AUTH_59edd422c0c84a879bd37670ae4f538a\/internal_photos\/bs\/2021\/i\/E\/jdlYKXSRC8Z98Hx2ALJA\/whatsapp-image-2021-02-05-at-07.02.31.jpeg 600w\" alt=\"Acidente foi na Rodovia Raposo Tavares (SP-270), em \u00c1lvares Machado \u2014 Foto: Pol\u00edcia Rodovi\u00e1ria\" \/><\/figure>\n<p class=\"content-media__description \" style=\"text-align: justify;\">Acidente foi na Rodovia Raposo Tavares (SP-270), em \u00c1lvares Machado \u2014 Foto: Pol\u00edcia Rodovi\u00e1ria<\/p>\n<p>Fonte: G1 e PMR<\/p>\n<\/div>\n<\/div>\n<\/div>\n","protected":false},"excerpt":{"rendered":"<p>Por motivos a serem esclarecidos, condutor perdeu o controle da dire\u00e7\u00e3o e bateu contra a defensa de concreto, capotando em seguida. Tempo estava chuvoso no momento do acidente. Um homem de 59 anos morreu ap\u00f3s um capotamento de ve\u00edculo na Rodovia Raposo Tavares (SP-270), em \u00c1lvares Machado. O acidente, registrado por voltadas 23h25 desta quinta-feira [&hellip;]<\/p>\n","protected":false},"author":1,"featured_media":42761,"comment_status":"closed","ping_status":"open","sticky":false,"template":"","format":"standard","meta":{"footnotes":""},"categories":[170,110],"tags":[],"class_list":["post-42760","post","type-post","status-publish","format-standard","has-post-thumbnail","hentry","category-acidentes","category-noticiasdestaque"],"_links":{"self":[{"href":"https:\/\/jorgezanoni.com.br\/2019\/wp-json\/wp\/v2\/posts\/42760","targetHints":{"allow":["GET"]}}],"collection":[{"href":"https:\/\/jorgezanoni.com.br\/2019\/wp-json\/wp\/v2\/posts"}],"about":[{"href":"https:\/\/jorgezanoni.com.br\/2019\/wp-json\/wp\/v2\/types\/post"}],"author":[{"embeddable":true,"href":"https:\/\/jorgezanoni.com.br\/2019\/wp-json\/wp\/v2\/users\/1"}],"replies":[{"embeddable":true,"href":"https:\/\/jorgezanoni.com.br\/2019\/wp-json\/wp\/v2\/comments?post=42760"}],"version-history":[{"count":0,"href":"https:\/\/jorgezanoni.com.br\/2019\/wp-json\/wp\/v2\/posts\/42760\/revisions"}],"wp:featuredmedia":[{"embeddable":true,"href":"https:\/\/jorgezanoni.com.br\/2019\/wp-json\/wp\/v2\/media\/42761"}],"wp:attachment":[{"href":"https:\/\/jorgezanoni.com.br\/2019\/wp-json\/wp\/v2\/media?parent=42760"}],"wp:term":[{"taxonomy":"category","embeddable":true,"href":"https:\/\/jorgezanoni.com.br\/2019\/wp-json\/wp\/v2\/categories?post=42760"},{"taxonomy":"post_tag","embeddable":true,"href":"https:\/\/jorgezanoni.com.br\/2019\/wp-json\/wp\/v2\/tags?post=42760"}],"curies":[{"name":"wp","href":"https:\/\/api.w.org\/{rel}","templated":true}]}}