{"id":4276,"date":"2019-08-21T17:00:43","date_gmt":"2019-08-21T17:00:43","guid":{"rendered":"https:\/\/jorgezanoni.com.br\/2019\/?p=4276"},"modified":"2019-08-21T17:14:15","modified_gmt":"2019-08-21T17:14:15","slug":"em-busca-da-profissionalizacao-do-mercado-em-nivel-regional","status":"publish","type":"post","link":"https:\/\/jorgezanoni.com.br\/2019\/em-busca-da-profissionalizacao-do-mercado-em-nivel-regional\/","title":{"rendered":"Em busca da Profissionaliza\u00e7\u00e3o do Mercado em n\u00edvel regional"},"content":{"rendered":"<p style=\"text-align: justify;\"><strong>EM BUSCA DA PROFISSIONALIZA\u00c7\u00c3O DO MERCADO EM N\u00cdVEL REGIONAL&#8230;<\/strong><\/p>\n<p style=\"text-align: justify;\">&#8220;A sociedade \u00e9 maior do que o mercado. O leitor n\u00e3o \u00e9 consumidor, mas cidad\u00e3o. Jornalismo \u00e9 servi\u00e7o p\u00fablico, n\u00e3o espet\u00e1culo.&#8221; (Alberto Dines)<br \/>\n\u201cN\u00e3o h\u00e1 absolutamente ningu\u00e9m que fa\u00e7a um sacrif\u00edcio sem esperar uma compensa\u00e7\u00e3o. \u00c9 tudo uma quest\u00e3o de mercado.\u201d<br \/>\n(CESARE PAVESE)<\/p>\n<p style=\"text-align: justify;\">S\u00e9rgio Barbosa (*)<\/p>\n<p style=\"text-align: justify;\">N\u00e3o se pode esquecer neste tempo novo tempo que existem diversas possibilidades para aqueles profissionais que buscam este ou aquele espa\u00e7o em n\u00edvel regional&#8230;<br \/>\nPor\u00e9m, como sempre, as exig\u00eancias deste mercado &#8220;em crise&#8221; para a maioria e inexistente para a minoria que consegue abrir novas frentes em busca dos desafios em tempo de p\u00f3s-globaliza\u00e7\u00e3o organizacional&#8230;<br \/>\nMas, tudo pode complicar quando a &#8220;desconfian\u00e7a&#8221;, bem como, &#8220;a d\u00favida&#8221; aparece sem mais e sem menos neste mercado, criando muitas incertezas quanto ao presente disto ou daquilo, ainda, com proje\u00e7\u00f5es sem limites para um futuro tenebroso&#8230;<br \/>\nPor isso e mais aquilo, faz-se necess\u00e1rio estar em conex\u00e3o com a realidade em n\u00edvel &#8220;glocal&#8221;, ou seja, do global para o local, desta forma, pode ocorrer uma sintonia entre mercado e novas possibilidades para aqueles\/as profissionais que desenvolvem atividades diversas na denominada Regi\u00e3o da \u201cNova\u201d Alta Paulista&#8230;<br \/>\nO contexto exige cada vez mais profissionais com forma\u00e7\u00e3o diversificada para um mercado em constante transforma\u00e7\u00e3o em meio \u00e0s muitas &#8220;crises&#8221; patrocinadas pelas \u00e1reas pol\u00edtica e econ\u00f4mica nos cen\u00e1rios local, regional, estadual e nacional&#8230;<br \/>\nPortanto, o cen\u00e1rio regional est\u00e1 neste meio que parece n\u00e3o ter fim ou mesmo come\u00e7o para um entendimento que possa estar de acordo comos interesses do mercado e as novas exig\u00eancias dos consumidores&#8230;<br \/>\nAs organiza\u00e7\u00f5es que se fazem presente neste contexto regional nas \u00e1reas da produ\u00e7\u00e3o e servi\u00e7os devem estar em constante &#8220;estado de alerta&#8221; para apresentarem novas possibilidades ao p\u00fablico alvo e ponto quase final&#8230;<br \/>\nEntretanto, faz-se necess\u00e1rio uma constante vigil\u00e2ncia entre a organiza\u00e7\u00e3o (empresa) e o p\u00fablico alvo, para isso ser poss\u00edvel, existem diversas op\u00e7\u00f5es nas \u00e1reas da Gest\u00e3o Empresarial por meio da proposta mediada pelo Planejamento Estrat\u00e9gico em tempo de Pesquisa de Mercado&#8230;<br \/>\nMas, o que se percebe aqui e ali neste caso entre os ocasos desta Regi\u00e3o, ainda, em todas as \u00e1reas envolvendo produ\u00e7\u00e3o ou presta\u00e7\u00e3o de servi\u00e7os, s\u00e3o as limita\u00e7\u00f5es dos empres\u00e1rios quanto aos desafios existentes neste cen\u00e1rio de crise&#8230;<br \/>\nO mercado em quest\u00e3o n\u00e3o pode fazer como a avestruz quando encontra um problema e coloca a cabe\u00e7a debaixo de algum buraco qualquer, haja vista que os desafios existem para provar e comprovar que existe uma ou mais sa\u00eddas para os problemase ponto quase final&#8230;<br \/>\nQuem sobreviver vai saber&#8230;<br \/>\n____________________________________<br \/>\n(*) Jornalista Diplomado e Consultor na \u00c1rea da Gest\u00e3o em Comunica\u00e7\u00e3o Organizacional.<\/p>\n","protected":false},"excerpt":{"rendered":"<p>EM BUSCA DA PROFISSIONALIZA\u00c7\u00c3O DO MERCADO EM N\u00cdVEL REGIONAL&#8230; &#8220;A sociedade \u00e9 maior do que o mercado. O leitor n\u00e3o \u00e9 consumidor, mas cidad\u00e3o. Jornalismo \u00e9 servi\u00e7o p\u00fablico, n\u00e3o espet\u00e1culo.&#8221; (Alberto Dines) \u201cN\u00e3o h\u00e1 absolutamente ningu\u00e9m que fa\u00e7a um sacrif\u00edcio sem esperar uma compensa\u00e7\u00e3o. \u00c9 tudo uma quest\u00e3o de mercado.\u201d (CESARE PAVESE) S\u00e9rgio Barbosa (*) [&hellip;]<\/p>\n","protected":false},"author":1,"featured_media":4277,"comment_status":"closed","ping_status":"open","sticky":false,"template":"","format":"standard","meta":{"footnotes":""},"categories":[175],"tags":[],"class_list":["post-4276","post","type-post","status-publish","format-standard","has-post-thumbnail","hentry","category-artigos"],"_links":{"self":[{"href":"https:\/\/jorgezanoni.com.br\/2019\/wp-json\/wp\/v2\/posts\/4276","targetHints":{"allow":["GET"]}}],"collection":[{"href":"https:\/\/jorgezanoni.com.br\/2019\/wp-json\/wp\/v2\/posts"}],"about":[{"href":"https:\/\/jorgezanoni.com.br\/2019\/wp-json\/wp\/v2\/types\/post"}],"author":[{"embeddable":true,"href":"https:\/\/jorgezanoni.com.br\/2019\/wp-json\/wp\/v2\/users\/1"}],"replies":[{"embeddable":true,"href":"https:\/\/jorgezanoni.com.br\/2019\/wp-json\/wp\/v2\/comments?post=4276"}],"version-history":[{"count":0,"href":"https:\/\/jorgezanoni.com.br\/2019\/wp-json\/wp\/v2\/posts\/4276\/revisions"}],"wp:featuredmedia":[{"embeddable":true,"href":"https:\/\/jorgezanoni.com.br\/2019\/wp-json\/wp\/v2\/media\/4277"}],"wp:attachment":[{"href":"https:\/\/jorgezanoni.com.br\/2019\/wp-json\/wp\/v2\/media?parent=4276"}],"wp:term":[{"taxonomy":"category","embeddable":true,"href":"https:\/\/jorgezanoni.com.br\/2019\/wp-json\/wp\/v2\/categories?post=4276"},{"taxonomy":"post_tag","embeddable":true,"href":"https:\/\/jorgezanoni.com.br\/2019\/wp-json\/wp\/v2\/tags?post=4276"}],"curies":[{"name":"wp","href":"https:\/\/api.w.org\/{rel}","templated":true}]}}