{"id":42757,"date":"2021-02-05T12:51:54","date_gmt":"2021-02-05T12:51:54","guid":{"rendered":"https:\/\/jorgezanoni.com.br\/2019\/?p=42757"},"modified":"2021-02-05T12:51:54","modified_gmt":"2021-02-05T12:51:54","slug":"isla-em-foco-entre-a-ignorancia-e-o-preconceito","status":"publish","type":"post","link":"https:\/\/jorgezanoni.com.br\/2019\/isla-em-foco-entre-a-ignorancia-e-o-preconceito\/","title":{"rendered":"ISL\u00c3 EM FOCO: Entre a Ignor\u00e2ncia e o Preconceito"},"content":{"rendered":"<p style=\"text-align: justify;\"><strong>ISL\u00c3 EM FOCO: ENTRE A IGNOR\u00c2NCIA E O PRECONCEITO!<\/strong><\/p>\n<p style=\"text-align: justify;\"><em>\u201c<strong>O homem \u00e9 a \u00fanica criatura que se recusa a ser o que ela \u00e9\u201d Albert Camus<\/strong><\/em><\/p>\n<p style=\"text-align: justify;\"><strong><em>Gabriel Silva (*)<\/em><\/strong><\/p>\n<p style=\"text-align: justify;\">Quem nunca viu pela Tv ou redes sociais pessoas ou posts atacando os mu\u00e7ulmanos?<\/p>\n<p style=\"text-align: justify;\">Associando-os ao terrorismo e \u00e0 falta de civilidade?<\/p>\n<p style=\"text-align: justify;\">Pois bem, quem assim procede age, na esmagadora maioria das vezes, por ignor\u00e2ncia, no sentido de falta de conhecimento ou por m\u00e1 f\u00e9 pol\u00edtica, quando se trata de autoridades pseudodemocr\u00e1ticas condenando um grupo religioso que em sua grande maioria reprova qualquer ato terrorista.<\/p>\n<p style=\"text-align: justify;\">Dentro da tradi\u00e7\u00e3o isl\u00e2mica, que tem sua funda\u00e7\u00e3o com o profeta Mohammed no s\u00e9culo VII, matar \u00e9 conden\u00e1vel pelo Cor\u00e3o, palavra de Allah aos humanos, pois estes se desviaram do caminho tra\u00e7ado por Allah e perderam-se fazendo do mundo um lugar violento e, assim, a forma\u00e7\u00e3o do ser humano bem como a capacidade de harmonizar-se com Allah foram suprimidas.<\/p>\n<p style=\"text-align: justify;\">Faz-se necess\u00e1rio explicar que a religi\u00e3o, seja qual for, n\u00e3o \u00e9 tolerante para com uma outra religi\u00e3o, pois h\u00e1 um componente comum entre as mesmas: a pol\u00edtica.<\/p>\n<p style=\"text-align: justify;\">Nenhuma organiza\u00e7\u00e3o, seja qual for sua natureza, nega o uso da pol\u00edtica para estruturar-se e sustentar-se perante uma determinada sociedade.<\/p>\n<p style=\"text-align: justify;\">Desta mesma maneira, dentro do islamismo houve, ap\u00f3s a morte do profeta, uma disputa pol\u00edtica pela sua sucess\u00e3o ficando o amigo e companheiro do profeta, o primeiro califa Abu Bakr chefiando 90% dos mu\u00e7ulmanos, os sunitas, e Ali, primo do profeta com uma outra ala da grande congrega\u00e7\u00e3o isl\u00e2mica, sendo, agora, o primeiro mul\u00e1 dessa ala que compreende 10% dos mu\u00e7ulmanos, os xiitas.<\/p>\n<p style=\"text-align: justify;\">Notem, minhas caras e meus caros, que para al\u00e9m da espiritualidade h\u00e1 a busca constante pelo poder, porque religi\u00e3o tamb\u00e9m \u00e9 um poder social, haja vista que seus l\u00edderes mobilizam mais do que os pol\u00edticos, pois a cren\u00e7a em um lugar bom e deleitoso \u00e9 mais atraente do que a transforma\u00e7\u00e3o do mundo material, que na mente dos crentes \u2013 seja qual for \u00e0 cren\u00e7a \u2013 este mundo est\u00e1 perdido.<\/p>\n<p style=\"text-align: justify;\"><strong>Alian\u00e7as entre governos<\/strong><\/p>\n<p style=\"text-align: justify;\">Na incessante busca pelo poder, governos alinharam-se aos xiitas no constante desejo de desestabilizar o Oriente M\u00e9dio, mas, por qu\u00ea? Bem, a reposta parece ser \u00f3bvia, n\u00e3o \u00e9?<\/p>\n<p style=\"text-align: justify;\">Para al\u00e9m do ouro negro, o petr\u00f3leo, h\u00e1 um obscuro desejo de controle, por parte principalmente dos EUA, do Oriente porque essa regi\u00e3o det\u00e9m um vasto territ\u00f3rio, autonomia nuclear e potencial econ\u00f4mico no cen\u00e1rio internacional.<\/p>\n<p style=\"text-align: justify;\">Bem, n\u00e3o h\u00e1 porque esticar esse artigo quando se pode, para al\u00e9m da teoria, verificar em fatos o porqu\u00ea de tanto preconceito para com a comunidade mu\u00e7ulmana no que tange ao seu exerc\u00edcio de f\u00e9 e, sobretudo, sua maneira de ser, estar e existir.<\/p>\n<p style=\"text-align: justify;\">Portanto, relembremos o lament\u00e1vel dia 17 de outubro de 2020 quando o professor de hist\u00f3ria e geografia da Fran\u00e7a, Samuel Paty, foi decapitado ap\u00f3s mostrar figuras envolvendo o fundador do isl\u00e3, Mohammed, por um jovem mu\u00e7ulmano que, na \u00e2nsia de fazer justi\u00e7a, esqueceu-se que Allah \u00e9 \u201cClemente e Misericordios\u00edssimo\u201d e condena o homic\u00eddio.<\/p>\n<p style=\"text-align: justify;\">Mas, partindo do contexto da globaliza\u00e7\u00e3o no que se referem \u00e0 imigra\u00e7\u00e3o, os pa\u00edses destinat\u00e1rios de tais imigrantes usam desse drama social como palanque pol\u00edtico para difundir suas ideias xen\u00f3fobas e, dessa triste forma, propagam o \u00f3dio. Proclama o Alcor\u00e3o na 49\u00aa Surata, vers\u00edculo 13: \u201c\u00d3 humanos, em verdade, n\u00f3s vos criamos de macho e f\u00eamea e vos dividimos em povos e tribos, para reconhecerdes uns aos outros\u201d.<\/p>\n<p style=\"text-align: justify;\">No triste dia 22 de outubro de 2020, duas mu\u00e7ulmanas foram atacadas a facas, em Paris, sob os gritos, de seus algozes, \u201c\u00e1rabes imundas\u201d. Esse \u00e9 o tratamento que se d\u00e1 aos diferentes no Pa\u00eds da liberdade, igualdade e fraternidade? Refletindo sobre a frase de Camus, compartilhamos de uma mesma natureza com outras esp\u00e9cies, por que n\u00e3o h\u00e1 integra\u00e7\u00e3o? Por que alguns arrogam para si uma prepot\u00eancia indevida \u00e0 luz do ecossistema? Levemos, sempre, a mensagem de amor!<\/p>\n<p style=\"text-align: justify;\">Como diz o jornalista diplomado e professor S\u00e9rio Barbosa \u201cQuem sobreviver vai saber!!\u201d.<\/p>\n<p style=\"text-align: justify;\"><em>______________________<\/em><\/p>\n<p style=\"text-align: justify;\"><em>(*) Historiador diplomado pela UNIFAI\/Adamantina-SP e Pesquisador<\/em><\/p>\n<p style=\"text-align: justify;\"><em>E-MAIL: <\/em><a href=\"mailto:gabriel_silva2011@live.com\"><em>gabriel_silva2011@live.com<\/em><\/a><\/p>\n","protected":false},"excerpt":{"rendered":"<p>ISL\u00c3 EM FOCO: ENTRE A IGNOR\u00c2NCIA E O PRECONCEITO! \u201cO homem \u00e9 a \u00fanica criatura que se recusa a ser o que ela \u00e9\u201d Albert Camus Gabriel Silva (*) Quem nunca viu pela Tv ou redes sociais pessoas ou posts atacando os mu\u00e7ulmanos? Associando-os ao terrorismo e \u00e0 falta de civilidade? Pois bem, quem assim [&hellip;]<\/p>\n","protected":false},"author":1,"featured_media":42758,"comment_status":"closed","ping_status":"open","sticky":false,"template":"","format":"standard","meta":{"footnotes":""},"categories":[175],"tags":[],"class_list":["post-42757","post","type-post","status-publish","format-standard","has-post-thumbnail","hentry","category-artigos"],"_links":{"self":[{"href":"https:\/\/jorgezanoni.com.br\/2019\/wp-json\/wp\/v2\/posts\/42757","targetHints":{"allow":["GET"]}}],"collection":[{"href":"https:\/\/jorgezanoni.com.br\/2019\/wp-json\/wp\/v2\/posts"}],"about":[{"href":"https:\/\/jorgezanoni.com.br\/2019\/wp-json\/wp\/v2\/types\/post"}],"author":[{"embeddable":true,"href":"https:\/\/jorgezanoni.com.br\/2019\/wp-json\/wp\/v2\/users\/1"}],"replies":[{"embeddable":true,"href":"https:\/\/jorgezanoni.com.br\/2019\/wp-json\/wp\/v2\/comments?post=42757"}],"version-history":[{"count":0,"href":"https:\/\/jorgezanoni.com.br\/2019\/wp-json\/wp\/v2\/posts\/42757\/revisions"}],"wp:featuredmedia":[{"embeddable":true,"href":"https:\/\/jorgezanoni.com.br\/2019\/wp-json\/wp\/v2\/media\/42758"}],"wp:attachment":[{"href":"https:\/\/jorgezanoni.com.br\/2019\/wp-json\/wp\/v2\/media?parent=42757"}],"wp:term":[{"taxonomy":"category","embeddable":true,"href":"https:\/\/jorgezanoni.com.br\/2019\/wp-json\/wp\/v2\/categories?post=42757"},{"taxonomy":"post_tag","embeddable":true,"href":"https:\/\/jorgezanoni.com.br\/2019\/wp-json\/wp\/v2\/tags?post=42757"}],"curies":[{"name":"wp","href":"https:\/\/api.w.org\/{rel}","templated":true}]}}