{"id":42753,"date":"2021-02-05T12:38:13","date_gmt":"2021-02-05T12:38:13","guid":{"rendered":"https:\/\/jorgezanoni.com.br\/2019\/?p=42753"},"modified":"2021-02-05T12:38:13","modified_gmt":"2021-02-05T12:38:13","slug":"inscricoes-abertas-para-o-coral-unifadra-2","status":"publish","type":"post","link":"https:\/\/jorgezanoni.com.br\/2019\/inscricoes-abertas-para-o-coral-unifadra-2\/","title":{"rendered":"Inscri\u00e7\u00f5es abertas para o Coral Unifadra"},"content":{"rendered":"<p dir=\"ltr\" style=\"text-align: justify;\">O Coral Unifadra est\u00e1<span style=\"color: #000000;\"> recebendo <\/span>novas vozes, para todos os naipes: sopranos, contraltos, tenores e baixos. Se voc\u00ea tem interesse, al\u00e9m da disponibilidade de hor\u00e1rio e do compromisso de frequentar, voc\u00ea \u00e9 nosso convidado. Para participar do processo seletivo, \u00e9 necess\u00e1rio ter idade m\u00ednima de 18 anos e possuir alguma experi\u00eancia em canto coral. Ao ser aprovado e devidamente matriculado, o aluno ter\u00e1 aulas de conhecimentos te\u00f3ricos em m\u00fasica, orienta\u00e7\u00e3o vocal e acesso \u00e0 ampla estrutura da Unifadra, sem custo para o participante. Aberto \u00e0 comunidade!<br \/>\nA Profa. Sheila Franceschini, coordenadora do projeto, atenta para a import\u00e2ncia do canto no cotidiano: &#8220;Al\u00e9m de melhorar a qualidade de vida, pois a m\u00fasica propicia estados de prazer, al\u00edvio e bem estar geral, por meio do canto coral realizamos muitos exerc\u00edcios para ajustar a respira\u00e7\u00e3o e a voz, al\u00e9m de conhecer bel\u00edssimos repert\u00f3rios. O canto coral tamb\u00e9m favorece a comunica\u00e7\u00e3o e nos possibilita a intera\u00e7\u00e3o com as pessoas, o fortalecimento de v\u00ednculos de amizade, mesmo de forma remota&#8221;.<\/p>\n<p dir=\"ltr\" style=\"text-align: justify;\">As audi\u00e7\u00f5es ser\u00e3o feitas at\u00e9 28 de fevereiro.<br \/>\nInscri\u00e7\u00f5es com a Profa. Sheila Franceschini, no e-mail <a href=\"mailto:sheila.regiane@fundec.edu.br\" rel=\"noreferrer\">sheila.regiane@fundec.edu.br<br \/>\n<\/a>Solte sua voz e venha cantar conosco!<span id=\"gmail-docs-internal-guid-868ef395-7fff-8f42-2e1c-3088ff327f86\"><\/span><\/p>\n<p dir=\"ltr\"><img loading=\"lazy\" decoding=\"async\" class=\"alignnone size-full wp-image-42754\" src=\"https:\/\/jorgezanoni.com.br\/2019\/wp-content\/uploads\/2021\/02\/coral.jpg\" alt=\"\" width=\"626\" height=\"417\" srcset=\"https:\/\/jorgezanoni.com.br\/2019\/wp-content\/uploads\/2021\/02\/coral.jpg 626w, https:\/\/jorgezanoni.com.br\/2019\/wp-content\/uploads\/2021\/02\/coral-300x200.jpg 300w\" sizes=\"auto, (max-width: 626px) 100vw, 626px\" \/><\/p>\n<div class=\"gmail_signature\" dir=\"ltr\">\n<div dir=\"ltr\" style=\"text-align: justify;\">Carolina Colnago<br \/>\nAssistente de Comunica\u00e7\u00e3o<br \/>\nFunda\u00e7\u00e3o Dracenense de Educa\u00e7\u00e3o e Cultura<\/div>\n<\/div>\n","protected":false},"excerpt":{"rendered":"<p>O Coral Unifadra est\u00e1 recebendo novas vozes, para todos os naipes: sopranos, contraltos, tenores e baixos. Se voc\u00ea tem interesse, al\u00e9m da disponibilidade de hor\u00e1rio e do compromisso de frequentar, voc\u00ea \u00e9 nosso convidado. Para participar do processo seletivo, \u00e9 necess\u00e1rio ter idade m\u00ednima de 18 anos e possuir alguma experi\u00eancia em canto coral. Ao [&hellip;]<\/p>\n","protected":false},"author":1,"featured_media":42755,"comment_status":"closed","ping_status":"open","sticky":false,"template":"","format":"standard","meta":{"footnotes":""},"categories":[122],"tags":[],"class_list":["post-42753","post","type-post","status-publish","format-standard","has-post-thumbnail","hentry","category-saudeeducacaoeconcurso"],"_links":{"self":[{"href":"https:\/\/jorgezanoni.com.br\/2019\/wp-json\/wp\/v2\/posts\/42753","targetHints":{"allow":["GET"]}}],"collection":[{"href":"https:\/\/jorgezanoni.com.br\/2019\/wp-json\/wp\/v2\/posts"}],"about":[{"href":"https:\/\/jorgezanoni.com.br\/2019\/wp-json\/wp\/v2\/types\/post"}],"author":[{"embeddable":true,"href":"https:\/\/jorgezanoni.com.br\/2019\/wp-json\/wp\/v2\/users\/1"}],"replies":[{"embeddable":true,"href":"https:\/\/jorgezanoni.com.br\/2019\/wp-json\/wp\/v2\/comments?post=42753"}],"version-history":[{"count":0,"href":"https:\/\/jorgezanoni.com.br\/2019\/wp-json\/wp\/v2\/posts\/42753\/revisions"}],"wp:featuredmedia":[{"embeddable":true,"href":"https:\/\/jorgezanoni.com.br\/2019\/wp-json\/wp\/v2\/media\/42755"}],"wp:attachment":[{"href":"https:\/\/jorgezanoni.com.br\/2019\/wp-json\/wp\/v2\/media?parent=42753"}],"wp:term":[{"taxonomy":"category","embeddable":true,"href":"https:\/\/jorgezanoni.com.br\/2019\/wp-json\/wp\/v2\/categories?post=42753"},{"taxonomy":"post_tag","embeddable":true,"href":"https:\/\/jorgezanoni.com.br\/2019\/wp-json\/wp\/v2\/tags?post=42753"}],"curies":[{"name":"wp","href":"https:\/\/api.w.org\/{rel}","templated":true}]}}