{"id":42748,"date":"2021-02-05T12:12:42","date_gmt":"2021-02-05T12:12:42","guid":{"rendered":"https:\/\/jorgezanoni.com.br\/2019\/?p=42748"},"modified":"2021-02-05T12:12:42","modified_gmt":"2021-02-05T12:12:42","slug":"moradores-pedem-limpeza-e-iluminacao-de-praca-em-ouro-verde","status":"publish","type":"post","link":"https:\/\/jorgezanoni.com.br\/2019\/moradores-pedem-limpeza-e-iluminacao-de-praca-em-ouro-verde\/","title":{"rendered":"Moradores pedem limpeza e ilumina\u00e7\u00e3o de Pra\u00e7a em Ouro Verde"},"content":{"rendered":"<p style=\"text-align: justify;\">A pra\u00e7a localizada na entrada da CDHU, no bairro Primavera em Ouro Verde, \u00e9 motivo de reclama\u00e7\u00e3o da popula\u00e7\u00e3o.<\/p>\n<p style=\"text-align: justify;\">Os moradores est\u00e3o reclamando que j\u00e1 tem um m\u00eas que era para ter sido ligado a energia el\u00e9trica daquela da pra\u00e7a e at\u00e9 agora n\u00e3o aconteceu, a \u00e1rea verde ao redor tamb\u00e9m est\u00e1 merecendo cuidados, pois est\u00e1 com mato alto.<\/p>\n<p><img loading=\"lazy\" decoding=\"async\" class=\"alignnone size-full wp-image-42749\" src=\"https:\/\/jorgezanoni.com.br\/2019\/wp-content\/uploads\/2021\/02\/pra\u00e7a.jpg\" alt=\"\" width=\"1040\" height=\"780\" srcset=\"https:\/\/jorgezanoni.com.br\/2019\/wp-content\/uploads\/2021\/02\/pra\u00e7a.jpg 1040w, https:\/\/jorgezanoni.com.br\/2019\/wp-content\/uploads\/2021\/02\/pra\u00e7a-300x225.jpg 300w, https:\/\/jorgezanoni.com.br\/2019\/wp-content\/uploads\/2021\/02\/pra\u00e7a-1024x768.jpg 1024w, https:\/\/jorgezanoni.com.br\/2019\/wp-content\/uploads\/2021\/02\/pra\u00e7a-768x576.jpg 768w, https:\/\/jorgezanoni.com.br\/2019\/wp-content\/uploads\/2021\/02\/pra\u00e7a-80x60.jpg 80w, https:\/\/jorgezanoni.com.br\/2019\/wp-content\/uploads\/2021\/02\/pra\u00e7a-265x198.jpg 265w, https:\/\/jorgezanoni.com.br\/2019\/wp-content\/uploads\/2021\/02\/pra\u00e7a-696x522.jpg 696w, https:\/\/jorgezanoni.com.br\/2019\/wp-content\/uploads\/2021\/02\/pra\u00e7a-560x420.jpg 560w\" sizes=\"auto, (max-width: 1040px) 100vw, 1040px\" \/><img loading=\"lazy\" decoding=\"async\" class=\"alignnone size-full wp-image-42751\" src=\"https:\/\/jorgezanoni.com.br\/2019\/wp-content\/uploads\/2021\/02\/pra\u00e7a2.jpg\" alt=\"\" width=\"1040\" height=\"780\" srcset=\"https:\/\/jorgezanoni.com.br\/2019\/wp-content\/uploads\/2021\/02\/pra\u00e7a2.jpg 1040w, https:\/\/jorgezanoni.com.br\/2019\/wp-content\/uploads\/2021\/02\/pra\u00e7a2-300x225.jpg 300w, https:\/\/jorgezanoni.com.br\/2019\/wp-content\/uploads\/2021\/02\/pra\u00e7a2-1024x768.jpg 1024w, https:\/\/jorgezanoni.com.br\/2019\/wp-content\/uploads\/2021\/02\/pra\u00e7a2-768x576.jpg 768w, https:\/\/jorgezanoni.com.br\/2019\/wp-content\/uploads\/2021\/02\/pra\u00e7a2-80x60.jpg 80w, https:\/\/jorgezanoni.com.br\/2019\/wp-content\/uploads\/2021\/02\/pra\u00e7a2-265x198.jpg 265w, https:\/\/jorgezanoni.com.br\/2019\/wp-content\/uploads\/2021\/02\/pra\u00e7a2-696x522.jpg 696w, https:\/\/jorgezanoni.com.br\/2019\/wp-content\/uploads\/2021\/02\/pra\u00e7a2-560x420.jpg 560w\" sizes=\"auto, (max-width: 1040px) 100vw, 1040px\" \/><\/p>\n<p style=\"text-align: justify;\">Jorge Zanoni<\/p>\n<p style=\"text-align: justify;\">Fotos de Internauta<\/p>\n","protected":false},"excerpt":{"rendered":"<p>A pra\u00e7a localizada na entrada da CDHU, no bairro Primavera em Ouro Verde, \u00e9 motivo de reclama\u00e7\u00e3o da popula\u00e7\u00e3o. Os moradores est\u00e3o reclamando que j\u00e1 tem um m\u00eas que era para ter sido ligado a energia el\u00e9trica daquela da pra\u00e7a e at\u00e9 agora n\u00e3o aconteceu, a \u00e1rea verde ao redor tamb\u00e9m est\u00e1 merecendo cuidados, pois [&hellip;]<\/p>\n","protected":false},"author":1,"featured_media":42750,"comment_status":"closed","ping_status":"open","sticky":false,"template":"","format":"standard","meta":{"footnotes":""},"categories":[179,186],"tags":[],"class_list":["post-42748","post","type-post","status-publish","format-standard","has-post-thumbnail","hentry","category-cidadeseregiao","category-ouro-verde"],"_links":{"self":[{"href":"https:\/\/jorgezanoni.com.br\/2019\/wp-json\/wp\/v2\/posts\/42748","targetHints":{"allow":["GET"]}}],"collection":[{"href":"https:\/\/jorgezanoni.com.br\/2019\/wp-json\/wp\/v2\/posts"}],"about":[{"href":"https:\/\/jorgezanoni.com.br\/2019\/wp-json\/wp\/v2\/types\/post"}],"author":[{"embeddable":true,"href":"https:\/\/jorgezanoni.com.br\/2019\/wp-json\/wp\/v2\/users\/1"}],"replies":[{"embeddable":true,"href":"https:\/\/jorgezanoni.com.br\/2019\/wp-json\/wp\/v2\/comments?post=42748"}],"version-history":[{"count":0,"href":"https:\/\/jorgezanoni.com.br\/2019\/wp-json\/wp\/v2\/posts\/42748\/revisions"}],"wp:featuredmedia":[{"embeddable":true,"href":"https:\/\/jorgezanoni.com.br\/2019\/wp-json\/wp\/v2\/media\/42750"}],"wp:attachment":[{"href":"https:\/\/jorgezanoni.com.br\/2019\/wp-json\/wp\/v2\/media?parent=42748"}],"wp:term":[{"taxonomy":"category","embeddable":true,"href":"https:\/\/jorgezanoni.com.br\/2019\/wp-json\/wp\/v2\/categories?post=42748"},{"taxonomy":"post_tag","embeddable":true,"href":"https:\/\/jorgezanoni.com.br\/2019\/wp-json\/wp\/v2\/tags?post=42748"}],"curies":[{"name":"wp","href":"https:\/\/api.w.org\/{rel}","templated":true}]}}