{"id":42717,"date":"2021-02-04T22:52:52","date_gmt":"2021-02-04T22:52:52","guid":{"rendered":"https:\/\/jorgezanoni.com.br\/2019\/?p=42717"},"modified":"2021-02-04T22:52:52","modified_gmt":"2021-02-04T22:52:52","slug":"motorista-fica-ferido-e-carro-destruido-em-acidente-na-sp-294","status":"publish","type":"post","link":"https:\/\/jorgezanoni.com.br\/2019\/motorista-fica-ferido-e-carro-destruido-em-acidente-na-sp-294\/","title":{"rendered":"Motorista fica ferido e carro destru\u00eddo em acidente na SP-294"},"content":{"rendered":"<p style=\"text-align: justify;\">Um motorista ficou ferido em decorr\u00eancia de um grave acidente ocorrido por volta das 12h50 desta quinta-feira (04), nas proximidades do km 601 da Rodovia Comandante Jo\u00e3o Ribeiro de Barros (SP-294) em Fl\u00f3rida Paulista.<\/p>\n<p style=\"text-align: justify;\">Segundo apurado no local dos fatos pela reportagem do jornal e site\u00a0<strong>Folha Regional<\/strong>, o condutor seguia no sentido Fl\u00f3rida Paulista\/Adamantina quando por motivos desconhecidos perdeu o controle da dire\u00e7\u00e3o, cruzou a pista e colidiu em uma \u00e1rvore no sentido contr\u00e1rio.<\/p>\n<p style=\"text-align: justify;\">Ele foi socorrido e encaminhado com feridos ao Pronto Socorro de Adamantina. O ve\u00edculo Saveiro utilizado no transporte de medicamentos que tinha como destino a cidade de In\u00fabia Paulista ficou totalmente destru\u00eddo.<\/p>\n<p style=\"text-align: justify;\">Atende a ocorr\u00eancia as equipes da Pol\u00edcia Rodovi\u00e1ria e a concession\u00e1ria que administra a rodovia. As causas do acidente ser\u00e3o apuradas.<\/p>\n<p><img loading=\"lazy\" decoding=\"async\" class=\"alignnone size-full wp-image-42718\" src=\"https:\/\/jorgezanoni.com.br\/2019\/wp-content\/uploads\/2021\/02\/flo.jpg\" alt=\"\" width=\"1280\" height=\"958\" srcset=\"https:\/\/jorgezanoni.com.br\/2019\/wp-content\/uploads\/2021\/02\/flo.jpg 1280w, https:\/\/jorgezanoni.com.br\/2019\/wp-content\/uploads\/2021\/02\/flo-300x225.jpg 300w, https:\/\/jorgezanoni.com.br\/2019\/wp-content\/uploads\/2021\/02\/flo-1024x766.jpg 1024w, https:\/\/jorgezanoni.com.br\/2019\/wp-content\/uploads\/2021\/02\/flo-768x575.jpg 768w, https:\/\/jorgezanoni.com.br\/2019\/wp-content\/uploads\/2021\/02\/flo-80x60.jpg 80w, https:\/\/jorgezanoni.com.br\/2019\/wp-content\/uploads\/2021\/02\/flo-265x198.jpg 265w, https:\/\/jorgezanoni.com.br\/2019\/wp-content\/uploads\/2021\/02\/flo-696x521.jpg 696w, https:\/\/jorgezanoni.com.br\/2019\/wp-content\/uploads\/2021\/02\/flo-1068x799.jpg 1068w, https:\/\/jorgezanoni.com.br\/2019\/wp-content\/uploads\/2021\/02\/flo-561x420.jpg 561w\" sizes=\"auto, (max-width: 1280px) 100vw, 1280px\" \/> <img loading=\"lazy\" decoding=\"async\" class=\"alignnone size-full wp-image-42720\" src=\"https:\/\/jorgezanoni.com.br\/2019\/wp-content\/uploads\/2021\/02\/flo2.jpg\" alt=\"\" width=\"1280\" height=\"1280\" srcset=\"https:\/\/jorgezanoni.com.br\/2019\/wp-content\/uploads\/2021\/02\/flo2.jpg 1280w, https:\/\/jorgezanoni.com.br\/2019\/wp-content\/uploads\/2021\/02\/flo2-300x300.jpg 300w, https:\/\/jorgezanoni.com.br\/2019\/wp-content\/uploads\/2021\/02\/flo2-1024x1024.jpg 1024w, https:\/\/jorgezanoni.com.br\/2019\/wp-content\/uploads\/2021\/02\/flo2-150x150.jpg 150w, https:\/\/jorgezanoni.com.br\/2019\/wp-content\/uploads\/2021\/02\/flo2-768x768.jpg 768w, https:\/\/jorgezanoni.com.br\/2019\/wp-content\/uploads\/2021\/02\/flo2-696x696.jpg 696w, https:\/\/jorgezanoni.com.br\/2019\/wp-content\/uploads\/2021\/02\/flo2-1068x1068.jpg 1068w, https:\/\/jorgezanoni.com.br\/2019\/wp-content\/uploads\/2021\/02\/flo2-420x420.jpg 420w\" sizes=\"auto, (max-width: 1280px) 100vw, 1280px\" \/>Fonte: Folha Regional &#8211; Fotos: Diego Fernandes e Rafael Massarotte (ifolharegional.com.br)<\/p>\n","protected":false},"excerpt":{"rendered":"<p>Um motorista ficou ferido em decorr\u00eancia de um grave acidente ocorrido por volta das 12h50 desta quinta-feira (04), nas proximidades do km 601 da Rodovia Comandante Jo\u00e3o Ribeiro de Barros (SP-294) em Fl\u00f3rida Paulista. Segundo apurado no local dos fatos pela reportagem do jornal e site\u00a0Folha Regional, o condutor seguia no sentido Fl\u00f3rida Paulista\/Adamantina quando [&hellip;]<\/p>\n","protected":false},"author":1,"featured_media":42719,"comment_status":"closed","ping_status":"open","sticky":false,"template":"","format":"standard","meta":{"footnotes":""},"categories":[170,110],"tags":[],"class_list":["post-42717","post","type-post","status-publish","format-standard","has-post-thumbnail","hentry","category-acidentes","category-noticiasdestaque"],"_links":{"self":[{"href":"https:\/\/jorgezanoni.com.br\/2019\/wp-json\/wp\/v2\/posts\/42717","targetHints":{"allow":["GET"]}}],"collection":[{"href":"https:\/\/jorgezanoni.com.br\/2019\/wp-json\/wp\/v2\/posts"}],"about":[{"href":"https:\/\/jorgezanoni.com.br\/2019\/wp-json\/wp\/v2\/types\/post"}],"author":[{"embeddable":true,"href":"https:\/\/jorgezanoni.com.br\/2019\/wp-json\/wp\/v2\/users\/1"}],"replies":[{"embeddable":true,"href":"https:\/\/jorgezanoni.com.br\/2019\/wp-json\/wp\/v2\/comments?post=42717"}],"version-history":[{"count":0,"href":"https:\/\/jorgezanoni.com.br\/2019\/wp-json\/wp\/v2\/posts\/42717\/revisions"}],"wp:featuredmedia":[{"embeddable":true,"href":"https:\/\/jorgezanoni.com.br\/2019\/wp-json\/wp\/v2\/media\/42719"}],"wp:attachment":[{"href":"https:\/\/jorgezanoni.com.br\/2019\/wp-json\/wp\/v2\/media?parent=42717"}],"wp:term":[{"taxonomy":"category","embeddable":true,"href":"https:\/\/jorgezanoni.com.br\/2019\/wp-json\/wp\/v2\/categories?post=42717"},{"taxonomy":"post_tag","embeddable":true,"href":"https:\/\/jorgezanoni.com.br\/2019\/wp-json\/wp\/v2\/tags?post=42717"}],"curies":[{"name":"wp","href":"https:\/\/api.w.org\/{rel}","templated":true}]}}