{"id":42710,"date":"2021-02-04T22:28:37","date_gmt":"2021-02-04T22:28:37","guid":{"rendered":"https:\/\/jorgezanoni.com.br\/2019\/?p=42710"},"modified":"2021-02-04T22:28:59","modified_gmt":"2021-02-04T22:28:59","slug":"ponto-facultativo-de-carnaval-e-mantido-em-dracena","status":"publish","type":"post","link":"https:\/\/jorgezanoni.com.br\/2019\/ponto-facultativo-de-carnaval-e-mantido-em-dracena\/","title":{"rendered":"Ponto Facultativo de Carnaval \u00e9 mantido em Dracena"},"content":{"rendered":"<p style=\"text-align: justify;\">O prefeito Andr\u00e9 Lemos manter\u00e1 o ponto facultativo de Carnaval no munic\u00edpio. Fica valendo o Decreto n\u00ba 7.369 &#8211; de 20 de janeiro de 2021 que estabelece os pontos facultativos e os feriados deste ano. Lembrando que as exce\u00e7\u00f5es ficam para as atividades essenciais e de interesse p\u00fablico, como servi\u00e7os ininterruptos da sa\u00fade e coleta de lixo.<\/p>\n<p><strong>PONTO FACULTATIVO DE CARNAVAL<\/strong><\/p>\n<table border=\"1\" cellspacing=\"0\" cellpadding=\"0\">\n<tbody>\n<tr>\n<td>M\u00caS<\/td>\n<td>DIA<\/td>\n<td>MOTIVO<\/td>\n<td>NATUREZA<\/td>\n<\/tr>\n<tr>\n<td>Fevereiro<\/td>\n<td>15<br \/>\nSegunda-feira<\/td>\n<td>Ponto Facultativo<\/td>\n<td><\/td>\n<\/tr>\n<tr>\n<td>16<br \/>\nTer\u00e7a- feira<\/td>\n<td>Carnaval<\/td>\n<td>Ponto Facultativo<\/td>\n<td><\/td>\n<\/tr>\n<tr>\n<td>17<br \/>\nQuarta-feira<\/td>\n<td>Ponto Facultativo<\/td>\n<\/tr>\n<\/tbody>\n<\/table>\n<p>Fonte: Diretoria de Comunica\u00e7\u00e3o<\/p>\n<p>&nbsp;<\/p>\n","protected":false},"excerpt":{"rendered":"<p>O prefeito Andr\u00e9 Lemos manter\u00e1 o ponto facultativo de Carnaval no munic\u00edpio. Fica valendo o Decreto n\u00ba 7.369 &#8211; de 20 de janeiro de 2021 que estabelece os pontos facultativos e os feriados deste ano. Lembrando que as exce\u00e7\u00f5es ficam para as atividades essenciais e de interesse p\u00fablico, como servi\u00e7os ininterruptos da sa\u00fade e coleta [&hellip;]<\/p>\n","protected":false},"author":1,"featured_media":42711,"comment_status":"closed","ping_status":"open","sticky":false,"template":"","format":"standard","meta":{"footnotes":""},"categories":[179,184,110],"tags":[],"class_list":["post-42710","post","type-post","status-publish","format-standard","has-post-thumbnail","hentry","category-cidadeseregiao","category-dracena","category-noticiasdestaque"],"_links":{"self":[{"href":"https:\/\/jorgezanoni.com.br\/2019\/wp-json\/wp\/v2\/posts\/42710","targetHints":{"allow":["GET"]}}],"collection":[{"href":"https:\/\/jorgezanoni.com.br\/2019\/wp-json\/wp\/v2\/posts"}],"about":[{"href":"https:\/\/jorgezanoni.com.br\/2019\/wp-json\/wp\/v2\/types\/post"}],"author":[{"embeddable":true,"href":"https:\/\/jorgezanoni.com.br\/2019\/wp-json\/wp\/v2\/users\/1"}],"replies":[{"embeddable":true,"href":"https:\/\/jorgezanoni.com.br\/2019\/wp-json\/wp\/v2\/comments?post=42710"}],"version-history":[{"count":0,"href":"https:\/\/jorgezanoni.com.br\/2019\/wp-json\/wp\/v2\/posts\/42710\/revisions"}],"wp:featuredmedia":[{"embeddable":true,"href":"https:\/\/jorgezanoni.com.br\/2019\/wp-json\/wp\/v2\/media\/42711"}],"wp:attachment":[{"href":"https:\/\/jorgezanoni.com.br\/2019\/wp-json\/wp\/v2\/media?parent=42710"}],"wp:term":[{"taxonomy":"category","embeddable":true,"href":"https:\/\/jorgezanoni.com.br\/2019\/wp-json\/wp\/v2\/categories?post=42710"},{"taxonomy":"post_tag","embeddable":true,"href":"https:\/\/jorgezanoni.com.br\/2019\/wp-json\/wp\/v2\/tags?post=42710"}],"curies":[{"name":"wp","href":"https:\/\/api.w.org\/{rel}","templated":true}]}}