{"id":42707,"date":"2021-02-04T21:58:42","date_gmt":"2021-02-04T21:58:42","guid":{"rendered":"https:\/\/jorgezanoni.com.br\/2019\/?p=42707"},"modified":"2021-02-04T21:58:42","modified_gmt":"2021-02-04T21:58:42","slug":"policia-civil-prende-homem-procurado-pela-justica-em-panorama","status":"publish","type":"post","link":"https:\/\/jorgezanoni.com.br\/2019\/policia-civil-prende-homem-procurado-pela-justica-em-panorama\/","title":{"rendered":"Pol\u00edcia Civil prende homem procurado pela justi\u00e7a em Panorama"},"content":{"rendered":"<p style=\"text-align: justify;\"><strong>Captura foi realizada por agentes da Delegacia de Pol\u00edcia de Panorama na manh\u00e3 de hoje.<\/strong><\/p>\n<p style=\"text-align: justify;\">A Pol\u00edcia Civil, por interm\u00e9dio da Delegacia de Pol\u00edcia de Panorama, prendeu nesta quinta-feira (4), um homem, de 27 anos, foragido da Justi\u00e7a em Panorama. A a\u00e7\u00e3o foi feita por policiais civis da Delegacia de Pol\u00edcia de Panorama e, o foragido estava homiziado numa propriedade rural nas proximidades do Distrito de Campinal.<\/p>\n<p style=\"text-align: justify;\">O homem possu\u00eda em seu desfavor um mandado de pris\u00e3o preventiva, expedido pela Vara Judicial da Comarca de Panorama, pelo cometimento dos crimes de furto, associa\u00e7\u00e3o criminosa e corrup\u00e7\u00e3o de menores.<\/p>\n<p style=\"text-align: justify;\">O preso foi levado \u00e0 delegacia de pol\u00edcia para posterior recolhimento ao sistema prisional, ficando \u00e0 disposi\u00e7\u00e3o da Justi\u00e7a.<\/p>\n<p>Fonte: Com. Social Pol\u00edcia Civil<\/p>\n","protected":false},"excerpt":{"rendered":"<p>Captura foi realizada por agentes da Delegacia de Pol\u00edcia de Panorama na manh\u00e3 de hoje. A Pol\u00edcia Civil, por interm\u00e9dio da Delegacia de Pol\u00edcia de Panorama, prendeu nesta quinta-feira (4), um homem, de 27 anos, foragido da Justi\u00e7a em Panorama. A a\u00e7\u00e3o foi feita por policiais civis da Delegacia de Pol\u00edcia de Panorama e, o [&hellip;]<\/p>\n","protected":false},"author":1,"featured_media":42708,"comment_status":"closed","ping_status":"open","sticky":false,"template":"","format":"standard","meta":{"footnotes":""},"categories":[110,2],"tags":[],"class_list":["post-42707","post","type-post","status-publish","format-standard","has-post-thumbnail","hentry","category-noticiasdestaque","category-policial"],"_links":{"self":[{"href":"https:\/\/jorgezanoni.com.br\/2019\/wp-json\/wp\/v2\/posts\/42707","targetHints":{"allow":["GET"]}}],"collection":[{"href":"https:\/\/jorgezanoni.com.br\/2019\/wp-json\/wp\/v2\/posts"}],"about":[{"href":"https:\/\/jorgezanoni.com.br\/2019\/wp-json\/wp\/v2\/types\/post"}],"author":[{"embeddable":true,"href":"https:\/\/jorgezanoni.com.br\/2019\/wp-json\/wp\/v2\/users\/1"}],"replies":[{"embeddable":true,"href":"https:\/\/jorgezanoni.com.br\/2019\/wp-json\/wp\/v2\/comments?post=42707"}],"version-history":[{"count":0,"href":"https:\/\/jorgezanoni.com.br\/2019\/wp-json\/wp\/v2\/posts\/42707\/revisions"}],"wp:featuredmedia":[{"embeddable":true,"href":"https:\/\/jorgezanoni.com.br\/2019\/wp-json\/wp\/v2\/media\/42708"}],"wp:attachment":[{"href":"https:\/\/jorgezanoni.com.br\/2019\/wp-json\/wp\/v2\/media?parent=42707"}],"wp:term":[{"taxonomy":"category","embeddable":true,"href":"https:\/\/jorgezanoni.com.br\/2019\/wp-json\/wp\/v2\/categories?post=42707"},{"taxonomy":"post_tag","embeddable":true,"href":"https:\/\/jorgezanoni.com.br\/2019\/wp-json\/wp\/v2\/tags?post=42707"}],"curies":[{"name":"wp","href":"https:\/\/api.w.org\/{rel}","templated":true}]}}