{"id":42674,"date":"2021-02-04T00:00:30","date_gmt":"2021-02-04T00:00:30","guid":{"rendered":"https:\/\/jorgezanoni.com.br\/2019\/?p=42674"},"modified":"2021-02-04T00:00:30","modified_gmt":"2021-02-04T00:00:30","slug":"policia-militar-localiza-moto-furtada-e-devolve-ao-proprietario-apos-denuncia-em-dracena","status":"publish","type":"post","link":"https:\/\/jorgezanoni.com.br\/2019\/policia-militar-localiza-moto-furtada-e-devolve-ao-proprietario-apos-denuncia-em-dracena\/","title":{"rendered":"Pol\u00edcia Militar localiza moto furtada e devolve ao propriet\u00e1rio, ap\u00f3s den\u00fancia em Dracena"},"content":{"rendered":"<p>POL\u00cdCIA MILITAR EM DRACENA AP\u00d3S DEN\u00daNCIA AN\u00d4NIMA LOCALIZA MOTO FURTADA E DEVOLVE AO PROPRIET\u00c1RIO<\/p>\n<p>Foi notado o furto da motocicleta na data de hoje (3) na cidade de Dracena pela rua Martin Afonso e ap\u00f3s den\u00fancia via 190 foi localizada pela Pol\u00edcia Militar em um terreno baldio pela rua Olavo Bilac no Jardim Vera Cruz.<\/p>\n<p>E ap\u00f3s motocicleta ser periciada foi restitu\u00edda ao propriet\u00e1rio.<\/p>\n<p><img loading=\"lazy\" decoding=\"async\" class=\"alignnone size-full wp-image-42675\" src=\"https:\/\/jorgezanoni.com.br\/2019\/wp-content\/uploads\/2021\/02\/moto.jpg\" alt=\"\" width=\"1280\" height=\"960\" srcset=\"https:\/\/jorgezanoni.com.br\/2019\/wp-content\/uploads\/2021\/02\/moto.jpg 1280w, https:\/\/jorgezanoni.com.br\/2019\/wp-content\/uploads\/2021\/02\/moto-300x225.jpg 300w, https:\/\/jorgezanoni.com.br\/2019\/wp-content\/uploads\/2021\/02\/moto-1024x768.jpg 1024w, https:\/\/jorgezanoni.com.br\/2019\/wp-content\/uploads\/2021\/02\/moto-768x576.jpg 768w, https:\/\/jorgezanoni.com.br\/2019\/wp-content\/uploads\/2021\/02\/moto-80x60.jpg 80w, https:\/\/jorgezanoni.com.br\/2019\/wp-content\/uploads\/2021\/02\/moto-265x198.jpg 265w, https:\/\/jorgezanoni.com.br\/2019\/wp-content\/uploads\/2021\/02\/moto-696x522.jpg 696w, https:\/\/jorgezanoni.com.br\/2019\/wp-content\/uploads\/2021\/02\/moto-1068x801.jpg 1068w, https:\/\/jorgezanoni.com.br\/2019\/wp-content\/uploads\/2021\/02\/moto-560x420.jpg 560w\" sizes=\"auto, (max-width: 1280px) 100vw, 1280px\" \/><\/p>\n<p>Fonte: Com. Social Pol\u00edcia Militar<\/p>\n","protected":false},"excerpt":{"rendered":"<p>POL\u00cdCIA MILITAR EM DRACENA AP\u00d3S DEN\u00daNCIA AN\u00d4NIMA LOCALIZA MOTO FURTADA E DEVOLVE AO PROPRIET\u00c1RIO Foi notado o furto da motocicleta na data de hoje (3) na cidade de Dracena pela rua Martin Afonso e ap\u00f3s den\u00fancia via 190 foi localizada pela Pol\u00edcia Militar em um terreno baldio pela rua Olavo Bilac no Jardim Vera Cruz. [&hellip;]<\/p>\n","protected":false},"author":1,"featured_media":42676,"comment_status":"closed","ping_status":"open","sticky":false,"template":"","format":"standard","meta":{"footnotes":""},"categories":[110,2],"tags":[],"class_list":["post-42674","post","type-post","status-publish","format-standard","has-post-thumbnail","hentry","category-noticiasdestaque","category-policial"],"_links":{"self":[{"href":"https:\/\/jorgezanoni.com.br\/2019\/wp-json\/wp\/v2\/posts\/42674","targetHints":{"allow":["GET"]}}],"collection":[{"href":"https:\/\/jorgezanoni.com.br\/2019\/wp-json\/wp\/v2\/posts"}],"about":[{"href":"https:\/\/jorgezanoni.com.br\/2019\/wp-json\/wp\/v2\/types\/post"}],"author":[{"embeddable":true,"href":"https:\/\/jorgezanoni.com.br\/2019\/wp-json\/wp\/v2\/users\/1"}],"replies":[{"embeddable":true,"href":"https:\/\/jorgezanoni.com.br\/2019\/wp-json\/wp\/v2\/comments?post=42674"}],"version-history":[{"count":0,"href":"https:\/\/jorgezanoni.com.br\/2019\/wp-json\/wp\/v2\/posts\/42674\/revisions"}],"wp:featuredmedia":[{"embeddable":true,"href":"https:\/\/jorgezanoni.com.br\/2019\/wp-json\/wp\/v2\/media\/42676"}],"wp:attachment":[{"href":"https:\/\/jorgezanoni.com.br\/2019\/wp-json\/wp\/v2\/media?parent=42674"}],"wp:term":[{"taxonomy":"category","embeddable":true,"href":"https:\/\/jorgezanoni.com.br\/2019\/wp-json\/wp\/v2\/categories?post=42674"},{"taxonomy":"post_tag","embeddable":true,"href":"https:\/\/jorgezanoni.com.br\/2019\/wp-json\/wp\/v2\/tags?post=42674"}],"curies":[{"name":"wp","href":"https:\/\/api.w.org\/{rel}","templated":true}]}}