{"id":42668,"date":"2021-02-03T17:43:58","date_gmt":"2021-02-03T17:43:58","guid":{"rendered":"https:\/\/jorgezanoni.com.br\/2019\/?p=42668"},"modified":"2021-02-03T17:43:58","modified_gmt":"2021-02-03T17:43:58","slug":"governo-de-sp-suspende-endurecimento-da-quarentena-aos-finais-de-semana","status":"publish","type":"post","link":"https:\/\/jorgezanoni.com.br\/2019\/governo-de-sp-suspende-endurecimento-da-quarentena-aos-finais-de-semana\/","title":{"rendered":"Governo de SP suspende endurecimento da quarentena aos finais de semana"},"content":{"rendered":"<h2 class=\"content-head__subtitle\" style=\"text-align: justify;\"><strong>Gest\u00e3o Doria antecipou o fim do decreto que colocava todo o estado na fase vermelha do plano de flexibiliza\u00e7\u00e3o econ\u00f4mica aos s\u00e1bados, domingos e feriados. Medida entrou em vigor em 25 de janeiro e permaneceria at\u00e9 7 de fevereiro, mas foi revogada nesta quarta (3).<\/strong><\/h2>\n<div class=\"mc-column content-text active-extra-styles \" style=\"text-align: justify;\" data-block-type=\"unstyled\" data-block-weight=\"32\" data-block-id=\"2\">\n<p class=\"content-text__container \" data-track-category=\"Link no Texto\" data-track-links=\"\">O\u00a0<span class=\"highlight highlighted\">governo de S\u00e3o Paulo suspendeu<\/span>\u00a0nesta quarta-feira (3)\u00a0<span class=\"highlight highlighted\">o decreto que coloca todo o estado na fase vermelha, a mais restritiva, do plano de flexibiliza\u00e7\u00e3o econ\u00f4mica aos finais de semana.<\/span><\/p>\n<\/div>\n<div class=\"wall protected-content\" style=\"text-align: justify;\">\n<div class=\"mc-column content-text active-extra-styles \" data-block-type=\"unstyled\" data-block-weight=\"32\" data-block-id=\"3\">\n<p class=\"content-text__container \" data-track-category=\"Link no Texto\" data-track-links=\"\">Pela previs\u00e3o inicial,\u00a0<a href=\"https:\/\/g1.globo.com\/sp\/sao-paulo\/noticia\/2021\/01\/22\/governo-de-sp-coloca-estado-na-fase-vermelha-da-quarentena-aos-finais-de-semana-e-a-partir-das-20h-nos-dias-uteis.ghtml\"><span class=\"highlight highlighted\">a medida, em vigor desde o dia 25 de janeiro<\/span><\/a><span class=\"highlight highlighted\">,<\/span>\u00a0permaneceria at\u00e9 7 de fevereiro. Com o an\u00fancio desta quarta,\u00a0<span class=\"highlight highlighted\">deixa de valer j\u00e1 no pr\u00f3ximo s\u00e1bado (6)<\/span>.<\/p>\n<\/div>\n<div class=\"mc-column content-text active-extra-styles \" data-block-type=\"unstyled\" data-block-weight=\"41\" data-block-id=\"4\">\n<p class=\"content-text__container \" data-track-category=\"Link no Texto\" data-track-links=\"\">Com a revoga\u00e7\u00e3o, estabelecimentos como shoppings, restaurantes e com\u00e9rcios voltam a ter permiss\u00e3o para funcionar aos s\u00e1bados, domingos e feriados nas regi\u00f5es que est\u00e3o na fase laranja do plano de flexibiliza\u00e7\u00e3o econ\u00f4mica.\u00a0<strong>(Veja abaixo a classifica\u00e7\u00e3o atual das regi\u00f5es do estado)<\/strong><\/p>\n<\/div>\n<div class=\"mc-column content-text active-extra-styles \" data-block-type=\"unstyled\" data-block-weight=\"58\" data-block-id=\"5\">\n<p class=\"content-text__container \" data-track-category=\"Link no Texto\" data-track-links=\"\">Quando foi anunciado o endurecimento da quarentena aos finais de semana,\u00a0<a href=\"https:\/\/g1.globo.com\/sp\/sao-paulo\/noticia\/2021\/01\/22\/governo-de-sp-coloca-estado-na-fase-vermelha-da-quarentena-aos-finais-de-semana-e-a-partir-das-20h-nos-dias-uteis.ghtml\">o governo tamb\u00e9m afirmou que apenas servi\u00e7os essenciais teriam autoriza\u00e7\u00e3o para operar ap\u00f3s as 20h<\/a>\u00a0nos dias \u00fateis. Entretanto, a medida n\u00e3o tinha efeito pr\u00e1tico de mudan\u00e7a, uma vez que a fase laranja j\u00e1 n\u00e3o autoriza o funcionamento ap\u00f3s as 20h &#8211; como seguir\u00e1 sendo feito.<\/p>\n<\/div>\n<div class=\"mc-column content-text active-extra-styles \" data-block-type=\"unstyled\" data-block-weight=\"26\" data-block-id=\"6\">\n<p class=\"content-text__container \" data-track-category=\"Link no Texto\" data-track-links=\"\">A gest\u00e3o Doria alega que as medidas j\u00e1 provocaram melhora nos indicadores de sa\u00fade e que, por isso, foram canceladas antes do prazo inicial previsto.<\/p>\n<\/div>\n<div class=\"mc-column content-text active-extra-styles \" data-block-type=\"unstyled\" data-block-weight=\"82\" data-block-id=\"7\">\n<p class=\"content-text__container \" data-track-category=\"Link no Texto\" data-track-links=\"\">\u201cTivemos felizmente queda em interna\u00e7\u00f5es em todo o estado de S\u00e3o Paulo, tanto em leitos prim\u00e1rios quanto em leitos de terapia intensiva (UTI), o que nos permite suspender a decis\u00e3o de fechamento de atividades econ\u00f4micas j\u00e1 neste final de semana em todo o estado. Tivemos uma diminui\u00e7\u00e3o de 11% no n\u00famero de interna\u00e7\u00f5es por Covid-19 nos leitos p\u00fablicos e privados e o governo entende que podemos permitir que as atividades de fim de semana sejam retomadas\u201d, afirmou o governador Jo\u00e3o Doria.<\/p>\n<\/div>\n<div class=\"mc-column content-text active-extra-styles\" data-block-type=\"raw\" data-block-weight=\"33\" data-block-id=\"9\">\n<blockquote class=\"content-blockquote theme-border-color-primary-before\"><p>Nesta ter\u00e7a-feira (2), o estado de SP registava 67% de ocupa\u00e7\u00e3o dos leitos de UTI, uma leve queda em compara\u00e7\u00e3o com os n\u00fameros da semana anterior, quando o \u00edndice estava acima de 70%.<\/p><\/blockquote>\n<\/div>\n<div class=\"mc-column content-text active-extra-styles \" data-block-type=\"unstyled\" data-block-weight=\"41\" data-block-id=\"10\">\n<p class=\"content-text__container \" data-track-category=\"Link no Texto\" data-track-links=\"\">Entretanto, 15 hospitais estaduais t\u00eam mais de 80% de ocupa\u00e7\u00e3o, sendo que seis deles j\u00e1 n\u00e3o conseguem mais atender novos pacientes por falta de vagas. Os n\u00fameros de mortes permanecem est\u00e1veis em um patamar superior a 200 \u00f3bitos por dia.<\/p>\n<div class=\"mc-column content-text active-extra-styles\" data-block-type=\"raw\" data-block-weight=\"7\" data-block-id=\"12\">\n<div class=\"content-intertitle\">\n<h2>Aux\u00edlio a setor de bares e restaurantes<\/h2>\n<\/div>\n<\/div>\n<div class=\"mc-column content-text active-extra-styles \" data-block-type=\"unstyled\" data-block-weight=\"30\" data-block-id=\"13\">\n<p class=\"content-text__container \" data-track-category=\"Link no Texto\" data-track-links=\"\">Durante a coletiva, o governo tamb\u00e9m anunciou medidas para auxiliar o\u00a0<a href=\"https:\/\/g1.globo.com\/sp\/sao-paulo\/noticia\/2021\/02\/02\/donos-de-bares-e-restaurantes-fazem-novo-protesto-contra-fechamento-do-setor-a-noite-e-aos-finais-de-semana-em-sp.ghtml\">setor de bares e restaures, que fez diversas mobiliza\u00e7\u00f5es<\/a>\u00a0nos \u00faltimos dias, contra as restri\u00e7\u00f5es complementares de funcionamento.<\/p>\n<\/div>\n<div class=\"mc-column content-text active-extra-styles \" data-block-type=\"unstyled\" data-block-weight=\"49\" data-block-id=\"14\">\n<p class=\"content-text__container \" data-track-category=\"Link no Texto\" data-track-links=\"\">O pacote prev\u00ea R$ 125 milh\u00f5es de cr\u00e9dito, al\u00e9m da suspens\u00e3o do corte do fornecimento de g\u00e1s e \u00e1gua nos estabelecimentos comerciais por falta de pagamento at\u00e9 o final do m\u00eas de mar\u00e7o. Ainda segundo o governo, as contas pendentes v\u00e3o poder ser parceladas sem juros e multas.<\/p>\n<\/div>\n<div class=\"mc-column content-text active-extra-styles \" data-block-type=\"unstyled\" data-block-weight=\"26\" data-block-id=\"15\">\n<p class=\"content-text__container \" data-track-category=\"Link no Texto\" data-track-links=\"\">Tamb\u00e9m foi divulgado que o protesto de d\u00e9bitos inscritos na d\u00edvida ativa ser\u00e3o suspensos por 90 dias para que os empres\u00e1rios tenham capacidade de adquirir financiamento.<\/p>\n<\/div>\n<div class=\"mc-column content-text active-extra-styles \" data-block-type=\"unstyled\" data-block-weight=\"78\" data-block-id=\"16\">\n<p class=\"content-text__container \" data-track-category=\"Link no Texto\" data-track-links=\"\">&#8220;Estamos operando com juros de 0,35% e 0,7% nesse momento emergencial e, inclusive, em juro zero em parceria com o Sebrae em casos mais cr\u00edticos de empreendedores que est\u00e3o precisando desse aux\u00edlio. Al\u00e9m disso, um pleito que foi trazido e que ser\u00e1 expandido para todos os seguimentos, \u00e9 que a Procuradoria Geral do Estado suspender\u00e1 por 90 dias o protesto de d\u00e9bitos inscritos na d\u00edvida ativa em todo o estado de S\u00e3o Paulo&#8221;, disse a secret\u00e1ria Patr\u00edcia Ellen.<\/p>\n<\/div>\n<div class=\"mc-column content-text active-extra-styles \" data-block-type=\"unstyled\" data-block-weight=\"25\" data-block-id=\"18\">\n<p class=\"content-text__container \" data-track-category=\"Link no Texto\" data-track-links=\"\">Ainda de acordo com a secret\u00e1ria, as medidas t\u00eam como objetivo dar f\u00f4lego \u00e0s empresas, e passam a vigorar a partir desta quinta (4).<\/p>\n<div class=\"mc-column content-text active-extra-styles\" data-block-type=\"raw\" data-block-weight=\"2\" data-block-id=\"20\">\n<div class=\"content-intertitle\">\n<h2>Plano SP<\/h2>\n<\/div>\n<\/div>\n<div class=\"mc-column content-text active-extra-styles \" data-block-type=\"unstyled\" data-block-weight=\"17\" data-block-id=\"21\">\n<p class=\"content-text__container \" data-track-category=\"Link no Texto\" data-track-links=\"\"><span class=\"highlight highlighted\">Uma nova reclassifica\u00e7\u00e3o do Plano S\u00e3o Paulo dever\u00e1 ser divulgada pela gest\u00e3o Doria na pr\u00f3xima sexta-feira (5).<\/span><\/p>\n<\/div>\n<div class=\"mc-column content-text active-extra-styles \" data-block-type=\"unstyled\" data-block-weight=\"33\" data-block-id=\"22\">\n<p class=\"content-text__container \" data-track-category=\"Link no Texto\" data-track-links=\"\">Na semana passada, o governo<a href=\"https:\/\/g1.globo.com\/sp\/sao-paulo\/noticia\/2021\/01\/29\/governo-de-sp-endurece-quarentena-em-ribeirao-preto-que-passa-para-a-fase-vermelha-e-flexibiliza-em-sorocaba-e-presidente-prudente.ghtml\">\u00a0incluiu Ribeir\u00e3o Preto na fase vermelha<\/a>, a mais restritiva. A mudan\u00e7a ocorreu ap\u00f3s a regi\u00e3o atingir 82% na taxa de ocupa\u00e7\u00e3o dos leitos de UTI para Covid-19.<\/p>\n<\/div>\n<div class=\"mc-column content-text active-extra-styles \" data-block-type=\"unstyled\" data-block-weight=\"20\" data-block-id=\"23\">\n<p class=\"content-text__container \" data-track-category=\"Link no Texto\" data-track-links=\"\">J\u00e1 as regi\u00f5es de Sorocaba e Presidente Prudente registraram melhora nos indicadores de sa\u00fade e avan\u00e7aram \u00e0 fase laranja.<\/p>\n<\/div>\n<div class=\"mc-column content-text active-extra-styles \" data-block-type=\"unstyled\" data-block-weight=\"31\" data-block-id=\"24\">\n<p class=\"content-text__container \" data-track-category=\"Link no Texto\" data-track-links=\"\">O primeiro final de semana em que todo o estado ficou na fase vermelha da proposta foi marcado por\u00a0<a href=\"https:\/\/g1.globo.com\/sp\/santos-regiao\/noticia\/2021\/01\/31\/banhistas-sem-mascaras-e-em-guarda-sois-desrespeitam-regras-da-fase-vermelha-em-praias-de-santos-sp.ghtml\">praias lotadas na baixada santista<\/a>\u00a0e\u00a0<a href=\"https:\/\/g1.globo.com\/sp\/sao-paulo\/noticia\/2021\/01\/27\/donos-de-bares-e-restaurantes-protestam-contra-aumento-de-restricoes-e-fechamento-a-noite-e-aos-finais-de-semana.ghtml\">protestos de donos de restaurantes<\/a>.<\/p>\n<\/div>\n<div class=\"mc-column content-text active-extra-styles \" data-block-type=\"unstyled\" data-block-weight=\"28\" data-block-id=\"25\">\n<p class=\"content-text__container \" data-track-category=\"Link no Texto\" data-track-links=\"\">As regras mais restritivas de isolamento social entraram em vigor na \u00faltima segunda-feira (25). Na fase vermelha, somente servi\u00e7os essenciais, como padarias, mercados e farm\u00e1cias podem operar.<\/p>\n<div class=\"mc-column content-text active-extra-styles\" data-block-type=\"raw\" data-block-weight=\"1\" data-block-id=\"28\">\n<div class=\"content-intertitle\">\n<h2>Reclassifica\u00e7\u00e3o<\/h2>\n<\/div>\n<\/div>\n<div class=\"mc-column content-text active-extra-styles \" data-block-type=\"unstyled\" data-block-weight=\"21\" data-block-id=\"29\">\n<p class=\"content-text__container \" data-track-category=\"Link no Texto\" data-track-links=\"\">No in\u00edcio de janeiro, o governo\u00a0<a href=\"https:\/\/g1.globo.com\/sp\/sao-paulo\/noticia\/2021\/01\/11\/quatro-regioes-de-sp-entram-na-fase-laranja-da-flexibilizacao-com-liberacao-de-atividades-que-antes-estavam-proibidas-neste-estagio.ghtml\">fez altera\u00e7\u00f5es nas regras de funcionamento da fase laranja<\/a>, e a tornou mais permissiva.<\/p>\n<\/div>\n<div class=\"mc-column content-text active-extra-styles \" data-block-type=\"unstyled\" data-block-weight=\"22\" data-block-id=\"30\">\n<p class=\"content-text__container \" data-track-category=\"Link no Texto\" data-track-links=\"\">Dentre as flexibiliza\u00e7\u00f5es, est\u00e1 a libera\u00e7\u00e3o para que bares operem nos hor\u00e1rios dos restaurantes, caso sirvam comida para clientes que fiquem sentados.<\/p>\n<\/div>\n<div class=\"mc-column content-text active-extra-styles \" data-block-type=\"unstyled\" data-block-weight=\"45\" data-block-id=\"31\">\n<p class=\"content-text__container \" data-track-category=\"Link no Texto\" data-track-links=\"\">Desde o in\u00edcio do ano, o governo paulista tem feito reclassifica\u00e7\u00f5es semanais. No final de 2020, a gest\u00e3o estadual chegou a colocar o estado\u00a0<a href=\"https:\/\/g1.globo.com\/sp\/sao-paulo\/noticia\/2020\/12\/22\/governo-de-sp-endurece-quarentena-durante-festas-de-final-de-ano-para-conter-avanco-da-covid-19-no-estado.ghtml\">na fase vermelha durante as festas de final de ano<\/a>\u00a0para tentar evitar aglomera\u00e7\u00f5es e, consequentemente, os riscos de contamina\u00e7\u00e3o.<\/p>\n<\/div>\n<div class=\"mc-column content-text active-extra-styles \" data-block-type=\"unstyled\" data-block-weight=\"14\" data-block-id=\"32\">\n<p class=\"content-text__container \" data-track-category=\"Link no Texto\" data-track-links=\"\">A<a href=\"https:\/\/g1.globo.com\/sp\/sao-paulo\/noticia\/2021\/01\/15\/governo-de-sp-antecipa-reclassificacao-e-regride-oito-regioes-para-fases-mais-restritivas-do-plano-de-flexibilizacao-economica.ghtml\">\u00a0<\/a><a href=\"https:\/\/g1.globo.com\/sp\/sao-paulo\/noticia\/2021\/01\/15\/governo-de-sp-antecipa-reclassificacao-e-regride-oito-regioes-para-fases-mais-restritivas-do-plano-de-flexibilizacao-economica.ghtml\">\u00faltima reclassifica\u00e7\u00e3o do Plano S\u00e3o Paulo<\/a>\u00a0ocorreu no dia 29 de janeiro.<\/p>\n<\/div>\n<div class=\"mc-column content-text active-extra-styles \" data-block-type=\"unstyled\" data-block-weight=\"40\" data-block-id=\"33\">\n<p class=\"content-text__container \" data-track-category=\"Link no Texto\" data-track-links=\"\">O Plano S\u00e3o Paulo prev\u00ea o rebaixamento para fases com regras mais restritivas da quarentena em regi\u00f5es que apresentam grande aumento semanal de novas interna\u00e7\u00f5es, mortes, casos ou taxa de ocupa\u00e7\u00e3o de leitos de Unidade de Terapia Intensiva (UTI).<\/p>\n<\/div>\n<div class=\"mc-column content-text active-extra-styles \" data-block-type=\"unstyled\" data-block-weight=\"40\" data-block-id=\"34\">\n<p class=\"content-text__container \" data-track-category=\"Link no Texto\" data-track-links=\"\">No \u00faltimo dia 15, o governo de S\u00e3o Paulo determinou o cancelamento das<a href=\"https:\/\/g1.globo.com\/sp\/sao-paulo\/noticia\/2021\/01\/22\/governo-de-sp-diz-que-leitos-de-uti-podem-acabar-em-28-dias-e-anuncia-reabertura-de-hospital-de-campanha-de-heliopolis.ghtml\">\u00a0cirurgias eletivas em todos os hospitais p\u00fablicos e conveniados do estado<\/a>. Na ocasi\u00e3o, tamb\u00e9m foi anunciada a reativa\u00e7\u00e3o do Hospital de Campanha de Heli\u00f3polis, na capital.<\/p>\n<\/div>\n<div class=\"mc-column content-text active-extra-styles \" data-block-type=\"unstyled\" data-block-weight=\"46\" data-block-id=\"35\">\n<p class=\"content-text__container \" data-track-category=\"Link no Texto\" data-track-links=\"\">O governo tamb\u00e9m alterou o par\u00e2metro de taxa de ocupa\u00e7\u00e3o de leitos de Unidades de Terapia Intensiva (UTI) na fase vermelha, que passou de 80 para 75%. Pelas regras, nenhuma regi\u00e3o poder\u00e1 mudar para as fases verde e amarela antes do dia 8 de fevereiro.<\/p>\n<\/div>\n<div class=\"row medium-uncollapsed content-media content-photo\" data-block-type=\"backstage-photo\" data-block-id=\"36\">\n<div class=\"mc-column content-media__container\">\n<figure><img decoding=\"async\" class=\"i-amphtml-fill-content i-amphtml-replaced-content\" src=\"https:\/\/s2.glbimg.com\/eTz6KoM229HL4QlvyIQisuHHn0U=\/0x0:1280x683\/984x0\/smart\/filters:strip_icc()\/i.s3.glbimg.com\/v1\/AUTH_59edd422c0c84a879bd37670ae4f538a\/internal_photos\/bs\/2021\/u\/G\/BAzBUvTTAQDAIR1vOZag\/reclassificacao.jpg\" sizes=\"(max-width: 1366px) 648px, 100vw\" srcset=\"https:\/\/s2.glbimg.com\/_BxFfWwBqElsGIGPGuumeK3yn6E=\/0x0:1280x683\/1000x0\/smart\/filters:strip_icc()\/i.s3.glbimg.com\/v1\/AUTH_59edd422c0c84a879bd37670ae4f538a\/internal_photos\/bs\/2021\/u\/G\/BAzBUvTTAQDAIR1vOZag\/reclassificacao.jpg 1000w, https:\/\/s2.glbimg.com\/eTz6KoM229HL4QlvyIQisuHHn0U=\/0x0:1280x683\/984x0\/smart\/filters:strip_icc()\/i.s3.glbimg.com\/v1\/AUTH_59edd422c0c84a879bd37670ae4f538a\/internal_photos\/bs\/2021\/u\/G\/BAzBUvTTAQDAIR1vOZag\/reclassificacao.jpg 984w, https:\/\/s2.glbimg.com\/bCBZFrWijBQTJsCw4mplj-79Ck4=\/0x0:1280x683\/640x0\/smart\/filters:strip_icc()\/i.s3.glbimg.com\/v1\/AUTH_59edd422c0c84a879bd37670ae4f538a\/internal_photos\/bs\/2021\/u\/G\/BAzBUvTTAQDAIR1vOZag\/reclassificacao.jpg 640w, https:\/\/s2.glbimg.com\/JvKcoRz1FruALOVlCUUI1v_KiSA=\/0x0:1280x683\/600x0\/smart\/filters:strip_icc()\/i.s3.glbimg.com\/v1\/AUTH_59edd422c0c84a879bd37670ae4f538a\/internal_photos\/bs\/2021\/u\/G\/BAzBUvTTAQDAIR1vOZag\/reclassificacao.jpg 600w\" alt=\"Mapa com nova reclassifica\u00e7\u00e3o do estado no Plano SP nesta sexta-feira (29). \u2014 Foto: Divulga\u00e7\u00e3o\/Governo de SP\" \/><\/figure>\n<p class=\"content-media__description \">Mapa com nova reclassifica\u00e7\u00e3o do estado no Plano SP nesta sexta-feira (29). \u2014 Foto: Divulga\u00e7\u00e3o\/Governo de SP<\/p>\n<\/div>\n<\/div>\n<div class=\"mc-column content-text active-extra-styles\" data-block-type=\"raw\" data-block-weight=\"3\" data-block-id=\"38\">\n<div class=\"content-intertitle\">\n<h2><strong>Classifica\u00e7\u00e3o em vigor<\/strong><\/h2>\n<\/div>\n<\/div>\n<div class=\"mc-column content-text active-extra-styles \" data-block-type=\"unstyled\" data-block-weight=\"6\" data-block-id=\"39\">\n<p class=\"content-text__container \" data-track-category=\"Link no Texto\" data-track-links=\"\"><strong>Vermelha \u2013 s\u00f3 operam servi\u00e7os essenciais<\/strong><\/p>\n<\/div>\n<div class=\"mc-column content-text active-extra-styles\" data-block-type=\"raw\" data-block-weight=\"7\" data-block-id=\"40\">\n<ul class=\"content-unordered-list\">\n<li>Mar\u00edlia<\/li>\n<li>Franca<\/li>\n<li>Barretos<\/li>\n<li>Bauru<\/li>\n<li>Taubat\u00e9<\/li>\n<li>Ribeir\u00e3o Preto<\/li>\n<\/ul>\n<\/div>\n<div class=\"mc-column content-text active-extra-styles \" data-block-type=\"unstyled\" data-block-weight=\"16\" data-block-id=\"41\">\n<p class=\"content-text__container \" data-track-category=\"Link no Texto\" data-track-links=\"\"><strong>Laranja \u2013 bares n\u00e3o abrem, e demais servi\u00e7os funcionam com restri\u00e7\u00f5es de hor\u00e1rios e capacidade<\/strong><\/p>\n<\/div>\n<div class=\"mc-column content-text active-extra-styles\" data-block-type=\"raw\" data-block-weight=\"23\" data-block-id=\"42\">\n<ul class=\"content-unordered-list\">\n<li>Grande S\u00e3o Paulo<\/li>\n<li>Ara\u00e7atuba<\/li>\n<li>Piracicaba<\/li>\n<li>S\u00e3o Jos\u00e9 do Rio Preto<\/li>\n<li>Registro<\/li>\n<li>Araraquara<\/li>\n<li>Baixada Santista<\/li>\n<li>Campinas<\/li>\n<li>S\u00e3o Jo\u00e3o da Boa Vista<\/li>\n<li>Presidente Prudente<\/li>\n<li>Sorocaba<\/li>\n<\/ul>\n<\/div>\n<div class=\"mc-column content-text active-extra-styles\" data-block-type=\"raw\" data-block-weight=\"6\" data-block-id=\"43\">\n<div class=\"content-intertitle\">\n<h2><strong>O que funciona na Fase Laranja<\/strong><\/h2>\n<\/div>\n<\/div>\n<div class=\"mc-column content-text active-extra-styles \" data-block-type=\"unstyled\" data-block-weight=\"15\" data-block-id=\"44\">\n<p class=\"content-text__container \" data-track-category=\"Link no Texto\" data-track-links=\"\"><strong><br \/>\n(Esta fase sofreu altera\u00e7\u00f5es no dia 5 de janeiro e passou a ser mais permissiva)<\/strong><\/p>\n<\/div>\n<div class=\"mc-column content-text active-extra-styles\" data-block-type=\"raw\" data-block-weight=\"67\" data-block-id=\"45\">\n<ul class=\"content-unordered-list\">\n<li>Todos os setores de com\u00e9rcio e servi\u00e7os passam a ser permitidos. A exce\u00e7\u00e3o \u00e9 o atendimento presencial em bares, que continua proibido.<\/li>\n<li>Capacidade de ocupa\u00e7\u00e3o: antes era de 20% e vai para 40% em todos os setores.<\/li>\n<li>Funcionamento m\u00e1ximo: ampliado de 4 para 8 horas por dia.<\/li>\n<li>Hor\u00e1rio de fechamento: atendimento presencial s\u00f3 poder\u00e1 ser feito at\u00e9 20h.<\/li>\n<li>Parques estaduais, sal\u00f5es de beleza e academias: poder\u00e3o abrir.<\/li>\n<\/ul>\n<\/div>\n<div class=\"mc-column content-text active-extra-styles\" data-block-type=\"raw\" data-block-weight=\"6\" data-block-id=\"46\">\n<div class=\"content-intertitle\">\n<h2>O que funciona na Fase Amarela<\/h2>\n<\/div>\n<\/div>\n<div class=\"mc-column content-text active-extra-styles\" data-block-type=\"raw\" data-block-weight=\"81\" data-block-id=\"47\">\n<ul class=\"content-unordered-list\">\n<li>A capacidade m\u00e1xima passa a ser limitada a 40% de ocupa\u00e7\u00e3o para todos os setores. Antes, o percentual variava por setor: academias podiam operar com apenas 30% da ocupa\u00e7\u00e3o, por exemplo.<\/li>\n<li>O atendimento presencial ao p\u00fablico pode ser feito apenas at\u00e9 as 22h, em todos os setores, exceto no setor de bares, que pode funcionar at\u00e9 as 20h.<\/li>\n<li>O hor\u00e1rio de funcionamento passa a ser limitado a 10 horas por dia para todos os setores. Antes, o hor\u00e1rio variava por setor.<\/li>\n<\/ul>\n<\/div>\n<div class=\"mc-column content-text active-extra-styles\" data-block-type=\"raw\" data-block-weight=\"8\" data-block-id=\"48\">\n<div class=\"content-intertitle\">\n<h2>Servi\u00e7os essenciais que podem funcionar na Fase Vermelha<\/h2>\n<\/div>\n<\/div>\n<div class=\"mc-column content-text active-extra-styles\" data-block-type=\"raw\" data-block-weight=\"33\" data-block-id=\"49\">\n<ul class=\"content-unordered-list\">\n<li>Farm\u00e1cias<\/li>\n<li>Mercados<\/li>\n<li>Padarias<\/li>\n<li>A\u00e7ougues<\/li>\n<li>Postos de combust\u00edveis<\/li>\n<li>Lavanderias<\/li>\n<li>Meios de transporte coletivo, como \u00f4nibus, trens e metr\u00f4<\/li>\n<li>Transportadoras, oficinas de ve\u00edculos<\/li>\n<li>Atividades religiosas<\/li>\n<li>Hot\u00e9is, pousadas e outros servi\u00e7os de hotelaria.<\/li>\n<li>Bancos<\/li>\n<li>Pet shops<\/li>\n<\/ul>\n<\/div>\n<\/div>\n<\/div>\n<\/div>\n<\/div>\n<div class=\"wall protected-content\">\n<div class=\"mc-column content-text active-extra-styles\" data-block-type=\"raw\" data-block-weight=\"33\" data-block-id=\"49\">\n<p style=\"text-align: justify;\">Fonte: https:\/\/g1.globo.com\/sp\/sao-paulo\/noticia\/2021\/02\/03\/governo-de-sp-suspende-endurecimento-da-quarentena-aos-finais-de-semana-e-no-periodo-noturno.ghtml<\/p>\n<\/div>\n<\/div>\n","protected":false},"excerpt":{"rendered":"<p>Gest\u00e3o Doria antecipou o fim do decreto que colocava todo o estado na fase vermelha do plano de flexibiliza\u00e7\u00e3o econ\u00f4mica aos s\u00e1bados, domingos e feriados. Medida entrou em vigor em 25 de janeiro e permaneceria at\u00e9 7 de fevereiro, mas foi revogada nesta quarta (3). O\u00a0governo de S\u00e3o Paulo suspendeu\u00a0nesta quarta-feira (3)\u00a0o decreto que coloca [&hellip;]<\/p>\n","protected":false},"author":1,"featured_media":42669,"comment_status":"closed","ping_status":"open","sticky":false,"template":"","format":"standard","meta":{"footnotes":""},"categories":[110,116],"tags":[],"class_list":["post-42668","post","type-post","status-publish","format-standard","has-post-thumbnail","hentry","category-noticiasdestaque","category-politicaeeconomia"],"_links":{"self":[{"href":"https:\/\/jorgezanoni.com.br\/2019\/wp-json\/wp\/v2\/posts\/42668","targetHints":{"allow":["GET"]}}],"collection":[{"href":"https:\/\/jorgezanoni.com.br\/2019\/wp-json\/wp\/v2\/posts"}],"about":[{"href":"https:\/\/jorgezanoni.com.br\/2019\/wp-json\/wp\/v2\/types\/post"}],"author":[{"embeddable":true,"href":"https:\/\/jorgezanoni.com.br\/2019\/wp-json\/wp\/v2\/users\/1"}],"replies":[{"embeddable":true,"href":"https:\/\/jorgezanoni.com.br\/2019\/wp-json\/wp\/v2\/comments?post=42668"}],"version-history":[{"count":0,"href":"https:\/\/jorgezanoni.com.br\/2019\/wp-json\/wp\/v2\/posts\/42668\/revisions"}],"wp:featuredmedia":[{"embeddable":true,"href":"https:\/\/jorgezanoni.com.br\/2019\/wp-json\/wp\/v2\/media\/42669"}],"wp:attachment":[{"href":"https:\/\/jorgezanoni.com.br\/2019\/wp-json\/wp\/v2\/media?parent=42668"}],"wp:term":[{"taxonomy":"category","embeddable":true,"href":"https:\/\/jorgezanoni.com.br\/2019\/wp-json\/wp\/v2\/categories?post=42668"},{"taxonomy":"post_tag","embeddable":true,"href":"https:\/\/jorgezanoni.com.br\/2019\/wp-json\/wp\/v2\/tags?post=42668"}],"curies":[{"name":"wp","href":"https:\/\/api.w.org\/{rel}","templated":true}]}}