{"id":42664,"date":"2021-02-03T17:24:18","date_gmt":"2021-02-03T17:24:18","guid":{"rendered":"https:\/\/jorgezanoni.com.br\/2019\/?p=42664"},"modified":"2021-02-03T17:24:18","modified_gmt":"2021-02-03T17:24:18","slug":"alunos-do-anglo-cid-sao-recebidos-na-volta-as-aulas-com-atividades-especiais","status":"publish","type":"post","link":"https:\/\/jorgezanoni.com.br\/2019\/alunos-do-anglo-cid-sao-recebidos-na-volta-as-aulas-com-atividades-especiais\/","title":{"rendered":"Alunos do Anglo-CID s\u00e3o recebidos na volta \u00e0s aulas com atividades especiais"},"content":{"rendered":"<p dir=\"ltr\" style=\"text-align: justify;\">In\u00edcio das aulas \u00e9 sempre aquela alegria! O reencontro com os amigos, os professores novos, a ansiedade para usar o caderno novo! E depois de quase um ano de aulas remotas, a expectativa fica ainda maior!<br \/>\nO barulho voltou para os corredores do Anglo-CID desde a \u00faltima semana, com o in\u00edcio das aulas presenciais de forma gradativa e em rod\u00edzios.<br \/>\nSeguindo todos os protocolos sanit\u00e1rios, o Col\u00e9gio organizou atividades especiais para a recep\u00e7\u00e3o dos alunos, acolhimento dos estudantes dos anos iniciais do ensino fundamental I, com duas novas turmas do 1\u00ba ano, e da nova turma do 6\u00ba ano, que est\u00e3o chegando em nossa escola.<\/p>\n<p dir=\"ltr\" style=\"text-align: justify;\">A escola organizou um tour pela Fundec para apresenta\u00e7\u00e3o de todos os espa\u00e7os e dos professores e colaboradores da institui\u00e7\u00e3o. Nos audit\u00f3rios, foram passadas orienta\u00e7\u00f5es e\u00a0 conscientiza\u00e7\u00f5es sobre a nova situa\u00e7\u00e3o em rela\u00e7\u00e3o aos protocolos sanit\u00e1rios.<br \/>\nO professor de m\u00fasica Marcel Freire encantou alunos e professores com apresenta\u00e7\u00f5es tocadas no seu saxofone.<\/p>\n<p dir=\"ltr\" style=\"text-align: justify;\">A coordenadora do 6\u00ba ano Patr\u00edcia Soares Nakamura conversou com os alunos e passou todas as informa\u00e7\u00f5es sobre o material pedag\u00f3gico e a Plataforma Plurall. A coordenadora do\u00a0 ensino m\u00e9dio e vice-diretora Tatiana Pelisson Froio recepcionou os alunos do &#8220;terceir\u00e3o&#8221; juntamente com os professores, para conversarem sobre esse final de ciclo, vestibulares, dedica\u00e7\u00e3o aos estudos e os cuidados com a press\u00e3o emocional que poder\u00e3o sentir por ser um ano de escolhas e decis\u00f5es.<\/p>\n<p dir=\"ltr\" style=\"text-align: justify;\">A diretora do Anglo-CID Eul\u00e1lia Pires Fava comentou que &#8220;estamos muitos felizes\u00a0 com esse in\u00edcio de retomada das aulas presenciais, embora sendo gradativas e com rod\u00edzios de alunos, estamos preparados para a volta das atividades e confiantes de que estamos vencendo mais um ciclo de desafios na vida escolar dos educadores, alunos e familiares. Nossa equipe se preparou com muito cuidado e carinho para receb\u00ea-los e matar as saudades de todos&#8221;.<br \/>\nO Anglo-CID d\u00e1 boas-vindas para os alunos e professores neste ano letivo de 21<\/p>\n<p dir=\"ltr\"><img loading=\"lazy\" decoding=\"async\" class=\"alignnone size-full wp-image-42666\" src=\"https:\/\/jorgezanoni.com.br\/2019\/wp-content\/uploads\/2021\/02\/anglo1.jpg\" alt=\"\" width=\"1280\" height=\"960\" srcset=\"https:\/\/jorgezanoni.com.br\/2019\/wp-content\/uploads\/2021\/02\/anglo1.jpg 1280w, https:\/\/jorgezanoni.com.br\/2019\/wp-content\/uploads\/2021\/02\/anglo1-300x225.jpg 300w, https:\/\/jorgezanoni.com.br\/2019\/wp-content\/uploads\/2021\/02\/anglo1-1024x768.jpg 1024w, https:\/\/jorgezanoni.com.br\/2019\/wp-content\/uploads\/2021\/02\/anglo1-768x576.jpg 768w, https:\/\/jorgezanoni.com.br\/2019\/wp-content\/uploads\/2021\/02\/anglo1-80x60.jpg 80w, https:\/\/jorgezanoni.com.br\/2019\/wp-content\/uploads\/2021\/02\/anglo1-265x198.jpg 265w, https:\/\/jorgezanoni.com.br\/2019\/wp-content\/uploads\/2021\/02\/anglo1-696x522.jpg 696w, https:\/\/jorgezanoni.com.br\/2019\/wp-content\/uploads\/2021\/02\/anglo1-1068x801.jpg 1068w, https:\/\/jorgezanoni.com.br\/2019\/wp-content\/uploads\/2021\/02\/anglo1-560x420.jpg 560w\" sizes=\"auto, (max-width: 1280px) 100vw, 1280px\" \/><\/p>\n<div class=\"gmail_signature\" dir=\"ltr\">\n<div dir=\"ltr\" style=\"text-align: justify;\">Carolina Colnago<br \/>\nAssistente de Comunica\u00e7\u00e3o<br \/>\nFunda\u00e7\u00e3o Dracenense de Educa\u00e7\u00e3o e Cultura<\/div>\n<\/div>\n","protected":false},"excerpt":{"rendered":"<p>In\u00edcio das aulas \u00e9 sempre aquela alegria! O reencontro com os amigos, os professores novos, a ansiedade para usar o caderno novo! E depois de quase um ano de aulas remotas, a expectativa fica ainda maior! O barulho voltou para os corredores do Anglo-CID desde a \u00faltima semana, com o in\u00edcio das aulas presenciais de [&hellip;]<\/p>\n","protected":false},"author":1,"featured_media":42665,"comment_status":"closed","ping_status":"open","sticky":false,"template":"","format":"standard","meta":{"footnotes":""},"categories":[122],"tags":[],"class_list":["post-42664","post","type-post","status-publish","format-standard","has-post-thumbnail","hentry","category-saudeeducacaoeconcurso"],"_links":{"self":[{"href":"https:\/\/jorgezanoni.com.br\/2019\/wp-json\/wp\/v2\/posts\/42664","targetHints":{"allow":["GET"]}}],"collection":[{"href":"https:\/\/jorgezanoni.com.br\/2019\/wp-json\/wp\/v2\/posts"}],"about":[{"href":"https:\/\/jorgezanoni.com.br\/2019\/wp-json\/wp\/v2\/types\/post"}],"author":[{"embeddable":true,"href":"https:\/\/jorgezanoni.com.br\/2019\/wp-json\/wp\/v2\/users\/1"}],"replies":[{"embeddable":true,"href":"https:\/\/jorgezanoni.com.br\/2019\/wp-json\/wp\/v2\/comments?post=42664"}],"version-history":[{"count":0,"href":"https:\/\/jorgezanoni.com.br\/2019\/wp-json\/wp\/v2\/posts\/42664\/revisions"}],"wp:featuredmedia":[{"embeddable":true,"href":"https:\/\/jorgezanoni.com.br\/2019\/wp-json\/wp\/v2\/media\/42665"}],"wp:attachment":[{"href":"https:\/\/jorgezanoni.com.br\/2019\/wp-json\/wp\/v2\/media?parent=42664"}],"wp:term":[{"taxonomy":"category","embeddable":true,"href":"https:\/\/jorgezanoni.com.br\/2019\/wp-json\/wp\/v2\/categories?post=42664"},{"taxonomy":"post_tag","embeddable":true,"href":"https:\/\/jorgezanoni.com.br\/2019\/wp-json\/wp\/v2\/tags?post=42664"}],"curies":[{"name":"wp","href":"https:\/\/api.w.org\/{rel}","templated":true}]}}