{"id":42661,"date":"2021-02-03T17:13:48","date_gmt":"2021-02-03T17:13:48","guid":{"rendered":"https:\/\/jorgezanoni.com.br\/2019\/?p=42661"},"modified":"2021-02-03T17:13:48","modified_gmt":"2021-02-03T17:13:48","slug":"diretoria-da-unifadra-fundec-de-dracena-visita-prefeitura-de-presidente-prudente-e-estuda-possiveis-parcerias","status":"publish","type":"post","link":"https:\/\/jorgezanoni.com.br\/2019\/diretoria-da-unifadra-fundec-de-dracena-visita-prefeitura-de-presidente-prudente-e-estuda-possiveis-parcerias\/","title":{"rendered":"Diretoria da Unifadra\/Fundec de Dracena visita Prefeitura de Presidente Prudente e estuda poss\u00edveis parcerias"},"content":{"rendered":"<p dir=\"ltr\" style=\"text-align: justify;\">Na manh\u00e3 de sexta-feira (29\/01), o prefeito Ed Thomas recebeu o diretor executivo da Unifadra\/Fundec de Dracena, Edson Hissatomi Kai, e o diretor de Comunica\u00e7\u00e3o, Fernando Nunes. O encontro tratou sobre uma poss\u00edvel parceria, que est\u00e1 em an\u00e1lise, entre a funda\u00e7\u00e3o e o munic\u00edpio.<\/p>\n<p dir=\"ltr\" style=\"text-align: justify;\">Segundo Kai, a Unifadra possui muitos universit\u00e1rios que residem em Prudente e regi\u00e3o, o que favoreceria um trabalho em conjunto.<\/p>\n<p dir=\"ltr\" style=\"text-align: justify;\">O prefeito garantiu que sua equipe estudar\u00e1 a viabilidade do trabalho em coopera\u00e7\u00e3o. &#8220;A parceria entre os setores p\u00fablico e privado proporcionam benef\u00edcios a todos n\u00f3s, inclusive para o desenvolvimento social e para a melhoria do servi\u00e7o prestado \u00e0 popula\u00e7\u00e3o&#8221;, relatou Ed.<\/p>\n<p dir=\"ltr\" style=\"text-align: justify;\">Fonte: Secretaria de Comunica\u00e7\u00e3o da Prefeitura de Presidente Prudente.<\/p>\n<p style=\"text-align: justify;\">Foto: Fernando Nunes, Ed Thomas e Edson Kai.<span id=\"gmail-docs-internal-guid-dcc9cd6f-7fff-8e5e-67c3-5b278e4e56cb\"><\/span><\/p>\n<div class=\"gmail_signature\" dir=\"ltr\">\n<div dir=\"ltr\" style=\"text-align: justify;\">Carolina Colnago<br \/>\nAssistente de Comunica\u00e7\u00e3o<br \/>\nFunda\u00e7\u00e3o Dracenense de Educa\u00e7\u00e3o e Cultura<\/div>\n<\/div>\n","protected":false},"excerpt":{"rendered":"<p>Na manh\u00e3 de sexta-feira (29\/01), o prefeito Ed Thomas recebeu o diretor executivo da Unifadra\/Fundec de Dracena, Edson Hissatomi Kai, e o diretor de Comunica\u00e7\u00e3o, Fernando Nunes. O encontro tratou sobre uma poss\u00edvel parceria, que est\u00e1 em an\u00e1lise, entre a funda\u00e7\u00e3o e o munic\u00edpio. Segundo Kai, a Unifadra possui muitos universit\u00e1rios que residem em Prudente [&hellip;]<\/p>\n","protected":false},"author":1,"featured_media":42662,"comment_status":"closed","ping_status":"open","sticky":false,"template":"","format":"standard","meta":{"footnotes":""},"categories":[122],"tags":[],"class_list":["post-42661","post","type-post","status-publish","format-standard","has-post-thumbnail","hentry","category-saudeeducacaoeconcurso"],"_links":{"self":[{"href":"https:\/\/jorgezanoni.com.br\/2019\/wp-json\/wp\/v2\/posts\/42661","targetHints":{"allow":["GET"]}}],"collection":[{"href":"https:\/\/jorgezanoni.com.br\/2019\/wp-json\/wp\/v2\/posts"}],"about":[{"href":"https:\/\/jorgezanoni.com.br\/2019\/wp-json\/wp\/v2\/types\/post"}],"author":[{"embeddable":true,"href":"https:\/\/jorgezanoni.com.br\/2019\/wp-json\/wp\/v2\/users\/1"}],"replies":[{"embeddable":true,"href":"https:\/\/jorgezanoni.com.br\/2019\/wp-json\/wp\/v2\/comments?post=42661"}],"version-history":[{"count":0,"href":"https:\/\/jorgezanoni.com.br\/2019\/wp-json\/wp\/v2\/posts\/42661\/revisions"}],"wp:featuredmedia":[{"embeddable":true,"href":"https:\/\/jorgezanoni.com.br\/2019\/wp-json\/wp\/v2\/media\/42662"}],"wp:attachment":[{"href":"https:\/\/jorgezanoni.com.br\/2019\/wp-json\/wp\/v2\/media?parent=42661"}],"wp:term":[{"taxonomy":"category","embeddable":true,"href":"https:\/\/jorgezanoni.com.br\/2019\/wp-json\/wp\/v2\/categories?post=42661"},{"taxonomy":"post_tag","embeddable":true,"href":"https:\/\/jorgezanoni.com.br\/2019\/wp-json\/wp\/v2\/tags?post=42661"}],"curies":[{"name":"wp","href":"https:\/\/api.w.org\/{rel}","templated":true}]}}