{"id":42616,"date":"2021-02-02T16:20:03","date_gmt":"2021-02-02T16:20:03","guid":{"rendered":"https:\/\/jorgezanoni.com.br\/2019\/?p=42616"},"modified":"2021-02-02T16:20:26","modified_gmt":"2021-02-02T16:20:26","slug":"2021-covid-19-e-volta-as-aulas","status":"publish","type":"post","link":"https:\/\/jorgezanoni.com.br\/2019\/2021-covid-19-e-volta-as-aulas\/","title":{"rendered":"2021: COVID-19 e volta \u00e0s aulas"},"content":{"rendered":"<p style=\"text-align: justify;\"><strong>2021: COVID-19 E VOLTA \u00c0S AULAS<\/strong><\/p>\n<p style=\"text-align: justify;\">Desde ontem, 01\/02\/21, muitas unidades escolares iniciaram a volta \u00e0s aulas presenciais de crian\u00e7as e jovens no Brasil.<\/p>\n<p style=\"text-align: justify;\">Uma irresponsabilidade inomin\u00e1vel, qui\u00e7\u00e1 criminosa, visto que professores, funcion\u00e1rios e alunos ainda n\u00e3o foram vacinados contra o mortal v\u00edrus da Covid-19.<\/p>\n<p style=\"text-align: justify;\">Num recente estudo feito pela Universidade de Granada, na Espanha, estima-se que colocar 20 crian\u00e7a numa sala de aula implicaria em 808 contatos cruzados em apenas 2 dias, considerando uma fam\u00edlia m\u00e9dia composta por dois adultos e 1,5 filhos menores (ou seja, dos 20 alunos de uma sala, 10 teriam apenas um irm\u00e3o e os outros 10 seriam filhos \u00fanicos). E isso (808 contatos cruzados em 48 horas) se n\u00e3o houver contato com algu\u00e9m fora da sala de aula e da casa da fam\u00edlia! (Fonte: https:\/\/brasil.elpais.com\/sociedade\/2020-06-17\/colocar-20-criancas-numa-sala-de-aula-implica-em-808-contatos-cruzados-em-dois-dias-alerta-universidade.html).<\/p>\n<p style=\"text-align: justify;\">Pergunta-se: por que arriscar tanto nossas crian\u00e7as, jovens e suas respectivas fam\u00edlias (pais, av\u00f3s, tios, etc.) por um precipitado retorno \u00e0s aulas presenciais se nossas crian\u00e7as j\u00e1 est\u00e3o h\u00e1 praticamente 1 ano estudando on-line?<\/p>\n<p style=\"text-align: justify;\">Na semana passada, a Inglaterra fechou todas as suas escolas. (Fonte: <a href=\"https:\/\/www1.folha.uol.com.br\/mundo\/2021\/01\/covid-19-bate-recorde-no-reino-unido-e-eleva-pressao-para-fechar-escolas.shtml\">https:\/\/www1.folha.uol.com.br\/mundo\/2021\/01\/covid-19-bate-recorde-no-reino-unido-e-eleva-pressao-para-fechar-escolas.shtml<\/a>).<\/p>\n<p style=\"text-align: justify;\">V\u00e1rios outros pa\u00edses europeus tamb\u00e9m fizeram o mesmo e adiaram o in\u00edcio de suas aulas presenciais, tais como Gr\u00e9cia, Pol\u00f4nia, Irlanda, Holanda, \u00c1ustria, Alemanha, etc. (Fonte: https:\/\/www.bol.uol.com.br\/noticias\/2021\/01\/04\/covid-19-franca-volta-as-aulas-mas-varios-paises-europeus-prolongam-ferias-de-fim-de-ano.html).<\/p>\n<p style=\"text-align: justify;\">Por que cargas d\u2019\u00e1gua algu\u00e9m ainda acha que justamente aqui, no Brasil, o retorno \u00e0s aulas presenciais seria seguro e n\u00e3o apenas mais um combust\u00edvel para o aumento incontrol\u00e1vel de casos de Covid-19 e, consequentemente, de mortes?!<\/p>\n<p style=\"text-align: justify;\">Ora, at\u00e9 a falta de bom senso deveria ter limites!<\/p>\n<p style=\"text-align: justify;\">Em resumo, \u00e9 de se concluir que o retorno \u00e0s aulas presenciais de crian\u00e7as e jovens no Brasil, nesse momento, \u00e9 de uma irresponsabilidade inomin\u00e1vel, devendo seus respons\u00e1veis (governadores, propriet\u00e1rios de escolas particulares, diretores de unidades de ensino, etc.) responderem PESSOALMETE dentro dos rigores da lei pelas consequ\u00eancias de seus atos, ou seja, a propaga\u00e7\u00e3o do v\u00edrus em raz\u00e3o direta da determina\u00e7\u00e3o de retorno \u00e0s aulas presenciais.<\/p>\n<p style=\"text-align: justify;\">A prop\u00f3sito, segue abaixo o que diz a lei (C\u00f3digo Penal brasileiro) a esse respeito:<\/p>\n<p style=\"text-align: justify;\"><em>\u201cArt. 267 \u2013 Causar epidemia, mediante a propaga\u00e7\u00e3o de germes patog\u00eanicos:<\/em><\/p>\n<p style=\"text-align: justify;\"><em>Pena \u2013 reclus\u00e3o, de dez a quinze anos.<\/em><\/p>\n<p style=\"text-align: justify;\"><em>\u0315<\/em><em>\u00a7 1\u00ba &#8211; Se do fato resulta morte, a pena \u00e9 aplicada em dobro.<\/em><\/p>\n<ul style=\"text-align: justify;\">\n<li><em> 2\u00ba &#8211; No caso de culpa, a pena \u00e9 de deten\u00e7\u00e3o, de um a dois anos, ou, se resulta morte, de dois a quatro anos.\u201d<\/em><\/li>\n<\/ul>\n<p style=\"text-align: justify;\">Chega, basta de irresponsabilidade!<\/p>\n<p style=\"text-align: justify;\"><a href=\"mailto:vladimirdemattos@hotmail.com\">vladimirdemattos@hotmail.com<\/a><\/p>\n<p>&nbsp;<\/p>\n","protected":false},"excerpt":{"rendered":"<p>2021: COVID-19 E VOLTA \u00c0S AULAS Desde ontem, 01\/02\/21, muitas unidades escolares iniciaram a volta \u00e0s aulas presenciais de crian\u00e7as e jovens no Brasil. Uma irresponsabilidade inomin\u00e1vel, qui\u00e7\u00e1 criminosa, visto que professores, funcion\u00e1rios e alunos ainda n\u00e3o foram vacinados contra o mortal v\u00edrus da Covid-19. Num recente estudo feito pela Universidade de Granada, na Espanha, [&hellip;]<\/p>\n","protected":false},"author":1,"featured_media":42617,"comment_status":"closed","ping_status":"open","sticky":false,"template":"","format":"standard","meta":{"footnotes":""},"categories":[175],"tags":[],"class_list":["post-42616","post","type-post","status-publish","format-standard","has-post-thumbnail","hentry","category-artigos"],"_links":{"self":[{"href":"https:\/\/jorgezanoni.com.br\/2019\/wp-json\/wp\/v2\/posts\/42616","targetHints":{"allow":["GET"]}}],"collection":[{"href":"https:\/\/jorgezanoni.com.br\/2019\/wp-json\/wp\/v2\/posts"}],"about":[{"href":"https:\/\/jorgezanoni.com.br\/2019\/wp-json\/wp\/v2\/types\/post"}],"author":[{"embeddable":true,"href":"https:\/\/jorgezanoni.com.br\/2019\/wp-json\/wp\/v2\/users\/1"}],"replies":[{"embeddable":true,"href":"https:\/\/jorgezanoni.com.br\/2019\/wp-json\/wp\/v2\/comments?post=42616"}],"version-history":[{"count":0,"href":"https:\/\/jorgezanoni.com.br\/2019\/wp-json\/wp\/v2\/posts\/42616\/revisions"}],"wp:featuredmedia":[{"embeddable":true,"href":"https:\/\/jorgezanoni.com.br\/2019\/wp-json\/wp\/v2\/media\/42617"}],"wp:attachment":[{"href":"https:\/\/jorgezanoni.com.br\/2019\/wp-json\/wp\/v2\/media?parent=42616"}],"wp:term":[{"taxonomy":"category","embeddable":true,"href":"https:\/\/jorgezanoni.com.br\/2019\/wp-json\/wp\/v2\/categories?post=42616"},{"taxonomy":"post_tag","embeddable":true,"href":"https:\/\/jorgezanoni.com.br\/2019\/wp-json\/wp\/v2\/tags?post=42616"}],"curies":[{"name":"wp","href":"https:\/\/api.w.org\/{rel}","templated":true}]}}