{"id":42532,"date":"2021-01-31T00:26:30","date_gmt":"2021-01-31T00:26:30","guid":{"rendered":"https:\/\/jorgezanoni.com.br\/2019\/?p=42532"},"modified":"2021-01-31T00:26:30","modified_gmt":"2021-01-31T00:26:30","slug":"policia-militar-prende-em-flagrante-dois-homens-por-trafico-de-drogas-e-ato-infracional-em-dracena","status":"publish","type":"post","link":"https:\/\/jorgezanoni.com.br\/2019\/policia-militar-prende-em-flagrante-dois-homens-por-trafico-de-drogas-e-ato-infracional-em-dracena\/","title":{"rendered":"Pol\u00edcia Militar prende em flagrante dois homens por Tr\u00e1fico de Drogas e Ato Infracional em Dracena"},"content":{"rendered":"<p style=\"text-align: justify;\">POL\u00cdCIA MILITAR PRENDE EM FLAGRANTE DOIS HOMENS POR TR\u00c1FICO DE DROGAS E ATO INFRACIONAL EM DRACENA.<\/p>\n<p>Autores : 17 ANOS e 21 ANOS<\/p>\n<p style=\"text-align: justify;\">LOCAL: RUA BAHIA BAIRRO: METR\u00d3POLE<br \/>\nDRACENA-SP<\/p>\n<p style=\"text-align: justify;\">DATA\/HORA:301450JAN21<\/p>\n<p style=\"text-align: justify;\">\nAPREENS\u00c3O: 01 &#8220;tijolo&#8221; de maconha 48 gramas, 02 pequenas pedras de Crack, 01 cigarro de maconha, R$489.00 em esp\u00e9cie, 02 aparelhos celulares, 01 motocicleta CG Titan Ks cor: prata<\/p>\n<p style=\"text-align: justify;\">NA TARDE DE HOJE (30) EQUIPE DA POL\u00cdCIA MILITAR EM PATRULHAMENTO PELO BAIRRO METR\u00d3POLE MOMENTO QUE FOI VISUALIZADA UMA MOTOCICLETA DE COR CINZA OCUPADA POR 02 INDIV\u00cdDUOS EM ATITUDE SUSPEITA.<br \/>\nAO APROXIMAR DA MOTOCICLETA O GARUPA DISPENSOU ALGO AO SOLO.<br \/>\nFOI DADO VOZ DE PARADA E REALIZADA A ABORDAGEM SENDO LOCALIZADO COM O GARUPA MENOR DE IDADE UM APARELHO CELULAR E A QUANTIA DE R$ 489.00 EM NOTAS DIVERSAS, COM O CONDUTOR LOCALIZADO APENAS UM APARELHO CELULAR.<br \/>\nEM SEGUIDA AO CONSTATAR QUE O OBJETO DISPENSADO SERIA ENTORPECENTE FOI DADO VOZ DE PRIS\u00c3O AO MESMO MOMENTO EM QUE O INDIV\u00cdDUO DE 21 ANOS FOI ALGEMADO O MENOR EMPREENDEU FUGA AP\u00c9 TOMANDO SENTIDO ESCOLA ISAC, SOLICITADO APOIO, FOMOS NO ENCAL\u00c7O DO MENOR O QUAL DE FRONTE A ESCOLA ISAC PEREIRA GARCEZ ELE PULOU V\u00c1RIOS MUROS E CASAS REALIZADO O CERCO E COM SUCESSO FOI SURPREENDIDO O MENOR DE IDADE OMISIADO EM UMA RESID\u00caNCIA PELA RUA DUQUE DE CAXIAS<br \/>\nFOI RATIFICOU A PRIS\u00c3O DO MAIOR DE IDADE, E A APREENS\u00c3O DO MENOR DE IDADE E TAMB\u00c9M FORAM APREENDIDOS DINHEIRO, APARELHOS CELULARES E A MOTOCICLETA FICANDO A DISPOSI\u00c7\u00c3O DA JUSTI\u00c7A.<\/p>\n<p><img loading=\"lazy\" decoding=\"async\" class=\"alignnone size-full wp-image-42534\" src=\"https:\/\/jorgezanoni.com.br\/2019\/wp-content\/uploads\/2021\/01\/pm1.jpg\" alt=\"\" width=\"1280\" height=\"960\" srcset=\"https:\/\/jorgezanoni.com.br\/2019\/wp-content\/uploads\/2021\/01\/pm1.jpg 1280w, https:\/\/jorgezanoni.com.br\/2019\/wp-content\/uploads\/2021\/01\/pm1-300x225.jpg 300w, https:\/\/jorgezanoni.com.br\/2019\/wp-content\/uploads\/2021\/01\/pm1-1024x768.jpg 1024w, https:\/\/jorgezanoni.com.br\/2019\/wp-content\/uploads\/2021\/01\/pm1-768x576.jpg 768w, https:\/\/jorgezanoni.com.br\/2019\/wp-content\/uploads\/2021\/01\/pm1-80x60.jpg 80w, https:\/\/jorgezanoni.com.br\/2019\/wp-content\/uploads\/2021\/01\/pm1-265x198.jpg 265w, https:\/\/jorgezanoni.com.br\/2019\/wp-content\/uploads\/2021\/01\/pm1-696x522.jpg 696w, https:\/\/jorgezanoni.com.br\/2019\/wp-content\/uploads\/2021\/01\/pm1-1068x801.jpg 1068w, https:\/\/jorgezanoni.com.br\/2019\/wp-content\/uploads\/2021\/01\/pm1-560x420.jpg 560w\" sizes=\"auto, (max-width: 1280px) 100vw, 1280px\" \/>Fonte: Policia Militar<\/p>\n","protected":false},"excerpt":{"rendered":"<p>POL\u00cdCIA MILITAR PRENDE EM FLAGRANTE DOIS HOMENS POR TR\u00c1FICO DE DROGAS E ATO INFRACIONAL EM DRACENA. Autores : 17 ANOS e 21 ANOS LOCAL: RUA BAHIA BAIRRO: METR\u00d3POLE DRACENA-SP DATA\/HORA:301450JAN21 APREENS\u00c3O: 01 &#8220;tijolo&#8221; de maconha 48 gramas, 02 pequenas pedras de Crack, 01 cigarro de maconha, R$489.00 em esp\u00e9cie, 02 aparelhos celulares, 01 motocicleta CG [&hellip;]<\/p>\n","protected":false},"author":1,"featured_media":42533,"comment_status":"closed","ping_status":"open","sticky":false,"template":"","format":"standard","meta":{"footnotes":""},"categories":[110,2],"tags":[],"class_list":["post-42532","post","type-post","status-publish","format-standard","has-post-thumbnail","hentry","category-noticiasdestaque","category-policial"],"_links":{"self":[{"href":"https:\/\/jorgezanoni.com.br\/2019\/wp-json\/wp\/v2\/posts\/42532","targetHints":{"allow":["GET"]}}],"collection":[{"href":"https:\/\/jorgezanoni.com.br\/2019\/wp-json\/wp\/v2\/posts"}],"about":[{"href":"https:\/\/jorgezanoni.com.br\/2019\/wp-json\/wp\/v2\/types\/post"}],"author":[{"embeddable":true,"href":"https:\/\/jorgezanoni.com.br\/2019\/wp-json\/wp\/v2\/users\/1"}],"replies":[{"embeddable":true,"href":"https:\/\/jorgezanoni.com.br\/2019\/wp-json\/wp\/v2\/comments?post=42532"}],"version-history":[{"count":0,"href":"https:\/\/jorgezanoni.com.br\/2019\/wp-json\/wp\/v2\/posts\/42532\/revisions"}],"wp:featuredmedia":[{"embeddable":true,"href":"https:\/\/jorgezanoni.com.br\/2019\/wp-json\/wp\/v2\/media\/42533"}],"wp:attachment":[{"href":"https:\/\/jorgezanoni.com.br\/2019\/wp-json\/wp\/v2\/media?parent=42532"}],"wp:term":[{"taxonomy":"category","embeddable":true,"href":"https:\/\/jorgezanoni.com.br\/2019\/wp-json\/wp\/v2\/categories?post=42532"},{"taxonomy":"post_tag","embeddable":true,"href":"https:\/\/jorgezanoni.com.br\/2019\/wp-json\/wp\/v2\/tags?post=42532"}],"curies":[{"name":"wp","href":"https:\/\/api.w.org\/{rel}","templated":true}]}}