{"id":4250,"date":"2019-08-21T01:21:57","date_gmt":"2019-08-21T01:21:57","guid":{"rendered":"https:\/\/jorgezanoni.com.br\/2019\/?p=4250"},"modified":"2019-08-21T01:21:57","modified_gmt":"2019-08-21T01:21:57","slug":"desenhista-de-nova-andradina-participa-do-programa-silvio-santos","status":"publish","type":"post","link":"https:\/\/jorgezanoni.com.br\/2019\/desenhista-de-nova-andradina-participa-do-programa-silvio-santos\/","title":{"rendered":"Desenhista de Nova Andradina participa do Programa Silvio Santos"},"content":{"rendered":"<p style=\"text-align: justify;\"><strong>Jos\u00e9 Augusto Santana interagiu com Silvio Santos e mostrou algumas de suas obras.<\/strong><\/p>\n<p><img loading=\"lazy\" decoding=\"async\" class=\"alignnone size-full wp-image-4251\" src=\"https:\/\/jorgezanoni.com.br\/2019\/wp-content\/uploads\/2019\/08\/silvio.jpg\" alt=\"\" width=\"900\" height=\"600\" srcset=\"https:\/\/jorgezanoni.com.br\/2019\/wp-content\/uploads\/2019\/08\/silvio.jpg 900w, https:\/\/jorgezanoni.com.br\/2019\/wp-content\/uploads\/2019\/08\/silvio-300x200.jpg 300w, https:\/\/jorgezanoni.com.br\/2019\/wp-content\/uploads\/2019\/08\/silvio-768x512.jpg 768w, https:\/\/jorgezanoni.com.br\/2019\/wp-content\/uploads\/2019\/08\/silvio-696x464.jpg 696w, https:\/\/jorgezanoni.com.br\/2019\/wp-content\/uploads\/2019\/08\/silvio-630x420.jpg 630w\" sizes=\"auto, (max-width: 900px) 100vw, 900px\" \/><\/p>\n<p style=\"text-align: justify;\">Neste domingo, o desenhista sul-mato-grossense, Jos\u00e9 Augusto Santana, de 23 anos, residente em Nova Andradina, participou do Programa Silvio Santos, no Sistema Brasileiro de Televis\u00e3o (SBT). A grava\u00e7\u00e3o havia ocorrido recentemente, sendo que, a exibi\u00e7\u00e3o ocorreu neste dia 18\/08\/2019.<\/p>\n<p><img loading=\"lazy\" decoding=\"async\" class=\"alignnone size-full wp-image-4252\" src=\"https:\/\/jorgezanoni.com.br\/2019\/wp-content\/uploads\/2019\/08\/silvio1.jpg\" alt=\"\" width=\"900\" height=\"600\" srcset=\"https:\/\/jorgezanoni.com.br\/2019\/wp-content\/uploads\/2019\/08\/silvio1.jpg 900w, https:\/\/jorgezanoni.com.br\/2019\/wp-content\/uploads\/2019\/08\/silvio1-300x200.jpg 300w, https:\/\/jorgezanoni.com.br\/2019\/wp-content\/uploads\/2019\/08\/silvio1-768x512.jpg 768w, https:\/\/jorgezanoni.com.br\/2019\/wp-content\/uploads\/2019\/08\/silvio1-696x464.jpg 696w, https:\/\/jorgezanoni.com.br\/2019\/wp-content\/uploads\/2019\/08\/silvio1-630x420.jpg 630w\" sizes=\"auto, (max-width: 900px) 100vw, 900px\" \/><\/p>\n<p style=\"text-align: justify;\"><span class=\"cb-justified-justify\">Ao participar da atra\u00e7\u00e3o, Jos\u00e9 Augusto, que levou o nome de Mato Grosso do Sul para o hor\u00e1rio nobre de uma das maiores emissoras de TV do Pa\u00eds, falou de seu trabalho, brincou com o apresentador e entregou um retrato de Silvio Santos e outro da Fam\u00edlia Abravanel.<\/span><\/p>\n<p style=\"text-align: justify;\"><span class=\"cb-justified-justify\">Depois, j\u00e1 nos bastidores da emissora, o apresentador conversou com o desenhista e autografou o retrato. Segundo Jos\u00e9 Augusto, Silvio Santos o estimulou a continuar com seu trabalho e elogiou seu talento ao produzir os desenhos realistas.<\/span><\/p>\n<p style=\"text-align: justify;\"><span class=\"cb-justified-justify\">\u201cFoi muito gratificante estar no palco do programa ao lado de uma das figuras mais significativas da comunica\u00e7\u00e3o brasileira, que \u00e9 o Senor Abravanel, conhecido publicamente como Silvio Santos. Para mim, este foi um momento muito importante. Com certeza \u00e9 um grande est\u00edmulo na minha trajet\u00f3ria\u201d, afirma Jos\u00e9 Augusto.<\/span><\/p>\n<p style=\"text-align: justify;\"><span class=\"cb-justified-justify\">O desenhista agradece aos seus patrocinadores, empres\u00e1rios de Nova Andradina que de uma forma ou de outra o incentivam em seu trabalho e tamb\u00e9m a Thiago Brochi, de Americana (SP), que encomendou as obras.<\/span><\/p>\n<p style=\"text-align: justify;\"><span class=\"cb-justified-justify\">Segundo Jos\u00e9 Augusto, h\u00e1 tamb\u00e9m possibilidade de futuras participa\u00e7\u00f5es em outras atra\u00e7\u00f5es do SBT como no Programa do Ratinho, Domingo Legal e The Noite, entre outros.\u00a0\u00a0<\/span><\/p>\n<p style=\"text-align: justify;\"><i>Fonte: https:\/\/www.novanews.com.br\/noticias\/variedades\/desenhista-de-nova-andradina-participa-do-programa-silvio-santos<\/i><\/p>\n","protected":false},"excerpt":{"rendered":"<p>Jos\u00e9 Augusto Santana interagiu com Silvio Santos e mostrou algumas de suas obras. Neste domingo, o desenhista sul-mato-grossense, Jos\u00e9 Augusto Santana, de 23 anos, residente em Nova Andradina, participou do Programa Silvio Santos, no Sistema Brasileiro de Televis\u00e3o (SBT). A grava\u00e7\u00e3o havia ocorrido recentemente, sendo que, a exibi\u00e7\u00e3o ocorreu neste dia 18\/08\/2019. Ao participar da [&hellip;]<\/p>\n","protected":false},"author":1,"featured_media":4253,"comment_status":"closed","ping_status":"open","sticky":false,"template":"","format":"standard","meta":{"footnotes":""},"categories":[114,110],"tags":[],"class_list":["post-4250","post","type-post","status-publish","format-standard","has-post-thumbnail","hentry","category-geralecomercio","category-noticiasdestaque"],"_links":{"self":[{"href":"https:\/\/jorgezanoni.com.br\/2019\/wp-json\/wp\/v2\/posts\/4250","targetHints":{"allow":["GET"]}}],"collection":[{"href":"https:\/\/jorgezanoni.com.br\/2019\/wp-json\/wp\/v2\/posts"}],"about":[{"href":"https:\/\/jorgezanoni.com.br\/2019\/wp-json\/wp\/v2\/types\/post"}],"author":[{"embeddable":true,"href":"https:\/\/jorgezanoni.com.br\/2019\/wp-json\/wp\/v2\/users\/1"}],"replies":[{"embeddable":true,"href":"https:\/\/jorgezanoni.com.br\/2019\/wp-json\/wp\/v2\/comments?post=4250"}],"version-history":[{"count":0,"href":"https:\/\/jorgezanoni.com.br\/2019\/wp-json\/wp\/v2\/posts\/4250\/revisions"}],"wp:featuredmedia":[{"embeddable":true,"href":"https:\/\/jorgezanoni.com.br\/2019\/wp-json\/wp\/v2\/media\/4253"}],"wp:attachment":[{"href":"https:\/\/jorgezanoni.com.br\/2019\/wp-json\/wp\/v2\/media?parent=4250"}],"wp:term":[{"taxonomy":"category","embeddable":true,"href":"https:\/\/jorgezanoni.com.br\/2019\/wp-json\/wp\/v2\/categories?post=4250"},{"taxonomy":"post_tag","embeddable":true,"href":"https:\/\/jorgezanoni.com.br\/2019\/wp-json\/wp\/v2\/tags?post=4250"}],"curies":[{"name":"wp","href":"https:\/\/api.w.org\/{rel}","templated":true}]}}