{"id":42493,"date":"2021-01-30T13:45:11","date_gmt":"2021-01-30T13:45:11","guid":{"rendered":"https:\/\/jorgezanoni.com.br\/2019\/?p=42493"},"modified":"2021-01-30T20:28:22","modified_gmt":"2021-01-30T20:28:22","slug":"mulher-de-dracena-e-marido-sao-vitimas-fatais-de-acidente-na-sp-294-em-frente-a-penitenciaria-de-marilia","status":"publish","type":"post","link":"https:\/\/jorgezanoni.com.br\/2019\/mulher-de-dracena-e-marido-sao-vitimas-fatais-de-acidente-na-sp-294-em-frente-a-penitenciaria-de-marilia\/","title":{"rendered":"Mulher de Dracena e marido s\u00e3o v\u00edtimas fatais de acidente na SP-294 em frente a Penitenci\u00e1ria de Marilia"},"content":{"rendered":"<p style=\"text-align: justify;\"><strong>Jana\u00edna Fernanda Conc\u00f3rdia de 31 anos, moradora por muitos anos no Jardim Vera Cruz em Dracena,\u00a0 e o esposo Pastor da Igreja \u00c1gape de Tup\u00e3, Marcos Antonio Gon\u00e7alves Mendes de 49 anos morreram.<\/strong><\/p>\n<p><img loading=\"lazy\" decoding=\"async\" class=\"alignnone size-full wp-image-42517\" src=\"https:\/\/jorgezanoni.com.br\/2019\/wp-content\/uploads\/2021\/01\/page-2.jpg\" alt=\"\" width=\"404\" height=\"204\" srcset=\"https:\/\/jorgezanoni.com.br\/2019\/wp-content\/uploads\/2021\/01\/page-2.jpg 404w, https:\/\/jorgezanoni.com.br\/2019\/wp-content\/uploads\/2021\/01\/page-2-300x151.jpg 300w\" sizes=\"auto, (max-width: 404px) 100vw, 404px\" \/><\/p>\n<p style=\"text-align: justify;\">Morreu na madrugada deste s\u00e1bado, no Hospital das Cl\u00ednicas, a segunda v\u00edtima de um grave acidente ocorrido na noite de ontem, na SP-294, na sa\u00edda de Mar\u00edlia para Pompeia, pouco depois do pres\u00eddio.<\/p>\n<p style=\"text-align: justify;\">Pelo que foi apurado no local, chovia muito e o condutor do carro (um Renault Kwid) saiu para o acostamento e tentou fazer um retorno sobre a pista.<\/p>\n<p style=\"text-align: justify;\">Com o violento impacto, o pastor Marcos Mendes acabou morrendo no local. A esposa dele ainda foi socorrida com vida, mas acabou falecendo por volta das 2h, quando era atendida no setor de emerg\u00eancia do HC. Uma ocupante da caminhonete, uma mulher de 82 anos, sofreu ferimentos leves.<\/p>\n<p style=\"text-align: justify;\"><strong>Acidente teve consequ\u00eancias:<\/strong><\/p>\n<p style=\"text-align: justify;\">O motorista da outra caminhonete acabou invadindo o local do acidente, bateu no carro onde estava o casal e ainda atingiu um Bombeiro.<\/p>\n<p style=\"text-align: justify;\">O acidente mobilizou equipes de resgate e salvamento do Corpo de Bombeiros e da Concession\u00e1ria Eixo-SP, al\u00e9m da Pol\u00edcia Rodovi\u00e1ria Estadual.<\/p>\n<p style=\"text-align: justify;\">Durante o trabalho das equipes, o motorista de uma outra caminhonete, com placas de Oriente, n\u00e3o atendeu aos alertas dos funcion\u00e1rios da Eixo, que faziam a sinaliza\u00e7\u00e3o no local, e acabou batendo no carro onde estava o casal.<\/p>\n<p style=\"text-align: justify;\">Com o impacto, um dos bombeiros que ajudava no socorro \u00e0s v\u00edtimas acabou sendo atingido. Ele sofreu ferimentos leves em uma das pernas e foi socorrido ao HC.<\/p>\n<p style=\"text-align: justify;\">O Corpo de Janaina ser\u00e1 transladado para Vel\u00f3rio e Sepultamento no Memorial Vida Prev em Dracena. O esposo ser\u00e1 sepultado na cidade de Assis.<\/p>\n<p><img loading=\"lazy\" decoding=\"async\" class=\"alignnone size-full wp-image-42496\" src=\"https:\/\/jorgezanoni.com.br\/2019\/wp-content\/uploads\/2021\/01\/pastor2.jpg\" alt=\"\" width=\"1200\" height=\"539\" srcset=\"https:\/\/jorgezanoni.com.br\/2019\/wp-content\/uploads\/2021\/01\/pastor2.jpg 1200w, https:\/\/jorgezanoni.com.br\/2019\/wp-content\/uploads\/2021\/01\/pastor2-300x135.jpg 300w, https:\/\/jorgezanoni.com.br\/2019\/wp-content\/uploads\/2021\/01\/pastor2-1024x460.jpg 1024w, https:\/\/jorgezanoni.com.br\/2019\/wp-content\/uploads\/2021\/01\/pastor2-768x345.jpg 768w, https:\/\/jorgezanoni.com.br\/2019\/wp-content\/uploads\/2021\/01\/pastor2-696x313.jpg 696w, https:\/\/jorgezanoni.com.br\/2019\/wp-content\/uploads\/2021\/01\/pastor2-1068x480.jpg 1068w, https:\/\/jorgezanoni.com.br\/2019\/wp-content\/uploads\/2021\/01\/pastor2-935x420.jpg 935w\" sizes=\"auto, (max-width: 1200px) 100vw, 1200px\" \/> <img loading=\"lazy\" decoding=\"async\" class=\"alignnone size-full wp-image-42497\" src=\"https:\/\/jorgezanoni.com.br\/2019\/wp-content\/uploads\/2021\/01\/pastor3.jpg\" alt=\"\" width=\"1200\" height=\"568\" srcset=\"https:\/\/jorgezanoni.com.br\/2019\/wp-content\/uploads\/2021\/01\/pastor3.jpg 1200w, https:\/\/jorgezanoni.com.br\/2019\/wp-content\/uploads\/2021\/01\/pastor3-300x142.jpg 300w, https:\/\/jorgezanoni.com.br\/2019\/wp-content\/uploads\/2021\/01\/pastor3-1024x485.jpg 1024w, https:\/\/jorgezanoni.com.br\/2019\/wp-content\/uploads\/2021\/01\/pastor3-768x364.jpg 768w, https:\/\/jorgezanoni.com.br\/2019\/wp-content\/uploads\/2021\/01\/pastor3-696x329.jpg 696w, https:\/\/jorgezanoni.com.br\/2019\/wp-content\/uploads\/2021\/01\/pastor3-1068x506.jpg 1068w, https:\/\/jorgezanoni.com.br\/2019\/wp-content\/uploads\/2021\/01\/pastor3-887x420.jpg 887w\" sizes=\"auto, (max-width: 1200px) 100vw, 1200px\" \/> <img loading=\"lazy\" decoding=\"async\" class=\"alignnone size-full wp-image-42498\" src=\"https:\/\/jorgezanoni.com.br\/2019\/wp-content\/uploads\/2021\/01\/pastor4.jpg\" alt=\"\" width=\"1200\" height=\"568\" srcset=\"https:\/\/jorgezanoni.com.br\/2019\/wp-content\/uploads\/2021\/01\/pastor4.jpg 1200w, https:\/\/jorgezanoni.com.br\/2019\/wp-content\/uploads\/2021\/01\/pastor4-300x142.jpg 300w, https:\/\/jorgezanoni.com.br\/2019\/wp-content\/uploads\/2021\/01\/pastor4-1024x485.jpg 1024w, https:\/\/jorgezanoni.com.br\/2019\/wp-content\/uploads\/2021\/01\/pastor4-768x364.jpg 768w, https:\/\/jorgezanoni.com.br\/2019\/wp-content\/uploads\/2021\/01\/pastor4-696x329.jpg 696w, https:\/\/jorgezanoni.com.br\/2019\/wp-content\/uploads\/2021\/01\/pastor4-1068x506.jpg 1068w, https:\/\/jorgezanoni.com.br\/2019\/wp-content\/uploads\/2021\/01\/pastor4-887x420.jpg 887w\" sizes=\"auto, (max-width: 1200px) 100vw, 1200px\" \/> <img loading=\"lazy\" decoding=\"async\" class=\"alignnone size-full wp-image-42499\" src=\"https:\/\/jorgezanoni.com.br\/2019\/wp-content\/uploads\/2021\/01\/pastor5.jpg\" alt=\"\" width=\"1200\" height=\"615\" srcset=\"https:\/\/jorgezanoni.com.br\/2019\/wp-content\/uploads\/2021\/01\/pastor5.jpg 1200w, https:\/\/jorgezanoni.com.br\/2019\/wp-content\/uploads\/2021\/01\/pastor5-300x154.jpg 300w, https:\/\/jorgezanoni.com.br\/2019\/wp-content\/uploads\/2021\/01\/pastor5-1024x525.jpg 1024w, https:\/\/jorgezanoni.com.br\/2019\/wp-content\/uploads\/2021\/01\/pastor5-768x394.jpg 768w, https:\/\/jorgezanoni.com.br\/2019\/wp-content\/uploads\/2021\/01\/pastor5-696x357.jpg 696w, https:\/\/jorgezanoni.com.br\/2019\/wp-content\/uploads\/2021\/01\/pastor5-1068x547.jpg 1068w, https:\/\/jorgezanoni.com.br\/2019\/wp-content\/uploads\/2021\/01\/pastor5-820x420.jpg 820w\" sizes=\"auto, (max-width: 1200px) 100vw, 1200px\" \/> <img loading=\"lazy\" decoding=\"async\" class=\"alignnone size-full wp-image-42500\" src=\"https:\/\/jorgezanoni.com.br\/2019\/wp-content\/uploads\/2021\/01\/pastor6.jpg\" alt=\"\" width=\"1200\" height=\"552\" srcset=\"https:\/\/jorgezanoni.com.br\/2019\/wp-content\/uploads\/2021\/01\/pastor6.jpg 1200w, https:\/\/jorgezanoni.com.br\/2019\/wp-content\/uploads\/2021\/01\/pastor6-300x138.jpg 300w, https:\/\/jorgezanoni.com.br\/2019\/wp-content\/uploads\/2021\/01\/pastor6-1024x471.jpg 1024w, https:\/\/jorgezanoni.com.br\/2019\/wp-content\/uploads\/2021\/01\/pastor6-768x353.jpg 768w, https:\/\/jorgezanoni.com.br\/2019\/wp-content\/uploads\/2021\/01\/pastor6-696x320.jpg 696w, https:\/\/jorgezanoni.com.br\/2019\/wp-content\/uploads\/2021\/01\/pastor6-1068x491.jpg 1068w, https:\/\/jorgezanoni.com.br\/2019\/wp-content\/uploads\/2021\/01\/pastor6-913x420.jpg 913w\" sizes=\"auto, (max-width: 1200px) 100vw, 1200px\" \/>Fonte: Vis\u00e3o Not\u00edcias Marilia<\/p>\n","protected":false},"excerpt":{"rendered":"<p>Jana\u00edna Fernanda Conc\u00f3rdia de 31 anos, moradora por muitos anos no Jardim Vera Cruz em Dracena,\u00a0 e o esposo Pastor da Igreja \u00c1gape de Tup\u00e3, Marcos Antonio Gon\u00e7alves Mendes de 49 anos morreram. Morreu na madrugada deste s\u00e1bado, no Hospital das Cl\u00ednicas, a segunda v\u00edtima de um grave acidente ocorrido na noite de ontem, na [&hellip;]<\/p>\n","protected":false},"author":1,"featured_media":42518,"comment_status":"closed","ping_status":"open","sticky":false,"template":"","format":"standard","meta":{"footnotes":""},"categories":[170,110],"tags":[],"class_list":["post-42493","post","type-post","status-publish","format-standard","has-post-thumbnail","hentry","category-acidentes","category-noticiasdestaque"],"_links":{"self":[{"href":"https:\/\/jorgezanoni.com.br\/2019\/wp-json\/wp\/v2\/posts\/42493","targetHints":{"allow":["GET"]}}],"collection":[{"href":"https:\/\/jorgezanoni.com.br\/2019\/wp-json\/wp\/v2\/posts"}],"about":[{"href":"https:\/\/jorgezanoni.com.br\/2019\/wp-json\/wp\/v2\/types\/post"}],"author":[{"embeddable":true,"href":"https:\/\/jorgezanoni.com.br\/2019\/wp-json\/wp\/v2\/users\/1"}],"replies":[{"embeddable":true,"href":"https:\/\/jorgezanoni.com.br\/2019\/wp-json\/wp\/v2\/comments?post=42493"}],"version-history":[{"count":0,"href":"https:\/\/jorgezanoni.com.br\/2019\/wp-json\/wp\/v2\/posts\/42493\/revisions"}],"wp:featuredmedia":[{"embeddable":true,"href":"https:\/\/jorgezanoni.com.br\/2019\/wp-json\/wp\/v2\/media\/42518"}],"wp:attachment":[{"href":"https:\/\/jorgezanoni.com.br\/2019\/wp-json\/wp\/v2\/media?parent=42493"}],"wp:term":[{"taxonomy":"category","embeddable":true,"href":"https:\/\/jorgezanoni.com.br\/2019\/wp-json\/wp\/v2\/categories?post=42493"},{"taxonomy":"post_tag","embeddable":true,"href":"https:\/\/jorgezanoni.com.br\/2019\/wp-json\/wp\/v2\/tags?post=42493"}],"curies":[{"name":"wp","href":"https:\/\/api.w.org\/{rel}","templated":true}]}}