{"id":42484,"date":"2021-01-30T12:21:21","date_gmt":"2021-01-30T12:21:21","guid":{"rendered":"https:\/\/jorgezanoni.com.br\/2019\/?p=42484"},"modified":"2021-01-30T12:21:21","modified_gmt":"2021-01-30T12:21:21","slug":"morre-a-jornalista-mariza-buccironi-voluntaria-com-grande-atuacao-na-avapac-e-adrim","status":"publish","type":"post","link":"https:\/\/jorgezanoni.com.br\/2019\/morre-a-jornalista-mariza-buccironi-voluntaria-com-grande-atuacao-na-avapac-e-adrim\/","title":{"rendered":"Morre a jornalista Mariza Buccironi, volunt\u00e1ria com grande atua\u00e7\u00e3o na AVAPAC e ADRIM"},"content":{"rendered":"<p style=\"text-align: justify;\"><strong>A JORNALISTA MARIZA HELENA CORTEZI BUCCIRONI, UM GRANDE EXEMPLO DE VOLUNTARIADO COM ATUA\u00c7\u00c3O NA AVAPAC E ADRIM NOS DEIXOU NESSA MADRUGADA.<\/strong><\/p>\n<div class=\"o9v6fnle cxmmr5t8 oygrvhab hcukyx3x c1et5uql ii04i59q\" style=\"text-align: justify;\">\n<div dir=\"auto\">Nesta madrugada, Dracena perdeu um exemplo de voluntariado. Ap\u00f3s uma intensa luta contra a Covid-19 e suas complica\u00e7\u00f5es, faleceu a jornalista Mariza Helena Cortezi Buccironi, que foi fundadora e presidente da Avapac e da Adrim. Ainda atuou na \u00e1rea de comunica\u00e7\u00e3o no Jornal Regional.<\/div>\n<div dir=\"auto\"><\/div>\n<div dir=\"auto\">Mariza formou-se jornalista na d\u00e9cada de 1970. Veio para Dracena com a fam\u00edlia no in\u00edcio da d\u00e9cada de 1990 e teve ampla atua\u00e7\u00e3o na sociedade local, presidiu a Casa da Amizade do Rotary Dracena Imperial, ajudou a fundar a Associa\u00e7\u00e3o de Volunt\u00e1rios de Apoio ao Paciente de C\u00e2ncer (Avapac) em 1997, que tem liga\u00e7\u00e3o com a Funda\u00e7\u00e3o Amaral Carvalho de Ja\u00fa. Ocupou por v\u00e1rias vezes o cargo de presidente da associa\u00e7\u00e3o. Foi candidata ao cargo de vice-prefeita na elei\u00e7\u00e3o de 2008 com Rub\u00e3o Arruda. Em 2019 participou da funda\u00e7\u00e3o da Adrim &#8211; Associa\u00e7\u00e3o Dracenense dos Renais Cr\u00f4nicos, sendo sua primeira presidente. Participou das atividades das par\u00f3quias Nossa Senhora Aparecida e Nossa Senhora de F\u00e1tima.<\/div>\n<div dir=\"auto\"><\/div>\n<div dir=\"auto\">Mariza deixa o esposo M\u00e1rio Buccironi (presidente do PSDB), filhos Cristina e Guilherme, genro e nora e uma neta.<\/div>\n<div dir=\"auto\"><\/div>\n<div dir=\"auto\">O Vel\u00f3rio no Memorial VidaPrev acontece a partir das 10h30, com sepultamento \u00e0s 16 horas.<\/div>\n<div dir=\"auto\"><\/div>\n<\/div>\n<div class=\"o9v6fnle cxmmr5t8 oygrvhab hcukyx3x c1et5uql ii04i59q\" style=\"text-align: justify;\">\n<div dir=\"auto\"><strong>ESCLARECIMENTO SOBRE O VEL\u00d3RIO DA MARIZA BUCCIRONI<\/strong><\/div>\n<\/div>\n<div class=\"o9v6fnle cxmmr5t8 oygrvhab hcukyx3x c1et5uql ii04i59q\" style=\"text-align: justify;\">\n<div dir=\"auto\">Mariza Buccironi faleceu por fal\u00eancia m\u00faltipla de \u00f3rg\u00e3os. Ela ficou internada por 20 dias na UTI e passou o per\u00edodo de cont\u00e1gio da Covid. Um m\u00e9dico assinou declara\u00e7\u00e3o liberando a realiza\u00e7\u00e3o do vel\u00f3rio.<\/div>\n<\/div>\n<div class=\"o9v6fnle cxmmr5t8 oygrvhab hcukyx3x c1et5uql ii04i59q\">\n<div dir=\"auto\" style=\"text-align: justify;\">Esclarecimento da VIDAPREV<\/div>\n<\/div>\n<div dir=\"auto\"><\/div>\n<div dir=\"auto\" style=\"text-align: justify;\">O Site Jorge Zanoni se solidariza com a fam\u00edlia e grande legi\u00e3o de amigos e admiradores da Mariza neste momento t\u00e3o dif\u00edcil. Que Deus a recebe de bra\u00e7os abertos e d\u00ea o conforto aos familiares. For\u00e7a e F\u00e9!!!<\/div>\n<div dir=\"auto\"><\/div>\n<div dir=\"auto\"><strong>IMAGENS DA AVAPAC E ADRIM, COM MARIZA BUCCIRONI<\/strong><\/div>\n<div dir=\"auto\"><\/div>\n<div dir=\"auto\"><img loading=\"lazy\" decoding=\"async\" class=\"alignnone size-full wp-image-42485\" src=\"https:\/\/jorgezanoni.com.br\/2019\/wp-content\/uploads\/2021\/01\/ma.jpg\" alt=\"\" width=\"1102\" height=\"639\" srcset=\"https:\/\/jorgezanoni.com.br\/2019\/wp-content\/uploads\/2021\/01\/ma.jpg 1102w, https:\/\/jorgezanoni.com.br\/2019\/wp-content\/uploads\/2021\/01\/ma-300x174.jpg 300w, https:\/\/jorgezanoni.com.br\/2019\/wp-content\/uploads\/2021\/01\/ma-1024x594.jpg 1024w, https:\/\/jorgezanoni.com.br\/2019\/wp-content\/uploads\/2021\/01\/ma-768x445.jpg 768w, https:\/\/jorgezanoni.com.br\/2019\/wp-content\/uploads\/2021\/01\/ma-696x404.jpg 696w, https:\/\/jorgezanoni.com.br\/2019\/wp-content\/uploads\/2021\/01\/ma-1068x619.jpg 1068w, https:\/\/jorgezanoni.com.br\/2019\/wp-content\/uploads\/2021\/01\/ma-724x420.jpg 724w\" sizes=\"auto, (max-width: 1102px) 100vw, 1102px\" \/> <img loading=\"lazy\" decoding=\"async\" class=\"alignnone size-full wp-image-42486\" src=\"https:\/\/jorgezanoni.com.br\/2019\/wp-content\/uploads\/2021\/01\/ma1.jpg\" alt=\"\" width=\"1024\" height=\"486\" srcset=\"https:\/\/jorgezanoni.com.br\/2019\/wp-content\/uploads\/2021\/01\/ma1.jpg 1024w, https:\/\/jorgezanoni.com.br\/2019\/wp-content\/uploads\/2021\/01\/ma1-300x142.jpg 300w, https:\/\/jorgezanoni.com.br\/2019\/wp-content\/uploads\/2021\/01\/ma1-768x365.jpg 768w, https:\/\/jorgezanoni.com.br\/2019\/wp-content\/uploads\/2021\/01\/ma1-696x330.jpg 696w, https:\/\/jorgezanoni.com.br\/2019\/wp-content\/uploads\/2021\/01\/ma1-885x420.jpg 885w\" sizes=\"auto, (max-width: 1024px) 100vw, 1024px\" \/><img loading=\"lazy\" decoding=\"async\" class=\"alignnone size-full wp-image-42487\" src=\"https:\/\/jorgezanoni.com.br\/2019\/wp-content\/uploads\/2021\/01\/ma2.jpg\" alt=\"\" width=\"1024\" height=\"519\" srcset=\"https:\/\/jorgezanoni.com.br\/2019\/wp-content\/uploads\/2021\/01\/ma2.jpg 1024w, https:\/\/jorgezanoni.com.br\/2019\/wp-content\/uploads\/2021\/01\/ma2-300x152.jpg 300w, https:\/\/jorgezanoni.com.br\/2019\/wp-content\/uploads\/2021\/01\/ma2-768x389.jpg 768w, https:\/\/jorgezanoni.com.br\/2019\/wp-content\/uploads\/2021\/01\/ma2-696x353.jpg 696w, https:\/\/jorgezanoni.com.br\/2019\/wp-content\/uploads\/2021\/01\/ma2-829x420.jpg 829w\" sizes=\"auto, (max-width: 1024px) 100vw, 1024px\" \/> <img loading=\"lazy\" decoding=\"async\" class=\"alignnone size-full wp-image-42488\" src=\"https:\/\/jorgezanoni.com.br\/2019\/wp-content\/uploads\/2021\/01\/ma3.jpg\" alt=\"\" width=\"1024\" height=\"643\" srcset=\"https:\/\/jorgezanoni.com.br\/2019\/wp-content\/uploads\/2021\/01\/ma3.jpg 1024w, https:\/\/jorgezanoni.com.br\/2019\/wp-content\/uploads\/2021\/01\/ma3-300x188.jpg 300w, https:\/\/jorgezanoni.com.br\/2019\/wp-content\/uploads\/2021\/01\/ma3-768x482.jpg 768w, https:\/\/jorgezanoni.com.br\/2019\/wp-content\/uploads\/2021\/01\/ma3-696x437.jpg 696w, https:\/\/jorgezanoni.com.br\/2019\/wp-content\/uploads\/2021\/01\/ma3-669x420.jpg 669w\" sizes=\"auto, (max-width: 1024px) 100vw, 1024px\" \/> <img loading=\"lazy\" decoding=\"async\" class=\"alignnone size-full wp-image-42489\" src=\"https:\/\/jorgezanoni.com.br\/2019\/wp-content\/uploads\/2021\/01\/ma4.jpg\" alt=\"\" width=\"1024\" height=\"603\" srcset=\"https:\/\/jorgezanoni.com.br\/2019\/wp-content\/uploads\/2021\/01\/ma4.jpg 1024w, https:\/\/jorgezanoni.com.br\/2019\/wp-content\/uploads\/2021\/01\/ma4-300x177.jpg 300w, https:\/\/jorgezanoni.com.br\/2019\/wp-content\/uploads\/2021\/01\/ma4-768x452.jpg 768w, https:\/\/jorgezanoni.com.br\/2019\/wp-content\/uploads\/2021\/01\/ma4-696x410.jpg 696w, https:\/\/jorgezanoni.com.br\/2019\/wp-content\/uploads\/2021\/01\/ma4-713x420.jpg 713w\" sizes=\"auto, (max-width: 1024px) 100vw, 1024px\" \/> <img loading=\"lazy\" decoding=\"async\" class=\"alignnone size-full wp-image-42490\" src=\"https:\/\/jorgezanoni.com.br\/2019\/wp-content\/uploads\/2021\/01\/ma5.jpg\" alt=\"\" width=\"1763\" height=\"956\" srcset=\"https:\/\/jorgezanoni.com.br\/2019\/wp-content\/uploads\/2021\/01\/ma5.jpg 1763w, https:\/\/jorgezanoni.com.br\/2019\/wp-content\/uploads\/2021\/01\/ma5-300x163.jpg 300w, https:\/\/jorgezanoni.com.br\/2019\/wp-content\/uploads\/2021\/01\/ma5-1024x555.jpg 1024w, https:\/\/jorgezanoni.com.br\/2019\/wp-content\/uploads\/2021\/01\/ma5-768x416.jpg 768w, https:\/\/jorgezanoni.com.br\/2019\/wp-content\/uploads\/2021\/01\/ma5-1536x833.jpg 1536w, https:\/\/jorgezanoni.com.br\/2019\/wp-content\/uploads\/2021\/01\/ma5-696x377.jpg 696w, https:\/\/jorgezanoni.com.br\/2019\/wp-content\/uploads\/2021\/01\/ma5-1068x579.jpg 1068w, https:\/\/jorgezanoni.com.br\/2019\/wp-content\/uploads\/2021\/01\/ma5-775x420.jpg 775w\" sizes=\"auto, (max-width: 1763px) 100vw, 1763px\" \/>Fotos: Bastidores da Noticia<\/div>\n","protected":false},"excerpt":{"rendered":"<p>A JORNALISTA MARIZA HELENA CORTEZI BUCCIRONI, UM GRANDE EXEMPLO DE VOLUNTARIADO COM ATUA\u00c7\u00c3O NA AVAPAC E ADRIM NOS DEIXOU NESSA MADRUGADA. Nesta madrugada, Dracena perdeu um exemplo de voluntariado. Ap\u00f3s uma intensa luta contra a Covid-19 e suas complica\u00e7\u00f5es, faleceu a jornalista Mariza Helena Cortezi Buccironi, que foi fundadora e presidente da Avapac e da [&hellip;]<\/p>\n","protected":false},"author":1,"featured_media":42491,"comment_status":"closed","ping_status":"open","sticky":false,"template":"","format":"standard","meta":{"footnotes":""},"categories":[178,110],"tags":[],"class_list":["post-42484","post","type-post","status-publish","format-standard","has-post-thumbnail","hentry","category-notadefalecimento","category-noticiasdestaque"],"_links":{"self":[{"href":"https:\/\/jorgezanoni.com.br\/2019\/wp-json\/wp\/v2\/posts\/42484","targetHints":{"allow":["GET"]}}],"collection":[{"href":"https:\/\/jorgezanoni.com.br\/2019\/wp-json\/wp\/v2\/posts"}],"about":[{"href":"https:\/\/jorgezanoni.com.br\/2019\/wp-json\/wp\/v2\/types\/post"}],"author":[{"embeddable":true,"href":"https:\/\/jorgezanoni.com.br\/2019\/wp-json\/wp\/v2\/users\/1"}],"replies":[{"embeddable":true,"href":"https:\/\/jorgezanoni.com.br\/2019\/wp-json\/wp\/v2\/comments?post=42484"}],"version-history":[{"count":0,"href":"https:\/\/jorgezanoni.com.br\/2019\/wp-json\/wp\/v2\/posts\/42484\/revisions"}],"wp:featuredmedia":[{"embeddable":true,"href":"https:\/\/jorgezanoni.com.br\/2019\/wp-json\/wp\/v2\/media\/42491"}],"wp:attachment":[{"href":"https:\/\/jorgezanoni.com.br\/2019\/wp-json\/wp\/v2\/media?parent=42484"}],"wp:term":[{"taxonomy":"category","embeddable":true,"href":"https:\/\/jorgezanoni.com.br\/2019\/wp-json\/wp\/v2\/categories?post=42484"},{"taxonomy":"post_tag","embeddable":true,"href":"https:\/\/jorgezanoni.com.br\/2019\/wp-json\/wp\/v2\/tags?post=42484"}],"curies":[{"name":"wp","href":"https:\/\/api.w.org\/{rel}","templated":true}]}}