{"id":42479,"date":"2021-01-29T19:32:37","date_gmt":"2021-01-29T19:32:37","guid":{"rendered":"https:\/\/jorgezanoni.com.br\/2019\/?p=42479"},"modified":"2021-01-29T19:32:37","modified_gmt":"2021-01-29T19:32:37","slug":"policia-civil-esclarece-furto-em-residencia-e-recupera-objetos-subtraidos-em-santa-mercedes","status":"publish","type":"post","link":"https:\/\/jorgezanoni.com.br\/2019\/policia-civil-esclarece-furto-em-residencia-e-recupera-objetos-subtraidos-em-santa-mercedes\/","title":{"rendered":"Pol\u00edcia civil esclarece furto em resid\u00eancia e recupera objetos subtra\u00eddos em Santa Mercedes"},"content":{"rendered":"<p style=\"text-align: justify;\">POL\u00cdCIA CIVIL ESCLARECE FURTO EM RESID\u00caNCIA E RECUPERA OBJETOS SUBTRA\u00cdDOS EM SANTA MERCEDES<\/p>\n<p style=\"text-align: justify;\">Agentes da Delegacia de Pol\u00edcia de Santa Mercedes recuperaram uma m\u00e1quina ro\u00e7adeira e uma m\u00e1quina pulverizadora, objetos foram devolvidos \u00e0 v\u00edtima.<\/p>\n<p style=\"text-align: justify;\">\nA Pol\u00edcia Civil, por interm\u00e9dio da Delegacia de Pol\u00edcia de Santa Mercedes, esclareceu nesta quinta-feira (28), um furto registrado no final no m\u00eas dezembro de 2020, em uma resid\u00eancia localizada na regi\u00e3o central do munic\u00edpio.<\/p>\n<p style=\"text-align: justify;\">O trabalho investigativo visando o esclarecimento do fato e recupera\u00e7\u00e3o do material furtado vinha sendo realizado desde o registro da ocorr\u00eancia e, nesta quinta-feira (28), agentes da Delegacia de Pol\u00edcia de Santa Mercedes, com apoio operacional da Pol\u00edcia Militar, conseguiram localizar e recuperar os dois objetos do furto. A m\u00e1quina ro\u00e7adeira foi localizada em posse de terceiro no Distrito de Terra Nova do Oeste, no munic\u00edpio de Santa Mercedes e a m\u00e1quina pulverizadora foi encontrada com pessoa moradora no Assentamento Nova Vila, no munic\u00edpio Guara\u00e7a\u00ed-SP. A m\u00e1quina pulverizadora, que era origin\u00e1ria da cor verde, foi supostamente repintada na cor preta, como forma de dificultar um futuro reconhecimento do objeto, por parte da Pol\u00edcia e do legitimo propriet\u00e1rio.<\/p>\n<p style=\"text-align: justify;\">Um homem de 47 anos, morador de Santa Mercedes, foi identificado e est\u00e1 sendo investigado como suspeito da autoria do furto, ele ser\u00e1 ouvido e poder\u00e1 ser indiciado no curso do inqu\u00e9rito policial instaurado, bem como ser\u00e3o analisadas as eventuais participa\u00e7\u00f5es de terceiros em rela\u00e7\u00e3o ao crime de recepta\u00e7\u00e3o. Os bens recuperados j\u00e1 foram entregues \u00e0 v\u00edtima.<\/p>\n<p><img loading=\"lazy\" decoding=\"async\" class=\"alignnone size-full wp-image-42481\" src=\"https:\/\/jorgezanoni.com.br\/2019\/wp-content\/uploads\/2021\/01\/sta-mer.jpg\" alt=\"\" width=\"1280\" height=\"745\" srcset=\"https:\/\/jorgezanoni.com.br\/2019\/wp-content\/uploads\/2021\/01\/sta-mer.jpg 1280w, https:\/\/jorgezanoni.com.br\/2019\/wp-content\/uploads\/2021\/01\/sta-mer-300x175.jpg 300w, https:\/\/jorgezanoni.com.br\/2019\/wp-content\/uploads\/2021\/01\/sta-mer-1024x596.jpg 1024w, https:\/\/jorgezanoni.com.br\/2019\/wp-content\/uploads\/2021\/01\/sta-mer-768x447.jpg 768w, https:\/\/jorgezanoni.com.br\/2019\/wp-content\/uploads\/2021\/01\/sta-mer-696x405.jpg 696w, https:\/\/jorgezanoni.com.br\/2019\/wp-content\/uploads\/2021\/01\/sta-mer-1068x622.jpg 1068w, https:\/\/jorgezanoni.com.br\/2019\/wp-content\/uploads\/2021\/01\/sta-mer-722x420.jpg 722w\" sizes=\"auto, (max-width: 1280px) 100vw, 1280px\" \/><\/p>\n<p style=\"text-align: justify;\">Fonte: Com. Social Pol\u00edcia Civil<\/p>\n","protected":false},"excerpt":{"rendered":"<p>POL\u00cdCIA CIVIL ESCLARECE FURTO EM RESID\u00caNCIA E RECUPERA OBJETOS SUBTRA\u00cdDOS EM SANTA MERCEDES Agentes da Delegacia de Pol\u00edcia de Santa Mercedes recuperaram uma m\u00e1quina ro\u00e7adeira e uma m\u00e1quina pulverizadora, objetos foram devolvidos \u00e0 v\u00edtima. A Pol\u00edcia Civil, por interm\u00e9dio da Delegacia de Pol\u00edcia de Santa Mercedes, esclareceu nesta quinta-feira (28), um furto registrado no final [&hellip;]<\/p>\n","protected":false},"author":1,"featured_media":42480,"comment_status":"closed","ping_status":"open","sticky":false,"template":"","format":"standard","meta":{"footnotes":""},"categories":[110,2],"tags":[],"class_list":["post-42479","post","type-post","status-publish","format-standard","has-post-thumbnail","hentry","category-noticiasdestaque","category-policial"],"_links":{"self":[{"href":"https:\/\/jorgezanoni.com.br\/2019\/wp-json\/wp\/v2\/posts\/42479","targetHints":{"allow":["GET"]}}],"collection":[{"href":"https:\/\/jorgezanoni.com.br\/2019\/wp-json\/wp\/v2\/posts"}],"about":[{"href":"https:\/\/jorgezanoni.com.br\/2019\/wp-json\/wp\/v2\/types\/post"}],"author":[{"embeddable":true,"href":"https:\/\/jorgezanoni.com.br\/2019\/wp-json\/wp\/v2\/users\/1"}],"replies":[{"embeddable":true,"href":"https:\/\/jorgezanoni.com.br\/2019\/wp-json\/wp\/v2\/comments?post=42479"}],"version-history":[{"count":0,"href":"https:\/\/jorgezanoni.com.br\/2019\/wp-json\/wp\/v2\/posts\/42479\/revisions"}],"wp:featuredmedia":[{"embeddable":true,"href":"https:\/\/jorgezanoni.com.br\/2019\/wp-json\/wp\/v2\/media\/42480"}],"wp:attachment":[{"href":"https:\/\/jorgezanoni.com.br\/2019\/wp-json\/wp\/v2\/media?parent=42479"}],"wp:term":[{"taxonomy":"category","embeddable":true,"href":"https:\/\/jorgezanoni.com.br\/2019\/wp-json\/wp\/v2\/categories?post=42479"},{"taxonomy":"post_tag","embeddable":true,"href":"https:\/\/jorgezanoni.com.br\/2019\/wp-json\/wp\/v2\/tags?post=42479"}],"curies":[{"name":"wp","href":"https:\/\/api.w.org\/{rel}","templated":true}]}}